{"id":359850,"date":"2025-09-02T03:41:10","date_gmt":"2025-09-02T03:41:10","guid":{"rendered":"https:\/\/www.europesays.com\/fr\/359850\/"},"modified":"2025-09-02T03:41:10","modified_gmt":"2025-09-02T03:41:10","slug":"le-complexe-sportif-scaglia-poursuit-sa-transformation-a-la-seyne","status":"publish","type":"post","link":"https:\/\/www.europesays.com\/fr\/359850\/","title":{"rendered":"Le complexe sportif Scaglia poursuit sa transformation \u00e0 La Seyne"},"content":{"rendered":"<p>Cr\u00e9\u00e9 en 1950, le \u00ab\u00a0temple\u00a0\u00bb du sport seynois avait besoin d\u2019un s\u00e9rieux lifting. Apr\u00e8s plusieurs ann\u00e9es d\u2019\u00e9tudes, un plan de r\u00e9novation complet du complexe Antoine-Scaglia a \u00e9t\u00e9 \u00e9labor\u00e9. Il pr\u00e9voit la r\u00e9fection d\u2019une partie des installations existantes, l\u2019implantation de nouveaux \u00e9quipements ainsi qu\u2019un r\u00e9am\u00e9nagement du site.<\/p>\n<p>Depuis pr\u00e8s de deux ans, une premi\u00e8re phase de travaux a \u00e9t\u00e9 r\u00e9alis\u00e9e, avec la reprise compl\u00e8te des \u00e9clairages (pass\u00e9s en Led), la r\u00e9fection de la tribune et le changement des vieux pr\u00e9fabriqu\u00e9s (remplac\u00e9s par de nouveaux b\u00e2timents modulaires qui h\u00e9bergent trois clubs r\u00e9sidents). Et cette semaine est lanc\u00e9e la deuxi\u00e8me phase du chantier.<\/p>\n<p>Les nouveaux \u00e9quipements<\/p>\n<p>Durant les huit mois \u00e0 venir, il va donc \u00eatre proc\u00e9d\u00e9 au changement de la pelouse synth\u00e9tique \u2013 tr\u00e8s d\u00e9grad\u00e9e \u2013 du stade Valentini. Derri\u00e8re cet espace d\u00e9di\u00e9 au foot, un terrain de futsal va \u00eatre install\u00e9 afin de r\u00e9pondre au d\u00e9veloppement de cette discipline. Mis \u00e0 la disposition des clubs, l\u2019\u00e9quipement devrait pouvoir \u00eatre utilis\u00e9 aussi par le grand public.<\/p>\n<p>\u00c0 proximit\u00e9, un pumptrack (piste avec bosses et virages relev\u00e9s pour les VTT et BMX) va voir le jour, en lieu et place des anciens terrains de basket-ball. Les amateurs de dribbles, dunks et autres lancers francs pourront, eux, profiter de cinq nouveaux terrains de basket 3 x 3 qui vont \u00eatre install\u00e9s sur deux des quatre courts de tennis existants (les deux autres seront conserv\u00e9s).<\/p>\n<p>Une aire de d\u00e9tente et un parvis tout neuf<\/p>\n<p>Autre am\u00e9nagement annonc\u00e9: la cr\u00e9ation d\u2019une aire de d\u00e9tente sur la partie du complexe situ\u00e9e au-dessus de la tribune, qui \u00e9tait sous-utilis\u00e9e jusqu\u2019\u00e0 pr\u00e9sent. Ici vont \u00eatre mis en place des terrains de p\u00e9tanque, des tables de ping-pong et des tables de pique-nique, ainsi que des aires de jeux pour les enfants.<\/p>\n<p>Dans la continuit\u00e9, le parvis du gymnase Baquet va \u00eatre r\u00e9habilit\u00e9: r\u00e9alis\u00e9 en bois, il sera v\u00e9g\u00e9talis\u00e9, accueillera des bancs int\u00e9gr\u00e9s dans les jardini\u00e8res, ainsi qu\u2019une estrade et des gradins en surplomb de cette \u00ab\u00a0place\u00a0\u00bb publique. Au final, la volont\u00e9 de la municipalit\u00e9 est que le complexe sportif Antoine-Scaglia devienne un espace ouvert \u00e0 la pratique libre o\u00f9 se c\u00f4toieront seniors, adolescents et sportifs actifs dans un lieu r\u00e9glement\u00e9 et s\u00e9curis\u00e9, dot\u00e9 d\u2019\u00e9quipements modernes.<\/p>\n<p>C\u2019est donc parti pour huit mois de travaux car, sauf al\u00e9as de chantier, le chantier devrait s\u2019achever fin avril 2026.<\/p>\n<p>Un projet \u00e0 3 millions<\/p>\n<p>Le co\u00fbt total de ce projet se monte \u00e0 3,1 millions d\u2019euros (2,7 millions pour les \u00e9quipements et 400.000 pour l\u2019acquisition des nouveaux b\u00e2timents modulaires). Pr\u00e8s d\u2019un tiers de la somme globale provient de l\u2019Europe: 1 million attribu\u00e9 au travers du dispositif Iti Feder. S\u2019y ajoute une kyrielle de subventions: 300.000 euros du D\u00e9partement, 160.000 euros du Fonds d\u2019investissement cantonal, 116.000 euros de l\u2019Agence nationale du sport, 4.000 euros au titre du m\u00e9c\u00e9nat, apport\u00e9s notamment par le magasin E.Leclerc des Sablettes.<\/p>\n<p>Au final, gr\u00e2ce \u00e0 toutes ces participations, le reste \u00e0 charge de la commune s\u2019\u00e9l\u00e8ve \u00e0 environ 1,5 million d\u2019euros.<\/p>\n<p>Des restrictions pour les automobilistes<\/p>\n<p>              <img ci-src=\"https:\/\/www.varmatin.com\/vie-locale\/protec\/DATA_ART_16168205-wxq9WLkN.jpg?vh=9b442d&amp;ci_seal=27ca862900\" alt=\"\"\/><br \/>\n        Depuis lundi, l\u2019acc\u00e8s au complexe est interdit \u00e0 tous v\u00e9hicules.  <strong>Photo M. G..<\/strong> <\/p>\n<p>Le lancement de la deuxi\u00e8me phase de travaux sur le complexe sportif engendre des cons\u00e9quences sur la circulation et le stationnement. La Ville indique \u00e0 ce propos que, \u00e0 la demande des entreprises intervenant sur le chantier, pour des raisons de s\u00e9curit\u00e9 et d\u2019accessibilit\u00e9, l\u2019ensemble du complexe est interdit \u00e0 la circulation et au stationnement pour tous les v\u00e9hicules. Pour ces m\u00eames raisons, le stationnement sera interdit sur les parkings situ\u00e9s c\u00f4t\u00e9 rue Jules-Guesde (derri\u00e8re les Restos du c\u0153ur) et c\u00f4t\u00e9 chemin de La Seyne \u00e0 Bastian (derri\u00e8re le gymnase Baquet), et ce durant toute la dur\u00e9e de l&rsquo;op\u00e9ration, a priori jusqu\u2019\u00e0 fin avril 2026.<\/p>\n","protected":false},"excerpt":{"rendered":"Cr\u00e9\u00e9 en 1950, le \u00ab\u00a0temple\u00a0\u00bb du sport seynois avait besoin d\u2019un s\u00e9rieux lifting. Apr\u00e8s plusieurs ann\u00e9es d\u2019\u00e9tudes, un&hellip;\n","protected":false},"author":2,"featured_media":359851,"comment_status":"","ping_status":"","sticky":false,"template":"","format":"standard","meta":{"footnotes":""},"categories":[9619],"tags":[1111,11,1777,674,1011,27,12,882,25,2310,3366],"class_list":{"0":"post-359850","1":"post","2":"type-post","3":"status-publish","4":"format-standard","5":"has-post-thumbnail","7":"category-toulon","8":"tag-actu","9":"tag-actualites","10":"tag-eu","11":"tag-europe","12":"tag-fr","13":"tag-france","14":"tag-news","15":"tag-provence-alpes-cote-dazur","16":"tag-republique-francaise","17":"tag-toulon","18":"tag-vie-locale"},"share_on_mastodon":{"url":"https:\/\/pubeurope.com\/@fr\/115132634476874904","error":""},"_links":{"self":[{"href":"https:\/\/www.europesays.com\/fr\/wp-json\/wp\/v2\/posts\/359850","targetHints":{"allow":["GET"]}}],"collection":[{"href":"https:\/\/www.europesays.com\/fr\/wp-json\/wp\/v2\/posts"}],"about":[{"href":"https:\/\/www.europesays.com\/fr\/wp-json\/wp\/v2\/types\/post"}],"author":[{"embeddable":true,"href":"https:\/\/www.europesays.com\/fr\/wp-json\/wp\/v2\/users\/2"}],"replies":[{"embeddable":true,"href":"https:\/\/www.europesays.com\/fr\/wp-json\/wp\/v2\/comments?post=359850"}],"version-history":[{"count":0,"href":"https:\/\/www.europesays.com\/fr\/wp-json\/wp\/v2\/posts\/359850\/revisions"}],"wp:featuredmedia":[{"embeddable":true,"href":"https:\/\/www.europesays.com\/fr\/wp-json\/wp\/v2\/media\/359851"}],"wp:attachment":[{"href":"https:\/\/www.europesays.com\/fr\/wp-json\/wp\/v2\/media?parent=359850"}],"wp:term":[{"taxonomy":"category","embeddable":true,"href":"https:\/\/www.europesays.com\/fr\/wp-json\/wp\/v2\/categories?post=359850"},{"taxonomy":"post_tag","embeddable":true,"href":"https:\/\/www.europesays.com\/fr\/wp-json\/wp\/v2\/tags?post=359850"}],"curies":[{"name":"wp","href":"https:\/\/api.w.org\/{rel}","templated":true}]}}