{"id":359854,"date":"2025-09-02T03:43:30","date_gmt":"2025-09-02T03:43:30","guid":{"rendered":"https:\/\/www.europesays.com\/fr\/359854\/"},"modified":"2025-09-02T03:43:30","modified_gmt":"2025-09-02T03:43:30","slug":"15-ans-15e-et-des-animations-de-dingue","status":"publish","type":"post","link":"https:\/\/www.europesays.com\/fr\/359854\/","title":{"rendered":"15 ans, 15\u20ac, et des animations de dingue"},"content":{"rendered":"<p class=\"p3\">Pour l\u2019occasion, la salle de spectacle propose une <b>soir\u00e9e \u00e9lectro<\/b> \u00e0 un tarif symbolique de <b>15 \u20ac avec un <\/b>programme musical haut en couleur. La soir\u00e9e mettra \u00e0 l\u2019honneur quatre artistes de la sc\u00e8ne \u00e9lectronique fran\u00e7aise : <strong>Kungs, Agoria B2B Notre Dame, Cosmic Boys et Joachim Pastor.<\/strong><\/p>\n<p class=\"p3\">En plus des concerts, la soir\u00e9e d\u2019anniversaire proposera des <b>animations<\/b> pour prolonger l\u2019ambiance festive. Au programme :<\/p>\n<ul class=\"ul1\">\n<li class=\"li3\"><b>Flash tattoo<\/b> avec @inocent_kidd<\/li>\n<li class=\"li3\"><b>Fripe et v\u00eatements vintage<\/b> avec @oldopevintage<\/li>\n<li class=\"li3\"><b>Bar \u00e0 paillettes<\/b> avec @alma.p.makeup<\/li>\n<\/ul>\n<p class=\"p3\">Cet \u00e9v\u00e9nement est une occasion unique de c\u00e9l\u00e9brer l\u2019anniversaire de la Sud de France Arena dans une ambiance festive et \u00e0 un prix exceptionnel. Les billets sont en vente sur le site officiel de la salle.<\/p>\n<p class=\"p4\"><b>Tarif exceptionnel\u00a0: 15 ans, 15\u20ac le billet d\u2019entr\u00e9e (places limit\u00e9es)<\/b>. <b>Billetterie en ligne : <\/b><a href=\"https:\/\/www.suddefrance-arena.com\/\" rel=\"nofollow noopener\" target=\"_blank\"><b>www.suddefrance-arena.com<\/b><b\/><\/a><\/p>\n<p><b>15 ans d\u2019histoire<\/b><\/p>\n<p class=\"p3\">Inaugur\u00e9e en 2010, la Sud de France Arena s\u2019est rapidement impos\u00e9e comme une r\u00e9f\u00e9rence culturelle et sportive dans la r\u00e9gion Occitanie. Elle a accueilli plus de <b>3 millions de spectateurs<\/b> et pr\u00e8s de <b>300 \u00e9v\u00e9nements<\/b>, incluant des concerts de stars internationales (Beyonc\u00e9, Sting) et des comp\u00e9titions sportives d\u2019envergure (championnats du monde de handball et de gymnastique).<\/p>\n<p class=\"p3\">Avec une programmation 2025 d\u00e9j\u00e0 impressionnante, la salle confirme son r\u00f4le majeur dans la vie culturelle de Montpellier et de ses environs.<\/p>\n<p><strong>\ud83d\udc4b\u00a0 Vivez ce moment exceptionnel en direct <\/strong>sur vos \u00e9crans ! Connectez-vous sur le compte Instagram de <a href=\"https:\/\/www.instagram.com\/claapfr\/\" rel=\"nofollow noopener\" target=\"_blank\">Claap Montpellier <\/a>partenaire de l\u2019\u00e9v\u00e8nement \ud83d\udc4d<\/p>\n<p>\u00a0<\/p>\n<blockquote class=\"instagram-media\" style=\"background: #FFF; border: 0; border-radius: 3px; box-shadow: 0 0 1px 0 rgba(0,0,0,0.5),0 1px 10px 0 rgba(0,0,0,0.15); margin: 1px; max-width: 540px; min-width: 326px; padding: 0; width: calc(100% - 2px);\" data-instgrm-permalink=\"https:\/\/www.instagram.com\/p\/DKjTeVvtRoh\/?utm_source=ig_embed&amp;utm_campaign=loading\" data-instgrm-version=\"14\">\n<\/blockquote>\n<p>\t\t\t\t\t\t\t\t\t\t\t\t\t\t\t<script async src=\"\/\/www.instagram.com\/embed.js\"><\/script><\/p>\n","protected":false},"excerpt":{"rendered":"Pour l\u2019occasion, la salle de spectacle propose une soir\u00e9e \u00e9lectro \u00e0 un tarif symbolique de 15 \u20ac avec&hellip;\n","protected":false},"author":2,"featured_media":359855,"comment_status":"","ping_status":"","sticky":false,"template":"","format":"standard","meta":{"footnotes":""},"categories":[9599],"tags":[1111,11,1777,674,1011,27,2208,12,2680,25],"class_list":{"0":"post-359854","1":"post","2":"type-post","3":"status-publish","4":"format-standard","5":"has-post-thumbnail","7":"category-montpellier","8":"tag-actu","9":"tag-actualites","10":"tag-eu","11":"tag-europe","12":"tag-fr","13":"tag-france","14":"tag-montpellier","15":"tag-news","16":"tag-occitanie","17":"tag-republique-francaise"},"share_on_mastodon":{"url":"https:\/\/pubeurope.com\/@fr\/115132642363464171","error":""},"_links":{"self":[{"href":"https:\/\/www.europesays.com\/fr\/wp-json\/wp\/v2\/posts\/359854","targetHints":{"allow":["GET"]}}],"collection":[{"href":"https:\/\/www.europesays.com\/fr\/wp-json\/wp\/v2\/posts"}],"about":[{"href":"https:\/\/www.europesays.com\/fr\/wp-json\/wp\/v2\/types\/post"}],"author":[{"embeddable":true,"href":"https:\/\/www.europesays.com\/fr\/wp-json\/wp\/v2\/users\/2"}],"replies":[{"embeddable":true,"href":"https:\/\/www.europesays.com\/fr\/wp-json\/wp\/v2\/comments?post=359854"}],"version-history":[{"count":0,"href":"https:\/\/www.europesays.com\/fr\/wp-json\/wp\/v2\/posts\/359854\/revisions"}],"wp:featuredmedia":[{"embeddable":true,"href":"https:\/\/www.europesays.com\/fr\/wp-json\/wp\/v2\/media\/359855"}],"wp:attachment":[{"href":"https:\/\/www.europesays.com\/fr\/wp-json\/wp\/v2\/media?parent=359854"}],"wp:term":[{"taxonomy":"category","embeddable":true,"href":"https:\/\/www.europesays.com\/fr\/wp-json\/wp\/v2\/categories?post=359854"},{"taxonomy":"post_tag","embeddable":true,"href":"https:\/\/www.europesays.com\/fr\/wp-json\/wp\/v2\/tags?post=359854"}],"curies":[{"name":"wp","href":"https:\/\/api.w.org\/{rel}","templated":true}]}}