{"id":359856,"date":"2025-09-02T03:44:11","date_gmt":"2025-09-02T03:44:11","guid":{"rendered":"https:\/\/www.europesays.com\/fr\/359856\/"},"modified":"2025-09-02T03:44:11","modified_gmt":"2025-09-02T03:44:11","slug":"de-lart-de-la-rue-pour-celebrer-lanniversaire-de-boutentrain","status":"publish","type":"post","link":"https:\/\/www.europesays.com\/fr\/359856\/","title":{"rendered":"De l\u2019art de la rue pour c\u00e9l\u00e9brer l\u2019anniversaire de Bout\u2019Entrain"},"content":{"rendered":"<p>\n                                                                L\u2019association pr\u00e9pare son trentenaire en fanfare samedi 6 septembre.\n                            <\/p>\n<p>L\u2019association de quartier Bout\u2019Entrain f\u00eate ses trente ans, le samedi 6 septembre, \u00e0 11 h au 13, rue Abb\u00e9-de-l\u2019Ep\u00e9e avec une invitation artistique des plus originales.<\/p>\n<p>C\u2019est une formidable initiative pour les habitants qui ne demandent qu\u2019\u00e0 se retrouver pour des moments partag\u00e9s. La vie de l\u2019association a \u00ab\u00a0connu une p\u00e9riode de vrai creux, c\u2019est sans doute le cycle normal de la vie associative\u00a0\u00bb , t\u00e9moigne Sylvie, b\u00e9n\u00e9vole depuis vingt ans.<\/p>\n<p>Mais depuis 2022, les initiatives de la nouvelle \u00e9quipe sont nombreuses : carnaval, vide-greniers, repas et journal de quartier, concours de soupes et cocktails\u2026 Un r\u00e9el dynamisme associatif pour le bonheur de tous. De quoi profiter de ce joyeux anniversaire pour sortir de chez soi et d\u00e9couvrir la compagnie La Hurlante invit\u00e9e pour jouer sa cr\u00e9ation Les Ailes de Caroline Cano. Un th\u00e9\u00e2tre en d\u00e9ambulation qui \u00ab\u00a0questionne les liens entre les habitantes d\u2019une m\u00eame rue, leur intimit\u00e9, leurs envies de d\u00e9part ou d\u2019enracinement\u00a0\u00bb, indiquent les organisateurs. \u00ab\u00a0Les Ailes raconte le parcours de sept femmes qui habitent ou travaillent dans la m\u00eame rue. Elles ont en commun un \u00e9v\u00e9nement qui a bouscul\u00e9 leur quotidien. Une voisine, Marl\u00e8ne, a d\u00e9cid\u00e9 de dispara\u00eetre volontairement. Volatilis\u00e9e. Chacune pose un regard sur sa vie dans ce quartier et se raconte au gr\u00e9 de ses allers-retours entre chez elle, le pas de la porte, le balcon et le trottoir.\u00a0\u00bb Un tr\u00e8s bon choix de la part de Bout\u2019Entrain qui conna\u00eet bien son quartier village et ses habitants.<\/p>\n<p>Une cr\u00e9ation qui pourrait faire \u00e9cho et amuser ou faire r\u00e9fl\u00e9chir petits et grands.<\/p>\n<p>(*) Boutentrain\/facebook. Contact : <a href=\"https:\/\/www.midilibre.fr\/2025\/09\/02\/mailto:assoboutentrain@gmail.com\" rel=\"nofollow noopener\" target=\"_blank\">assoboutentrain@gmail.com<\/a>.<\/p>\n<p>Correspondante : 07 86 12 64 91<\/p>\n","protected":false},"excerpt":{"rendered":"L\u2019association pr\u00e9pare son trentenaire en fanfare samedi 6 septembre. L\u2019association de quartier Bout\u2019Entrain f\u00eate ses trente ans, le&hellip;\n","protected":false},"author":2,"featured_media":359857,"comment_status":"","ping_status":"","sticky":false,"template":"","format":"standard","meta":{"footnotes":""},"categories":[9599],"tags":[1111,11,1777,674,1011,27,2208,12,2680,25],"class_list":{"0":"post-359856","1":"post","2":"type-post","3":"status-publish","4":"format-standard","5":"has-post-thumbnail","7":"category-montpellier","8":"tag-actu","9":"tag-actualites","10":"tag-eu","11":"tag-europe","12":"tag-fr","13":"tag-france","14":"tag-montpellier","15":"tag-news","16":"tag-occitanie","17":"tag-republique-francaise"},"share_on_mastodon":{"url":"https:\/\/pubeurope.com\/@fr\/115132646180165825","error":""},"_links":{"self":[{"href":"https:\/\/www.europesays.com\/fr\/wp-json\/wp\/v2\/posts\/359856","targetHints":{"allow":["GET"]}}],"collection":[{"href":"https:\/\/www.europesays.com\/fr\/wp-json\/wp\/v2\/posts"}],"about":[{"href":"https:\/\/www.europesays.com\/fr\/wp-json\/wp\/v2\/types\/post"}],"author":[{"embeddable":true,"href":"https:\/\/www.europesays.com\/fr\/wp-json\/wp\/v2\/users\/2"}],"replies":[{"embeddable":true,"href":"https:\/\/www.europesays.com\/fr\/wp-json\/wp\/v2\/comments?post=359856"}],"version-history":[{"count":0,"href":"https:\/\/www.europesays.com\/fr\/wp-json\/wp\/v2\/posts\/359856\/revisions"}],"wp:featuredmedia":[{"embeddable":true,"href":"https:\/\/www.europesays.com\/fr\/wp-json\/wp\/v2\/media\/359857"}],"wp:attachment":[{"href":"https:\/\/www.europesays.com\/fr\/wp-json\/wp\/v2\/media?parent=359856"}],"wp:term":[{"taxonomy":"category","embeddable":true,"href":"https:\/\/www.europesays.com\/fr\/wp-json\/wp\/v2\/categories?post=359856"},{"taxonomy":"post_tag","embeddable":true,"href":"https:\/\/www.europesays.com\/fr\/wp-json\/wp\/v2\/tags?post=359856"}],"curies":[{"name":"wp","href":"https:\/\/api.w.org\/{rel}","templated":true}]}}