{"id":359861,"date":"2025-09-02T03:51:21","date_gmt":"2025-09-02T03:51:21","guid":{"rendered":"https:\/\/www.europesays.com\/fr\/359861\/"},"modified":"2025-09-02T03:51:21","modified_gmt":"2025-09-02T03:51:21","slug":"mercato-rennes-officialise-les-departs-de-rieder-james-salah-faye-et-sishuba","status":"publish","type":"post","link":"https:\/\/www.europesays.com\/fr\/359861\/","title":{"rendered":"Mercato : Rennes officialise les d\u00e9parts de Rieder, James, Salah, Faye et Sishuba"},"content":{"rendered":"<p>                            Mercato\u00a0: Rennes officialise les d\u00e9parts de Rieder, James, Salah, Faye et Sishuba<\/p>\n<p><img decoding=\"async\" src=\"https:\/\/www.europesays.com\/fr\/wp-content\/uploads\/2025\/09\/salah-6.jpg\" class=\"adapt-img spip_logo\" width=\"960\" height=\"720\" alt=\"Mercato : Rennes officialise les d\u00e9parts de Rieder, James, Salah, Faye et Sishuba\"   fetchpriority=\"high\" \/><\/p>\n<p><strong>Le Stade rennais a annonc\u00e9 les d\u00e9parts de trois joueurs ce lundi : Fabian Rieder et Ibrahim Salah transf\u00e9r\u00e9s, Ayanda Sishuba et Mikayil pr\u00eat\u00e9s.<\/strong><\/p>\n<p>Dernier jour de mercato et derni\u00e8re vague de d\u00e9parts au Stade rennais\u00a0! Ce lundi, en attendant la probable signature de Breel Embolo, le club breton a annonc\u00e9 les d\u00e9parts de trois joueurs.<\/p>\n<p>Arriv\u00e9 cet hiver, Ayanda Sishuba va rejoindre en pr\u00eat, sans option d\u2019achat, le seul club contre lequel il a port\u00e9 les couleurs rennaises (2 minutes)\u00a0: Montpellier, rel\u00e9gu\u00e9 en Ligue 2.<\/p>\n<p>Mikayil Faye est aussi pr\u00eat\u00e9, en Serie A, \u00e0 Cremonese. Ce pr\u00eat s\u2019accompagne d\u2019une option d\u2019achat. M\u00eame formule pour Jordan James, pr\u00eat\u00e9 avec option d\u2019achat \u00e0 Leicester.<\/p>\n<p>Ibrahim Salah quitte lui d\u00e9finitivement le SRFC pour rejoindre le FC B\u00e2le, pour un accord estim\u00e9 \u00e0 2 millions d\u2019euros pour l\u2019attaquant arriv\u00e9 il y a deux ans et demi, et pr\u00eat\u00e9 la saison derni\u00e8re \u00e0 Brest.<\/p>\n<p>Enfin, pr\u00eat\u00e9 la saison derni\u00e8re \u00e0 Stuttgart, utilis\u00e9 en pr\u00e9paration et en d\u00e9but de saison, Fabian Rieder s\u2019en va lui aussi, pour Augsburg. Le transfert est estim\u00e9 \u00e0 10 millions d\u2019euros.<\/p>\n","protected":false},"excerpt":{"rendered":"Mercato\u00a0: Rennes officialise les d\u00e9parts de Rieder, James, Salah, Faye et Sishuba Le Stade rennais a annonc\u00e9 les&hellip;\n","protected":false},"author":2,"featured_media":359862,"comment_status":"","ping_status":"","sticky":false,"template":"","format":"standard","meta":{"footnotes":""},"categories":[2821],"tags":[1111,11,829,1777,674,1011,27,12,584,25],"class_list":{"0":"post-359861","1":"post","2":"type-post","3":"status-publish","4":"format-standard","5":"has-post-thumbnail","7":"category-rennes","8":"tag-actu","9":"tag-actualites","10":"tag-bretagne","11":"tag-eu","12":"tag-europe","13":"tag-fr","14":"tag-france","15":"tag-news","16":"tag-rennes","17":"tag-republique-francaise"},"share_on_mastodon":{"url":"https:\/\/pubeurope.com\/@fr\/115132674421480553","error":""},"_links":{"self":[{"href":"https:\/\/www.europesays.com\/fr\/wp-json\/wp\/v2\/posts\/359861","targetHints":{"allow":["GET"]}}],"collection":[{"href":"https:\/\/www.europesays.com\/fr\/wp-json\/wp\/v2\/posts"}],"about":[{"href":"https:\/\/www.europesays.com\/fr\/wp-json\/wp\/v2\/types\/post"}],"author":[{"embeddable":true,"href":"https:\/\/www.europesays.com\/fr\/wp-json\/wp\/v2\/users\/2"}],"replies":[{"embeddable":true,"href":"https:\/\/www.europesays.com\/fr\/wp-json\/wp\/v2\/comments?post=359861"}],"version-history":[{"count":0,"href":"https:\/\/www.europesays.com\/fr\/wp-json\/wp\/v2\/posts\/359861\/revisions"}],"wp:featuredmedia":[{"embeddable":true,"href":"https:\/\/www.europesays.com\/fr\/wp-json\/wp\/v2\/media\/359862"}],"wp:attachment":[{"href":"https:\/\/www.europesays.com\/fr\/wp-json\/wp\/v2\/media?parent=359861"}],"wp:term":[{"taxonomy":"category","embeddable":true,"href":"https:\/\/www.europesays.com\/fr\/wp-json\/wp\/v2\/categories?post=359861"},{"taxonomy":"post_tag","embeddable":true,"href":"https:\/\/www.europesays.com\/fr\/wp-json\/wp\/v2\/tags?post=359861"}],"curies":[{"name":"wp","href":"https:\/\/api.w.org\/{rel}","templated":true}]}}