{"id":359868,"date":"2025-09-02T03:55:10","date_gmt":"2025-09-02T03:55:10","guid":{"rendered":"https:\/\/www.europesays.com\/fr\/359868\/"},"modified":"2025-09-02T03:55:10","modified_gmt":"2025-09-02T03:55:10","slug":"la-moyenne-corniche-reduite-a-une-voie-pendant-18-mois-pour-la-construction-dun-immeuble-entre-monaco-et-nice","status":"publish","type":"post","link":"https:\/\/www.europesays.com\/fr\/359868\/","title":{"rendered":"La Moyenne Corniche r\u00e9duite \u00e0 une voie pendant 18 mois pour la construction d\u2019un immeuble entre Monaco et Nice"},"content":{"rendered":"<p>Attention, bouchons en perspective \u00e0 la sortie de Monaco.<\/p>\n<p>\u00c0 partir de ce mardi 2 septembre, le chantier de la r\u00e9sidence Les Romarins d\u00e9bute \u00e0 Cap-d\u2019Ail. Des travaux qui impacteront la circulation puisque l\u2019avenue prince Rainier-III sera amput\u00e9e d\u2019une voie afin d\u2019assurer la s\u00e9curit\u00e9 des ouvriers intervenant sur la zone.<\/p>\n<p>Ainsi, l\u2019arr\u00eat\u00e9 municipal (n\u00b0 288\/25) pris par la ville de Cap-d\u2019Ail pr\u00e9cise que \u00ab\u00a0pour les besoins de l\u2019op\u00e9ration, la capacit\u00e9 et le r\u00e9gime de circulation seront modifi\u00e9s pour tous les v\u00e9hicules, les deux-roues ainsi que les pi\u00e9tons, dans le tron\u00e7on de voie situ\u00e9 entre le n\u00b0 47 et le n\u00b0 62 de l\u2019avenue prince Rainier-III de Monaco. La capacit\u00e9 de circulation sera r\u00e9duite de deux \u00e0 une voie. La voie montante la plus \u00e0 droite sera neutralis\u00e9e sur une longueur de 40m\u00e8tres lin\u00e9aires.\u00a0\u00bb<\/p>\n<p>Le chantier interrompu pour les F\u00eates de fin d\u2019ann\u00e9e<\/p>\n<p>L\u2019entreprise effectuant les travaux, pour le compte du bailleur social Erilia, aura l\u2019obligation de mettre en place une signalisation temporaire de chantier et de d\u00e9viation correspondante \u00ab\u00a0depuis le carrefour avenue G\u00e9n\u00e9ral de Gaulle\/avenue prince Rainier-III de Monaco\/chemin des Cyclamens\u00a0\u00bb, pr\u00e9cise l\u2019arr\u00eat\u00e9. Lequel pr\u00e9voit que la vitesse sera limit\u00e9e \u00e0 30km\/h au droit de l\u2019emprise des travaux. Il est \u00e0 noter que \u00ab\u00a0le d\u00e9passement de tous les v\u00e9hicules, y compris des deux-roues, est interdit\u00a0\u00bb dans cette zone.<\/p>\n<p>Et le maire, Xavier Beck, d\u2019ajouter: \u00ab\u00a0Le chantier impactera la circulation pour une dur\u00e9e de 18 mois. Mais il sera interrompu pendant les f\u00eates de fin d\u2019ann\u00e9e.\u00a0\u00bb Pendant la p\u00e9riode du 19 d\u00e9cembre au soir jusqu\u2019au 5 janvier au matin, le chantier sera donc repli\u00e9 et les deux voies rendues \u00e0 la circulation.<\/p>\n<p>Une r\u00e9sidence de 17 logements sociaux<\/p>\n<p>Ces restrictions de circulation interviennent dans le cadre du chantier de la r\u00e9sidence Les Romarins, dont le permis de construire a \u00e9t\u00e9 d\u00e9livr\u00e9 en juillet 2021. Un projet de 17 logements locatifs sociaux (du 2 au 5 pi\u00e8ces) compos\u00e9 de deux b\u00e2timents en R + 3 et d\u2019un niveau de parking semi-enterr\u00e9. Date de livraison pr\u00e9visionnelle: 2027.<\/p>\n<p>              <img ci-src=\"https:\/\/www.nicematin.com\/urbanisme\/protec\/DATA_ART_16168566-qiC9yHl3.jpg?vh=84c90b&amp;ci_seal=68efc79af5\" alt=\"\"\/><br \/>\n        La future r\u00e9sidence Les Romarins prendra forme au 49 bis de l\u2019avenue&#13;<br \/>\nprince Rainier-III et devrait \u00eatre livr\u00e9e en 2027. Photo Samuel Halik <\/p>\n","protected":false},"excerpt":{"rendered":"Attention, bouchons en perspective \u00e0 la sortie de Monaco. \u00c0 partir de ce mardi 2 septembre, le chantier&hellip;\n","protected":false},"author":2,"featured_media":359869,"comment_status":"","ping_status":"","sticky":false,"template":"","format":"standard","meta":{"footnotes":""},"categories":[2819],"tags":[1111,11,1777,674,1011,27,12,2401,882,25,1352],"class_list":{"0":"post-359868","1":"post","2":"type-post","3":"status-publish","4":"format-standard","5":"has-post-thumbnail","7":"category-nice","8":"tag-actu","9":"tag-actualites","10":"tag-eu","11":"tag-europe","12":"tag-fr","13":"tag-france","14":"tag-news","15":"tag-nice","16":"tag-provence-alpes-cote-dazur","17":"tag-republique-francaise","18":"tag-urbanisme"},"share_on_mastodon":{"url":"https:\/\/pubeurope.com\/@fr\/115132689469935266","error":""},"_links":{"self":[{"href":"https:\/\/www.europesays.com\/fr\/wp-json\/wp\/v2\/posts\/359868","targetHints":{"allow":["GET"]}}],"collection":[{"href":"https:\/\/www.europesays.com\/fr\/wp-json\/wp\/v2\/posts"}],"about":[{"href":"https:\/\/www.europesays.com\/fr\/wp-json\/wp\/v2\/types\/post"}],"author":[{"embeddable":true,"href":"https:\/\/www.europesays.com\/fr\/wp-json\/wp\/v2\/users\/2"}],"replies":[{"embeddable":true,"href":"https:\/\/www.europesays.com\/fr\/wp-json\/wp\/v2\/comments?post=359868"}],"version-history":[{"count":0,"href":"https:\/\/www.europesays.com\/fr\/wp-json\/wp\/v2\/posts\/359868\/revisions"}],"wp:featuredmedia":[{"embeddable":true,"href":"https:\/\/www.europesays.com\/fr\/wp-json\/wp\/v2\/media\/359869"}],"wp:attachment":[{"href":"https:\/\/www.europesays.com\/fr\/wp-json\/wp\/v2\/media?parent=359868"}],"wp:term":[{"taxonomy":"category","embeddable":true,"href":"https:\/\/www.europesays.com\/fr\/wp-json\/wp\/v2\/categories?post=359868"},{"taxonomy":"post_tag","embeddable":true,"href":"https:\/\/www.europesays.com\/fr\/wp-json\/wp\/v2\/tags?post=359868"}],"curies":[{"name":"wp","href":"https:\/\/api.w.org\/{rel}","templated":true}]}}