{"id":359870,"date":"2025-09-02T03:58:22","date_gmt":"2025-09-02T03:58:22","guid":{"rendered":"https:\/\/www.europesays.com\/fr\/359870\/"},"modified":"2025-09-02T03:58:22","modified_gmt":"2025-09-02T03:58:22","slug":"nantes-se-renforce-au-milieu-de-terrain-france-fc-nantes","status":"publish","type":"post","link":"https:\/\/www.europesays.com\/fr\/359870\/","title":{"rendered":"Nantes se renforce au milieu de terrain &#8211; France &#8211; FC Nantes"},"content":{"rendered":"<p>Oh, un joueur de Strasbourg qui n\u2019est pas envoy\u00e9 en pr\u00eat \u00e0 Chelsea !<\/p>\n<p>En discussion depuis plusieurs jours avec Strasbourg, <strong>le FC Nantes a officialis\u00e9 ce lundi apr\u00e8s-midi l\u2019arriv\u00e9e de Junior Mwanga<\/strong> en pr\u00eat pour la saison \u00e0 venir. Apr\u00e8s un pr\u00eat en deuxi\u00e8me partie de saison derni\u00e8re au Havre, le milieu de 22 ans, aussi capable de jouer en charni\u00e8re centrale, <strong>r\u00e9it\u00e8re l\u2019exp\u00e9rience, cette fois sur les\u00a0bords de l\u2019Erdre.<\/strong><\/p>\n<p>Un nouveau pr\u00eat pour passer de junior \u00e0 senior<\/p>\n<p>Depuis son retour de\u00a0Seine-Maritime \u00e0 l\u2019intersaison, <a target=\"_blank\" href=\"https:\/\/www.sofoot.com\/breves\/le-rc-strasbourg-soffre-les-deux-pepites-bordelaises-junior-mwanga-et-dilane-bakwa\" rel=\"nofollow noopener\">l\u2019ancien des Girondins de Bordeaux<\/a> avait gagn\u00e9 sa place de titulaire dans le onze de Liam Rosenior. En d\u00e9pit de ses performances convaincantes, <strong>le board de Strasbourg a finalement d\u00e9cid\u00e9 de le pr\u00eater une saison de plus.<\/strong> Sous les ordres de Luis Castro, Mwanga devrait \u00e9voluer <strong>en sentinelle aux c\u00f4t\u00e9s de Francis Coquelin et Johann Lepenant.<\/strong><\/p>\n<p><a target=\"_blank\" href=\"https:\/\/www.sofoot.com\/breves\/ligue-1-vainqueur-dauxerres-nantes-decroche-sa-premiere-victoire-de-la-saison\" rel=\"nofollow noopener\">Le Castro ball<\/a> est en marche.<\/p>\n<p>\t\t\t\t\t\t\t\t\t\t<a class=\"lien-connexe\" href=\"https:\/\/www.sofoot.com\/articles\/ligue-1-strasbourg-et-toulouse-enchainent-lens-releve-la-tete\" rel=\"nofollow noopener\" target=\"_blank\">Strasbourg et Toulouse encha\u00eenent, Lens rel\u00e8ve la t\u00eate<\/a>\t\t\t\t\t<\/p>\n","protected":false},"excerpt":{"rendered":"Oh, un joueur de Strasbourg qui n\u2019est pas envoy\u00e9 en pr\u00eat \u00e0 Chelsea ! En discussion depuis plusieurs&hellip;\n","protected":false},"author":2,"featured_media":359871,"comment_status":"","ping_status":"","sticky":false,"template":"","format":"standard","meta":{"footnotes":""},"categories":[2818],"tags":[1111,47,11,61,69,65,64,1777,674,63,1011,27,68,66,766,12,62,2636,70,25,67],"class_list":{"0":"post-359870","1":"post","2":"type-post","3":"status-publish","4":"format-standard","5":"has-post-thumbnail","7":"category-nantes","8":"tag-actu","9":"tag-actualite","10":"tag-actualites","11":"tag-actus-football","12":"tag-bundesliga","13":"tag-championnats-europeens","14":"tag-equipe-de-france","15":"tag-eu","16":"tag-europe","17":"tag-football","18":"tag-fr","19":"tag-france","20":"tag-ligua","21":"tag-ligue-1","22":"tag-nantes","23":"tag-news","24":"tag-news-foot","25":"tag-pays-de-la-loire","26":"tag-premier-league","27":"tag-republique-francaise","28":"tag-serie-a"},"share_on_mastodon":{"url":"https:\/\/pubeurope.com\/@fr\/115132701317884578","error":""},"_links":{"self":[{"href":"https:\/\/www.europesays.com\/fr\/wp-json\/wp\/v2\/posts\/359870","targetHints":{"allow":["GET"]}}],"collection":[{"href":"https:\/\/www.europesays.com\/fr\/wp-json\/wp\/v2\/posts"}],"about":[{"href":"https:\/\/www.europesays.com\/fr\/wp-json\/wp\/v2\/types\/post"}],"author":[{"embeddable":true,"href":"https:\/\/www.europesays.com\/fr\/wp-json\/wp\/v2\/users\/2"}],"replies":[{"embeddable":true,"href":"https:\/\/www.europesays.com\/fr\/wp-json\/wp\/v2\/comments?post=359870"}],"version-history":[{"count":0,"href":"https:\/\/www.europesays.com\/fr\/wp-json\/wp\/v2\/posts\/359870\/revisions"}],"wp:featuredmedia":[{"embeddable":true,"href":"https:\/\/www.europesays.com\/fr\/wp-json\/wp\/v2\/media\/359871"}],"wp:attachment":[{"href":"https:\/\/www.europesays.com\/fr\/wp-json\/wp\/v2\/media?parent=359870"}],"wp:term":[{"taxonomy":"category","embeddable":true,"href":"https:\/\/www.europesays.com\/fr\/wp-json\/wp\/v2\/categories?post=359870"},{"taxonomy":"post_tag","embeddable":true,"href":"https:\/\/www.europesays.com\/fr\/wp-json\/wp\/v2\/tags?post=359870"}],"curies":[{"name":"wp","href":"https:\/\/api.w.org\/{rel}","templated":true}]}}