{"id":359875,"date":"2025-09-02T04:01:09","date_gmt":"2025-09-02T04:01:09","guid":{"rendered":"https:\/\/www.europesays.com\/fr\/359875\/"},"modified":"2025-09-02T04:01:09","modified_gmt":"2025-09-02T04:01:09","slug":"le-retour-de-la-fete-patabor","status":"publish","type":"post","link":"https:\/\/www.europesays.com\/fr\/359875\/","title":{"rendered":"Le retour de la f\u00eate PaTaBor"},"content":{"rendered":"<p>Ce vendredi 5 septembre, le Comit\u00e9 de quartier Papus Tabar Bordelongue vous invite de 17 h 30 \u00e0 23h, Place Papus, pour sa traditionnelle f\u00eate Patabor. Jeux, musique, ap\u00e9ro convivial et animations sont au programme de cet \u00e9v\u00e9nement organis\u00e9 en partenariat avec de nombreux acteurs locaux et le soutien de Toulouse M\u00e9tropole. Pour les enfants, \u00e0 partir de 17 h 30, structures gonflables (sous la responsabilit\u00e9 des parents), jeux en bois avec Ludimonde ou activit\u00e9s sportives propos\u00e9es par l\u2019UFOLEP. Pour les plus grands, \u00e0 18h, ap\u00e9ro organis\u00e9 par les jeunes et associations du quartier. Au menu, cocktails sans alcools, grignotages, ainsi que grillades et moules \u00e0 la harissa pr\u00e9par\u00e9es par le comit\u00e9 PaTabor. Participation libre, les fonds r\u00e9colt\u00e9s soutiendront des projets \u00e9ducatifs pour les jeunes du quartier. Nouveaut\u00e9 cette ann\u00e9e, l\u2019association E-Graine, engag\u00e9e pour la transition \u00e9cologique, animera des ateliers sur la r\u00e9cup\u00e9ration et le recyclage, en lien avec la d\u00e9molition partielle de la cit\u00e9 Tabar. \u00c0 18 h 30, ne manquez pas l\u2019Op\u00e9ra de Papus- \u00c9pisode 3, une cr\u00e9ation originale de Draou\u00ef Productions en partenariat avec l\u2019Op\u00e9ra du Capitole, m\u00ealant slam et chant lyrique. Suivra le concert d\u2019Houria, qui vous fera voyager entre rap, pop et autres styles musicaux. D\u00e8s 20h, repas partag\u00e9 en mode auberge espagnole, o\u00f9 chacun est invit\u00e9 \u00e0 apporter son plat pr\u00e9f\u00e9r\u00e9. La soir\u00e9e se terminera avec \u00ab\u00a0Vrack\u00a0\u00bb, groupe tzigane artisanal.<\/p>\n","protected":false},"excerpt":{"rendered":"Ce vendredi 5 septembre, le Comit\u00e9 de quartier Papus Tabar Bordelongue vous invite de 17 h 30 \u00e0&hellip;\n","protected":false},"author":2,"featured_media":359876,"comment_status":"","ping_status":"","sticky":false,"template":"","format":"standard","meta":{"footnotes":""},"categories":[2816],"tags":[1111,11,1777,674,1011,27,12,2680,25,2312],"class_list":{"0":"post-359875","1":"post","2":"type-post","3":"status-publish","4":"format-standard","5":"has-post-thumbnail","7":"category-toulouse","8":"tag-actu","9":"tag-actualites","10":"tag-eu","11":"tag-europe","12":"tag-fr","13":"tag-france","14":"tag-news","15":"tag-occitanie","16":"tag-republique-francaise","17":"tag-toulouse"},"share_on_mastodon":{"url":"https:\/\/pubeurope.com\/@fr\/115132713597870425","error":""},"_links":{"self":[{"href":"https:\/\/www.europesays.com\/fr\/wp-json\/wp\/v2\/posts\/359875","targetHints":{"allow":["GET"]}}],"collection":[{"href":"https:\/\/www.europesays.com\/fr\/wp-json\/wp\/v2\/posts"}],"about":[{"href":"https:\/\/www.europesays.com\/fr\/wp-json\/wp\/v2\/types\/post"}],"author":[{"embeddable":true,"href":"https:\/\/www.europesays.com\/fr\/wp-json\/wp\/v2\/users\/2"}],"replies":[{"embeddable":true,"href":"https:\/\/www.europesays.com\/fr\/wp-json\/wp\/v2\/comments?post=359875"}],"version-history":[{"count":0,"href":"https:\/\/www.europesays.com\/fr\/wp-json\/wp\/v2\/posts\/359875\/revisions"}],"wp:featuredmedia":[{"embeddable":true,"href":"https:\/\/www.europesays.com\/fr\/wp-json\/wp\/v2\/media\/359876"}],"wp:attachment":[{"href":"https:\/\/www.europesays.com\/fr\/wp-json\/wp\/v2\/media?parent=359875"}],"wp:term":[{"taxonomy":"category","embeddable":true,"href":"https:\/\/www.europesays.com\/fr\/wp-json\/wp\/v2\/categories?post=359875"},{"taxonomy":"post_tag","embeddable":true,"href":"https:\/\/www.europesays.com\/fr\/wp-json\/wp\/v2\/tags?post=359875"}],"curies":[{"name":"wp","href":"https:\/\/api.w.org\/{rel}","templated":true}]}}