{"id":359884,"date":"2025-09-02T04:07:21","date_gmt":"2025-09-02T04:07:21","guid":{"rendered":"https:\/\/www.europesays.com\/fr\/359884\/"},"modified":"2025-09-02T04:07:21","modified_gmt":"2025-09-02T04:07:21","slug":"journees-du-patrimoine-2025-a-lyon-les-surprises-que-nous-reservent-cette-edition","status":"publish","type":"post","link":"https:\/\/www.europesays.com\/fr\/359884\/","title":{"rendered":"Journ\u00e9es du Patrimoine 2025 \u00e0 Lyon, les surprises que nous r\u00e9servent cette \u00e9dition"},"content":{"rendered":"<p style=\"text-align: justify;\">Si vous pr\u00e9voyez d\u2019\u00eatre sur Lyon<strong> le week-end du 20 et 21 septembre 2025<\/strong>, nous vous recommandons vivement de jeter d\u00e8s maintenant un \u0153il au programme des <a href=\"https:\/\/journeesdupatrimoine.culture.gouv.fr\/programme#\/search@47.0055508,1.2578112,5.76\" target=\"_blank\" rel=\"noopener nofollow\"><strong>Journ\u00e9es du Patrimoine<\/strong><\/a>. Chaque ann\u00e9e, ces journ\u00e9es permettent de d\u00e9couvrir des p\u00e9pites, des secrets bien gard\u00e9s, ou simplement des classiques lyonnais, souvent <strong>gratuitement ou \u00e0 prix r\u00e9duits<\/strong>.<\/p>\n<p style=\"text-align: justify;\">C\u2019est le moment de l\u2019ann\u00e9e pour se lancer \u00e0 l\u2019exploration de notre belle ville de Lyon et de ses environs. <strong>Et se laisser surprendre, par tout ce qu\u2019il nous reste encore \u00e0 y d\u00e9couvrir !<\/strong><\/p>\n<p>Que faire lors des Journ\u00e9es du Patrimoine 2025 \u00e0 Lyon ?<\/p>\n<p style=\"text-align: justify;\">La th\u00e9matique de cette \u00e9dition 2025 portera sur le \u00ab\u00a0Patrimoine Architectural\u00a0\u00bb. Visite guid\u00e9e, balade urbaine, randonn\u00e9e, conf\u00e9rence, projections de films, jeux de piste, enqu\u00eates, ateliers, d\u00e9monstrations,\u2026 Le <a href=\"https:\/\/journeesdupatrimoine.culture.gouv.fr\/programme#\/search@47.0055508,1.2578112,5.76\" target=\"_blank\" rel=\"noopener nofollow\">programme de cette ann\u00e9e<\/a> devrait une nouvelle fois comporter une diversit\u00e9 d\u2019options pour <strong>faire de nouvelles d\u00e9couvertes sous plein de formes diff\u00e9rentes<\/strong> !<\/p>\n<p>Voici une petite s\u00e9lection :<\/p>\n<p>Savoir-faire lyonnais<\/p>\n<p><a href=\"https:\/\/www.europesays.com\/fr\/wp-content\/uploads\/2025\/09\/448852557_1690696811668125_2339805579267284485_n.jpg\" data-rel=\"lightbox-image-0\" data-rl_title=\"\" data-rl_caption=\"\" title=\"\"><img fetchpriority=\"high\" decoding=\"async\" class=\"size-full wp-image-40887 aligncenter\" src=\"data:image\/svg+xml,%3Csvg%20xmlns=\" http:=\"\" alt=\"URDLA-JEP-2025-Lyon\" width=\"764\" height=\"430\" data-lazy- data-lazy- data-lazy-src=\"https:\/\/www.europesays.com\/fr\/wp-content\/uploads\/2025\/09\/448852557_1690696811668125_2339805579267284485_n.jpg\"\/><\/a><\/p>\n<p>Patrimoine architectural lyonnais<\/p>\n<ul>\n<li>Le <a href=\"https:\/\/journeesdupatrimoine.culture.gouv.fr\/w\/377623\/evenement\/18668063\/architecture-du-petit-perron#\/events\/18668063\" target=\"_blank\" rel=\"noopener nofollow\">Petit Perron<\/a> qu\u2019on a r\u00e9cemment d\u00e9couvert lors de Rendez-vous aux Jardins et qu\u2019on vous recommande !<\/li>\n<\/ul>\n<p><a href=\"https:\/\/girlstakelyon.com\/wp-content\/uploads\/2025\/08\/20250608_141002-1-1-scaled.jpg\" data-rel=\"lightbox-image-1\" data-rl_title=\"\" data-rl_caption=\"\" title=\"\" rel=\"nofollow noopener\" target=\"_blank\"><img loading=\"lazy\" decoding=\"async\" class=\"aligncenter wp-image-40899\" src=\"data:image\/svg+xml,%3Csvg%20xmlns=\" http:=\"\" alt=\"Le-Petit-Perron-Lyon-JEP-25\" width=\"757\" height=\"430\" data-lazy- data-lazy- data-lazy-src=\"https:\/\/www.europesays.com\/fr\/wp-content\/uploads\/2025\/09\/20250608_141002-1-1-1024x581.jpg\"\/><\/a><\/p>\n<p>Curiosit\u00e9s et visites insolites \u00e0 Lyon<\/p>\n<p><a href=\"https:\/\/www.europesays.com\/fr\/wp-content\/uploads\/2025\/09\/20250208_175154.jpg\" data-rel=\"lightbox-image-2\" data-rl_title=\"\" data-rl_caption=\"\" title=\"\"><img loading=\"lazy\" decoding=\"async\" class=\"size-full wp-image-40888 aligncenter\" src=\"data:image\/svg+xml,%3Csvg%20xmlns=\" http:=\"\" alt=\"Le-Seize-Rillieux\" width=\"764\" height=\"430\" data-lazy- data-lazy- data-lazy-src=\"https:\/\/www.europesays.com\/fr\/wp-content\/uploads\/2025\/09\/20250208_175154.jpg\"\/><\/a><\/p>\n<p><a href=\"https:\/\/www.europesays.com\/fr\/wp-content\/uploads\/2025\/09\/434108307_797367752251915_2003977022846261808_n.jpg\" data-rel=\"lightbox-image-3\" data-rl_title=\"\" data-rl_caption=\"\" title=\"\"><img loading=\"lazy\" decoding=\"async\" class=\"size-full wp-image-40891 aligncenter\" src=\"data:image\/svg+xml,%3Csvg%20xmlns=\" http:=\"\" alt=\"Couvent-de-la-Tourette-le-Corbusier\" width=\"764\" height=\"430\" data-lazy- data-lazy- data-lazy-src=\"https:\/\/www.europesays.com\/fr\/wp-content\/uploads\/2025\/09\/434108307_797367752251915_2003977022846261808_n.jpg\"\/><\/a><\/p>\n<p><a href=\"https:\/\/www.europesays.com\/fr\/wp-content\/uploads\/2025\/09\/452285926_1047930516843566_2710136237712849620_n.jpg\" data-rel=\"lightbox-image-4\" data-rl_title=\"\" data-rl_caption=\"\" title=\"\"><img loading=\"lazy\" decoding=\"async\" class=\"size-full wp-image-40889 aligncenter\" src=\"data:image\/svg+xml,%3Csvg%20xmlns=\" http:=\"\" alt=\"Jardin-des-Eaux-JEP-2025\" width=\"764\" height=\"430\" data-lazy- data-lazy- data-lazy-src=\"https:\/\/www.europesays.com\/fr\/wp-content\/uploads\/2025\/09\/452285926_1047930516843566_2710136237712849620_n.jpg\"\/><\/a><\/p>\n<p>Visites et animations en famille \u00e0 Lyon<\/p>\n<p><a href=\"https:\/\/www.europesays.com\/fr\/wp-content\/uploads\/2025\/09\/untitled_design_-_social_media_1_.png\" data-rel=\"lightbox-image-5\" data-rl_title=\"\" data-rl_caption=\"\" title=\"\"><img loading=\"lazy\" decoding=\"async\" class=\"size-full wp-image-40890 aligncenter\" src=\"data:image\/svg+xml,%3Csvg%20xmlns=\" http:=\"\" alt=\"MUMO-Lyon-JEP-25\" width=\"430\" height=\"430\" data-lazy- data-lazy- data-lazy-src=\"https:\/\/www.europesays.com\/fr\/wp-content\/uploads\/2025\/09\/untitled_design_-_social_media_1_.png\"\/><\/a><\/p>\n<ul>\n<li style=\"text-align: justify;\">Visite de<a href=\"https:\/\/journeesdupatrimoine.culture.gouv.fr\/w\/377623\/evenement\/18792949\/visite-de-lobservatoire-de-lyon#\/events\/18792949\" target=\"_blank\" rel=\"noopener nofollow\"> l\u2019Observatoire de Lyon<\/a>. En passant par son ancienne biblioth\u00e8que du XIX\u00e8me si\u00e8cle, ses coupoles (avec son t\u00e9lescope de 1 m), et la derni\u00e8re lunette coud\u00e9e du monde !<\/li>\n<\/ul>\n<blockquote><p>\nAlors, serez-vous \u00e0 Lyon pour les Journ\u00e9es du Patrimoine 2025 ? \ud83d\ude09\n<\/p><\/blockquote>\n<p>Cr\u00e9dit photo : Girls Take Lyon<\/p>\n<p>\t<a href=\"https:\/\/girlstakelyon.com\/des-nouveautes-pour-la-26eme-edition-du-printemps-de-perouges\/\" rel=\"nofollow noopener\" target=\"_blank\">Printemps de P\u00e9rouges : des nouveaut\u00e9s pour la 26\u00e8me \u00e9dition<\/a><\/p>\n<p>2 ans ago<br \/>\nby<br \/>\n<a class=\"url fn n\" rel=\"author nofollow noopener\" href=\"https:\/\/girlstakelyon.com\/author\/alexandra-weber\/\" target=\"_blank\">Alexandra<\/a><\/p>\n<p>3 min read\t<\/p>\n<p>No comments\t<\/p>\n<p><a href=\"https:\/\/girlstakelyon.com\/des-nouveautes-pour-la-26eme-edition-du-printemps-de-perouges\/\" title=\"Printemps de P\u00e9rouges : des nouveaut\u00e9s pour la 26\u00e8me \u00e9dition\" rel=\"nofollow noopener\" target=\"_blank\"><br \/>\n<img loading=\"lazy\" decoding=\"async\" width=\"80\" height=\"80\" src=\"data:image\/svg+xml,%3Csvg%20xmlns=\" http:=\"\" class=\"attachment-80x80 size-80x80 wp-post-image\" alt=\"\" data-lazy-src=\"https:\/\/www.europesays.com\/fr\/wp-content\/uploads\/2025\/08\/GTL_-_articles_image_a_la_une-1-80x80.jpg\"\/>\t<\/a><\/p>\n<p>La saison des festivals en plein air bat son plein,<a class=\"more-link\" href=\"https:\/\/girlstakelyon.com\/des-nouveautes-pour-la-26eme-edition-du-printemps-de-perouges\/\" rel=\"nofollow noopener\" target=\"_blank\">\u2026<\/a><\/p>\n<p><br class=\"clear\"\/><\/p>\n<p>Partager<\/p>\n<p><br class=\"clear\"\/><\/p>\n","protected":false},"excerpt":{"rendered":"Si vous pr\u00e9voyez d\u2019\u00eatre sur Lyon le week-end du 20 et 21 septembre 2025, nous vous recommandons vivement&hellip;\n","protected":false},"author":2,"featured_media":269188,"comment_status":"","ping_status":"","sticky":false,"template":"","format":"standard","meta":{"footnotes":""},"categories":[1889],"tags":[1111,11,2430,1777,674,1011,27,2428,12,25],"class_list":{"0":"post-359884","1":"post","2":"type-post","3":"status-publish","4":"format-standard","5":"has-post-thumbnail","7":"category-lyon","8":"tag-actu","9":"tag-actualites","10":"tag-auvergne-rhone-alpes","11":"tag-eu","12":"tag-europe","13":"tag-fr","14":"tag-france","15":"tag-lyon","16":"tag-news","17":"tag-republique-francaise"},"share_on_mastodon":{"url":"https:\/\/pubeurope.com\/@fr\/115132736675123519","error":""},"_links":{"self":[{"href":"https:\/\/www.europesays.com\/fr\/wp-json\/wp\/v2\/posts\/359884","targetHints":{"allow":["GET"]}}],"collection":[{"href":"https:\/\/www.europesays.com\/fr\/wp-json\/wp\/v2\/posts"}],"about":[{"href":"https:\/\/www.europesays.com\/fr\/wp-json\/wp\/v2\/types\/post"}],"author":[{"embeddable":true,"href":"https:\/\/www.europesays.com\/fr\/wp-json\/wp\/v2\/users\/2"}],"replies":[{"embeddable":true,"href":"https:\/\/www.europesays.com\/fr\/wp-json\/wp\/v2\/comments?post=359884"}],"version-history":[{"count":0,"href":"https:\/\/www.europesays.com\/fr\/wp-json\/wp\/v2\/posts\/359884\/revisions"}],"wp:featuredmedia":[{"embeddable":true,"href":"https:\/\/www.europesays.com\/fr\/wp-json\/wp\/v2\/media\/269188"}],"wp:attachment":[{"href":"https:\/\/www.europesays.com\/fr\/wp-json\/wp\/v2\/media?parent=359884"}],"wp:term":[{"taxonomy":"category","embeddable":true,"href":"https:\/\/www.europesays.com\/fr\/wp-json\/wp\/v2\/categories?post=359884"},{"taxonomy":"post_tag","embeddable":true,"href":"https:\/\/www.europesays.com\/fr\/wp-json\/wp\/v2\/tags?post=359884"}],"curies":[{"name":"wp","href":"https:\/\/api.w.org\/{rel}","templated":true}]}}