{"id":359885,"date":"2025-09-02T04:08:11","date_gmt":"2025-09-02T04:08:11","guid":{"rendered":"https:\/\/www.europesays.com\/fr\/359885\/"},"modified":"2025-09-02T04:08:11","modified_gmt":"2025-09-02T04:08:11","slug":"des-pfas-bien-presents-des-analyses-encore-en-cours","status":"publish","type":"post","link":"https:\/\/www.europesays.com\/fr\/359885\/","title":{"rendered":"des PFAS bien pr\u00e9sents, des analyses encore en cours"},"content":{"rendered":"<p>Depuis 2022, la pr\u00e9sence de ces substances chimiques surnomm\u00e9es les polluants \u00e9ternels est bien av\u00e9r\u00e9e dans l\u2019eau et les s\u00e9diments du grand port de Lyon. Mais le propri\u00e9taire du site et son gestionnaire veulent poursuivre les analyses avant de d\u00e9terminer d\u2019\u00e9ventuelles mesures concr\u00e8tes \u00e0 mettre en \u0153uvre.<\/p>\n<p>La pr\u00e9fecture explique qu\u2019il faut faire de nouvelles investigations afin de \u00ab\u00a0disposer d\u2019analyses solides\u00a0\u00bb. La Compagnie Nationale du Rh\u00f4ne indique \u00ab\u00a0qu\u2019elle poursuit le travail\u00a0\u00bb visant \u00e0 quantifier et \u00e9tablir l\u2019origine de la pollution aux PFAS dans les eaux souterraines et les s\u00e9diments des darses\u00a0\u00bb.<\/p>\n<p>Depuis 1975, plusieurs \u00e9tudes sur la nappe et les sols ont montr\u00e9 des concentrations \u00e9lev\u00e9es en hydrocarbures. Les teneurs&#8230;<\/p>\n","protected":false},"excerpt":{"rendered":"Depuis 2022, la pr\u00e9sence de ces substances chimiques surnomm\u00e9es les polluants \u00e9ternels est bien av\u00e9r\u00e9e dans l\u2019eau et&hellip;\n","protected":false},"author":2,"featured_media":359886,"comment_status":"","ping_status":"","sticky":false,"template":"","format":"standard","meta":{"footnotes":""},"categories":[1889],"tags":[1111,11,2430,33,2757,436,1777,674,107,1011,27,693,2428,12,1800,25,2429],"class_list":{"0":"post-359885","1":"post","2":"type-post","3":"status-publish","4":"format-standard","5":"has-post-thumbnail","7":"category-lyon","8":"tag-actu","9":"tag-actualites","10":"tag-auvergne-rhone-alpes","11":"tag-economie","12":"tag-edition-lyon-villeurbanne","13":"tag-environnement","14":"tag-eu","15":"tag-europe","16":"tag-fil-info","17":"tag-fr","18":"tag-france","19":"tag-industrie","20":"tag-lyon","21":"tag-news","22":"tag-pollution","23":"tag-republique-francaise","24":"tag-rhone"},"share_on_mastodon":{"url":"https:\/\/pubeurope.com\/@fr\/115132740545842181","error":""},"_links":{"self":[{"href":"https:\/\/www.europesays.com\/fr\/wp-json\/wp\/v2\/posts\/359885","targetHints":{"allow":["GET"]}}],"collection":[{"href":"https:\/\/www.europesays.com\/fr\/wp-json\/wp\/v2\/posts"}],"about":[{"href":"https:\/\/www.europesays.com\/fr\/wp-json\/wp\/v2\/types\/post"}],"author":[{"embeddable":true,"href":"https:\/\/www.europesays.com\/fr\/wp-json\/wp\/v2\/users\/2"}],"replies":[{"embeddable":true,"href":"https:\/\/www.europesays.com\/fr\/wp-json\/wp\/v2\/comments?post=359885"}],"version-history":[{"count":0,"href":"https:\/\/www.europesays.com\/fr\/wp-json\/wp\/v2\/posts\/359885\/revisions"}],"wp:featuredmedia":[{"embeddable":true,"href":"https:\/\/www.europesays.com\/fr\/wp-json\/wp\/v2\/media\/359886"}],"wp:attachment":[{"href":"https:\/\/www.europesays.com\/fr\/wp-json\/wp\/v2\/media?parent=359885"}],"wp:term":[{"taxonomy":"category","embeddable":true,"href":"https:\/\/www.europesays.com\/fr\/wp-json\/wp\/v2\/categories?post=359885"},{"taxonomy":"post_tag","embeddable":true,"href":"https:\/\/www.europesays.com\/fr\/wp-json\/wp\/v2\/tags?post=359885"}],"curies":[{"name":"wp","href":"https:\/\/api.w.org\/{rel}","templated":true}]}}