{"id":359903,"date":"2025-09-02T04:18:15","date_gmt":"2025-09-02T04:18:15","guid":{"rendered":"https:\/\/www.europesays.com\/fr\/359903\/"},"modified":"2025-09-02T04:18:15","modified_gmt":"2025-09-02T04:18:15","slug":"le-patron-le-plus-deteste-au-monde-a-decide-de-demissionner","status":"publish","type":"post","link":"https:\/\/www.europesays.com\/fr\/359903\/","title":{"rendered":"Le \u00ab\u00a0patron le plus d\u00e9test\u00e9 au monde\u00a0\u00bb a d\u00e9cid\u00e9 de d\u00e9missionner"},"content":{"rendered":"<p>Il avait \u00e9t\u00e9 <a href=\"https:\/\/www.ituc-csi.org\/congres-mondial-de-la-csi-le-titre?lang=en\" target=\"_blank\" class=\"c-link c-link--is-underlined\" rel=\"nofollow noopener\">\u00e9lu<\/a> \u00ab\u00a0Le pire patron du monde\u00a0\u00bb par le congr\u00e8s mondial de la Conf\u00e9d\u00e9ration syndicale internationale en novembre\u00a02022, devant <a href=\"https:\/\/www.20minutes.fr\/dossier\/jeff_bezos\" class=\"c-link c-link--is-underlined\" rel=\"nofollow noopener\" target=\"_blank\">Jeff Bezos<\/a> (pr\u00e9sident ex\u00e9cutif d\u2019<a href=\"https:\/\/www.20minutes.fr\/high-tech\/amazon\/\" class=\"c-link c-link--is-underlined\" rel=\"nofollow noopener\" target=\"_blank\">Amazon<\/a>) et Alan Joyce (directeur g\u00e9n\u00e9ral de <a href=\"https:\/\/www.20minutes.fr\/dossier\/qantas\" class=\"c-link c-link--is-underlined\" rel=\"nofollow noopener\" target=\"_blank\">Qantas<\/a>). Les Britanniques l\u2019avaient surnomm\u00e9 de leur c\u00f4t\u00e9 \u00ab\u00a0le patron le plus d\u00e9test\u00e9 au monde\u00a0\u00bb.<\/p>\n<p>Peter Hebblethwaite, directeur g\u00e9n\u00e9ral de P &amp; O Ferries, s\u2019\u00e9tait \u00ab\u00a0illustr\u00e9\u00a0\u00bb en\u00a02022 en licenciant pr\u00e8s de 800 personnes travaillant pour la compagnie maritime pour les remplacer par du personnel moins cher, sous le salaire minimum l\u00e9gal en Grande-Bretagne, et souvent moins qualifi\u00e9. La plupart des marins avaient appris leur licenciement via une vid\u00e9o Zoom pr\u00e9enregistr\u00e9e.<\/p>\n<p>Scandale et licenciements hors la loi<\/p>\n<p>Selon <a href=\"https:\/\/news.sky.com\/story\/controversial-pando-ferries-boss-hebblethwaite-to-quit-13420312\" target=\"_blank\" class=\"c-link c-link--is-underlined\" rel=\"nofollow noopener\">Sky News<\/a>, il aurait d\u00e9cid\u00e9 de quitter l\u2019entreprise \u00ab\u00a0pour raisons personnelles\u00a0\u00bb. \u00ab\u00a0Sous sa direction, l\u2019entreprise a su relever les d\u00e9fis pos\u00e9s par la pand\u00e9mie de <a href=\"https:\/\/www.20minutes.fr\/societe\/covid-19\/\" class=\"c-link c-link--is-underlined\" rel=\"nofollow noopener\" target=\"_blank\">Covid-19<\/a>\u00a0\u00bb, explique une source interne. Laquelle pr\u00e9cise que sa pr\u00e9sidence a permis de \u00ab\u00a0s\u2019engager sur la voie de la stabilit\u00e9 financi\u00e8re et introduire les premiers grands ferries hybrides \u00e0 double extr\u00e9mit\u00e9 au monde sur la ligne Douvres-Calais, renfor\u00e7ant ainsi sa durabilit\u00e9\u00a0\u00bb.<\/p>\n<p>Selon Sky News, l\u2019entreprise avait accumul\u00e9 les pertes records lors pendant la pand\u00e9mie. Mais ses derniers comptes auraient montr\u00e9 une r\u00e9duction significative des pertes en\u00a02023, \u00e0 un peu plus de 90\u00a0millions de livres sterling.<\/p>\n<\/p>\n<p>La brutalit\u00e9 des licenciements s\u2019\u00e9tait transform\u00e9e en scandale national. Le licenciement avait constitu\u00e9 une violation de la l\u00e9gislation britannique en mati\u00e8re de consultation et de notification. Interrog\u00e9 par des l\u00e9gislateurs, Peter Hebblethwaite avait admis avoir enfreint la loi et d\u00e9clar\u00e9 devant les parlementaires \u00eatre pr\u00eat \u00e0 le refaire.<\/p>\n<p><a href=\"https:\/\/www.20minutes.fr\/dossier\/licenciement\" class=\"c-link c-btn c-btn--primary\" rel=\"nofollow noopener\" target=\"_blank\">Notre dossier sur les licenciements<\/a><\/p>\n<p>Alors que les nouveaux marins \u00e9taient pay\u00e9s \u00e0 un salaire horaire de 4,87 livres sterling, il avait de son c\u00f4t\u00e9 per\u00e7u a per\u00e7u une r\u00e9mun\u00e9ration de 683.000 livres sterling, incluant une prime de 183.000 livres sterling.<\/p>\n","protected":false},"excerpt":{"rendered":"Il avait \u00e9t\u00e9 \u00e9lu \u00ab\u00a0Le pire patron du monde\u00a0\u00bb par le congr\u00e8s mondial de la Conf\u00e9d\u00e9ration syndicale internationale&hellip;\n","protected":false},"author":2,"featured_media":359904,"comment_status":"","ping_status":"","sticky":false,"template":"","format":"standard","meta":{"footnotes":""},"categories":[1588],"tags":[47,11,33,1777,674,49543,414,12,473,1853,7264,1851,1850,1852],"class_list":{"0":"post-359903","1":"post","2":"type-post","3":"status-publish","4":"format-standard","5":"has-post-thumbnail","7":"category-royaume-uni","8":"tag-actualite","9":"tag-actualites","10":"tag-economie","11":"tag-eu","12":"tag-europe","13":"tag-ferry","14":"tag-licenciement","15":"tag-news","16":"tag-royaume-uni","17":"tag-royaume-uni-de-grande-bretagne-et-dirlande-du-nord","18":"tag-salaries","19":"tag-uk","20":"tag-united-kingdom","21":"tag-united-kingdom-of-great-britain-and-northern-ireland"},"share_on_mastodon":{"url":"https:\/\/pubeurope.com\/@fr\/115132780036397498","error":""},"_links":{"self":[{"href":"https:\/\/www.europesays.com\/fr\/wp-json\/wp\/v2\/posts\/359903","targetHints":{"allow":["GET"]}}],"collection":[{"href":"https:\/\/www.europesays.com\/fr\/wp-json\/wp\/v2\/posts"}],"about":[{"href":"https:\/\/www.europesays.com\/fr\/wp-json\/wp\/v2\/types\/post"}],"author":[{"embeddable":true,"href":"https:\/\/www.europesays.com\/fr\/wp-json\/wp\/v2\/users\/2"}],"replies":[{"embeddable":true,"href":"https:\/\/www.europesays.com\/fr\/wp-json\/wp\/v2\/comments?post=359903"}],"version-history":[{"count":0,"href":"https:\/\/www.europesays.com\/fr\/wp-json\/wp\/v2\/posts\/359903\/revisions"}],"wp:featuredmedia":[{"embeddable":true,"href":"https:\/\/www.europesays.com\/fr\/wp-json\/wp\/v2\/media\/359904"}],"wp:attachment":[{"href":"https:\/\/www.europesays.com\/fr\/wp-json\/wp\/v2\/media?parent=359903"}],"wp:term":[{"taxonomy":"category","embeddable":true,"href":"https:\/\/www.europesays.com\/fr\/wp-json\/wp\/v2\/categories?post=359903"},{"taxonomy":"post_tag","embeddable":true,"href":"https:\/\/www.europesays.com\/fr\/wp-json\/wp\/v2\/tags?post=359903"}],"curies":[{"name":"wp","href":"https:\/\/api.w.org\/{rel}","templated":true}]}}