{"id":359905,"date":"2025-09-02T04:19:11","date_gmt":"2025-09-02T04:19:11","guid":{"rendered":"https:\/\/www.europesays.com\/fr\/359905\/"},"modified":"2025-09-02T04:19:11","modified_gmt":"2025-09-02T04:19:11","slug":"allemagne-le-permis-de-conduire-francais-obtenu-a-17-ans-bel-et-bien-reconnu-outre-rhin","status":"publish","type":"post","link":"https:\/\/www.europesays.com\/fr\/359905\/","title":{"rendered":"Allemagne. Le permis de conduire fran\u00e7ais obtenu \u00e0 17 ans bel et bien reconnu outre-Rhin"},"content":{"rendered":"<p>Au printemps dernier, suite aux interrogations soulev\u00e9es par un jeune conducteur de 17 ans, domicili\u00e9 \u00e0 Neuf-Brisach et titulaire de fra\u00eeche date d\u2019un permis de conduire de cat\u00e9gorie B, l\u2019autorit\u00e9 des permis de conduire de la ville de Fribourg-en-Brisgau avait rassur\u00e9 ce dernier\u00a0: \u00ab\u00a0Le permis de conduire \u00e9tranger de l\u2019Union europ\u00e9enne (UE) est <a href=\"https:\/\/www.dna.fr\/societe\/2025\/05\/20\/oui-un-francais-de-17-ans-peut-conduire-en-allemagne\" target=\"_blank\" rel=\"noopener\">reconnu en Allemagne<\/a> m\u00eame si l\u2019\u00e2ge minimum dans le pays de d\u00e9livrance est inf\u00e9rieur \u00e0 celui pr\u00e9vu par la l\u00e9gislation allemande\u00a0\u00bb.<\/p>\n<p>Dans un communiqu\u00e9, publi\u00e9 lundi 1er\u00a0septembre les instances d\u2019information et de conseil transfrontali\u00e8res du Rhin sup\u00e9rieur Infobest confirment \u00e0 leur tour cette disposition en y apportant l\u2019\u00e9clairage juridique qui convient. Le minist\u00e8re f\u00e9d\u00e9ral allemand des transports ainsi que les minist\u00e8res comp\u00e9tents de Bade-Wurtemberg et de Rh\u00e9nanie-Palatinat font, rappellent-elles, la m\u00eame interpr\u00e9tation de la directive 2006\/126\/CE du Parlement europ\u00e9en relative \u00e0 la reconnaissance mutuelle des permis de conduire.<\/p>\n<p>Dans son article\u00a02, celle-ci autorise en effet les \u00c9tats membres de l\u2019UE \u00e0 accepter sur leur territoire les permis d\u00e9livr\u00e9s avant l\u2019\u00e2ge l\u00e9gal fix\u00e9 dans l\u2019UE, c\u2019est-\u00e0-dire 18 ans pour la cat\u00e9gorie B. \u00ab\u00a0L\u2019Allemagne a fait usage de cette possibilit\u00e9\u00a0\u00bb, souligne et salue le r\u00e9seau Infobest, qui pr\u00e9cise qu\u2019elle est valable \u00ab\u00a0pour les s\u00e9jours temporaires li\u00e9s au travail, aux achats et aux vacances\u00a0\u00bb. La mesure, pr\u00e9cise-t-on, \u00ab\u00a0ne s\u2019applique pas aux mineurs titulaires d\u2019un permis de conduire d\u00e9livr\u00e9 par un pays tiers\u00a0\u00bb.<\/p>\n","protected":false},"excerpt":{"rendered":"Au printemps dernier, suite aux interrogations soulev\u00e9es par un jeune conducteur de 17 ans, domicili\u00e9 \u00e0 Neuf-Brisach et&hellip;\n","protected":false},"author":2,"featured_media":359906,"comment_status":"","ping_status":"","sticky":false,"template":"","format":"standard","meta":{"footnotes":""},"categories":[1587],"tags":[11,672,2389,2649,1804,3542,1805,1803,6084,4877,1777,674,107,1801,49544,12,316,1802,49545,104,2803],"class_list":{"0":"post-359905","1":"post","2":"type-post","3":"status-publish","4":"format-standard","5":"has-post-thumbnail","7":"category-allemagne","8":"tag-actualites","9":"tag-allemagne","10":"tag-alsace","11":"tag-bas-rhin","12":"tag-bundesrepublik-deutschland","13":"tag-circulation","14":"tag-de","15":"tag-deutschland","16":"tag-droit","17":"tag-edition-haguenau-wissembourg","18":"tag-eu","19":"tag-europe","20":"tag-fil-info","21":"tag-germany","22":"tag-lauterbourg","23":"tag-news","24":"tag-politique","25":"tag-republique-federale-dallemagne","26":"tag-secteur-de-lauterbourg","27":"tag-societe","28":"tag-transport"},"share_on_mastodon":{"url":"https:\/\/pubeurope.com\/@fr\/115132783983706595","error":""},"_links":{"self":[{"href":"https:\/\/www.europesays.com\/fr\/wp-json\/wp\/v2\/posts\/359905","targetHints":{"allow":["GET"]}}],"collection":[{"href":"https:\/\/www.europesays.com\/fr\/wp-json\/wp\/v2\/posts"}],"about":[{"href":"https:\/\/www.europesays.com\/fr\/wp-json\/wp\/v2\/types\/post"}],"author":[{"embeddable":true,"href":"https:\/\/www.europesays.com\/fr\/wp-json\/wp\/v2\/users\/2"}],"replies":[{"embeddable":true,"href":"https:\/\/www.europesays.com\/fr\/wp-json\/wp\/v2\/comments?post=359905"}],"version-history":[{"count":0,"href":"https:\/\/www.europesays.com\/fr\/wp-json\/wp\/v2\/posts\/359905\/revisions"}],"wp:featuredmedia":[{"embeddable":true,"href":"https:\/\/www.europesays.com\/fr\/wp-json\/wp\/v2\/media\/359906"}],"wp:attachment":[{"href":"https:\/\/www.europesays.com\/fr\/wp-json\/wp\/v2\/media?parent=359905"}],"wp:term":[{"taxonomy":"category","embeddable":true,"href":"https:\/\/www.europesays.com\/fr\/wp-json\/wp\/v2\/categories?post=359905"},{"taxonomy":"post_tag","embeddable":true,"href":"https:\/\/www.europesays.com\/fr\/wp-json\/wp\/v2\/tags?post=359905"}],"curies":[{"name":"wp","href":"https:\/\/api.w.org\/{rel}","templated":true}]}}