{"id":359907,"date":"2025-09-02T04:20:13","date_gmt":"2025-09-02T04:20:13","guid":{"rendered":"https:\/\/www.europesays.com\/fr\/359907\/"},"modified":"2025-09-02T04:20:13","modified_gmt":"2025-09-02T04:20:13","slug":"les-valeurs-a-suivre-a-paris-et-en-europe-02-09-2025-a-0600","status":"publish","type":"post","link":"https:\/\/www.europesays.com\/fr\/359907\/","title":{"rendered":"Les valeurs \u00e0 suivre \u00e0 Paris et en Europe &#8211; 02\/09\/2025 \u00e0 06:00"},"content":{"rendered":"<p>\n *\n<\/p>\n<p>\n Variation des futures sur indice CAC 40  0#FCE:\n<\/p>\n<p>\n *\n<\/p>\n<p>\n Variation des futures sur indice Stoxx 600  0#FXXP:\n<\/p>\n<p>\n *\n<\/p>\n<p>\n Valeurs qui se traitent ex-dividende  .EX.PA\n<\/p>\n<p>\n *\n<\/p>\n<p>\n Le point sur les march\u00e9s europ\u00e9ens  .EUFR\n<\/p>\n<p>\n Les valeurs \u00e0 suivre<br \/>\nmardi \u00e0 la Bourse de Paris et en Europe :\n<\/p>\n<p>\n * NESTL\u00c9<br \/>\n <a href=\"https:\/\/www.boursorama.com\/cours\/2aNESN\/\" rel=\"nofollow noopener\" target=\"_blank\"><br \/>\n  NESN.S<br \/>\n <\/a><br \/>\n a annonc\u00e9 lundi la nomination de Philipp<br \/>\nNavratil au poste de directeur g\u00e9n\u00e9ral \u00e0 la suite du d\u00e9part<br \/>\nimm\u00e9diat de Laurent Freixe, remerci\u00e9 pour avoir enfreint le code<br \/>\nde conduite professionnelle du groupe qui d\u00e9tient notamment les<br \/>\nmarques Nespresso, Buitoni ou encore KitKat.\n<\/p>\n<p>\n * RHEINMETALL<br \/>\n <a href=\"https:\/\/www.boursorama.com\/cours\/1zRHM\/\" rel=\"nofollow noopener\" target=\"_blank\"><br \/>\n  RHMG.DE<br \/>\n <\/a><br \/>\n stocke suffisamment de mati\u00e8res<br \/>\npremi\u00e8res essentielles pour pouvoir continuer \u00e0 produire pendant<br \/>\nau moins cinq ans, a d\u00e9clar\u00e9 lundi son pr\u00e9sident du directoire<br \/>\nArmin Papperger. Le groupe allemand de d\u00e9fense dit \u00e9galement<br \/>\nr\u00e9examiner chaque mois s&rsquo;il risque de d\u00e9pendre excessivement<br \/>\nd&rsquo;un fournisseur en particulier.\n<\/p>\n<p>\n * WIZZ AIR<br \/>\n <a href=\"https:\/\/www.boursorama.com\/cours\/1uWIZZ.L\/\" rel=\"nofollow noopener\" target=\"_blank\"><br \/>\n  WIZZ.L<br \/>\n <\/a><br \/>\n travaille \u00e0 un accord avec le motoriste<br \/>\nPratt &amp; Whitney, filiale du groupe danois d&rsquo;a\u00e9ronautique et de<br \/>\nd\u00e9fense RTX  RTX.CO , pour acc\u00e9l\u00e9rer la maintenance de ses<br \/>\nmoteurs, dont les retards ont entra\u00een\u00e9 une immobilisation d&rsquo;une<br \/>\ngrande partie de la flotte de la compagnie a\u00e9rienne \u00e0 bas co\u00fbt,<br \/>\na d\u00e9clar\u00e9 lundi \u00e0 Reuters son directeur g\u00e9n\u00e9ral, Jozsef Varadi.\n<\/p>\n<p>\n * GLENCORE<br \/>\n <a href=\"https:\/\/www.boursorama.com\/cours\/1uGLEN.L\/\" rel=\"nofollow noopener\" target=\"_blank\"><br \/>\n  GLEN.L<br \/>\n <\/a><br \/>\n a annonc\u00e9 lundi pr\u00e9voir des suppressions<br \/>\nde postes dans sa coentreprise de fonderie de ferrochrome et de<br \/>\nvanadium de Rustenburg, en Afrique du Sud, alors que<br \/>\nd&rsquo;importantes pressions \u00e9conomiques continuent d&rsquo;avoir un impact<br \/>\nsur ces activit\u00e9s.\n<\/p>\n<p>\n * DANONE<br \/>\n <a href=\"https:\/\/www.boursorama.com\/cours\/1rPBN\/\" rel=\"nofollow noopener\" target=\"_blank\"><br \/>\n  DANO.PA<br \/>\n <\/a><br \/>\n a annonc\u00e9 lundi avoir r\u00e9alis\u00e9 une<br \/>\n\u00e9mission obligataire d&rsquo;un montant de 1,3 milliard d&rsquo;euros.\n<\/p>\n<p>\n L&rsquo;AGENDA FRANCE &amp; INTERNATIONAL \u00c0 7 JOURS:<\/p>\n<p> nL8N3UL10E\n<\/p>\n<p>\n (R\u00e9dig\u00e9 par Claude Chendjou)<\/p>\n","protected":false},"excerpt":{"rendered":"* Variation des futures sur indice CAC 40 0#FCE: * Variation des futures sur indice Stoxx 600 0#FXXP:&hellip;\n","protected":false},"author":2,"featured_media":64038,"comment_status":"","ping_status":"","sticky":false,"template":"","format":"standard","meta":{"footnotes":""},"categories":[1586],"tags":[400,11,398,408,405,1777,674,1011,27,403,402,399,404,12,25,401,406,407],"class_list":{"0":"post-359907","1":"post","2":"type-post","3":"status-publish","4":"format-standard","5":"has-post-thumbnail","7":"category-europe","8":"tag-action-cac-40","9":"tag-actualites","10":"tag-bourse-de-paris","11":"tag-boursorama","12":"tag-cotations","13":"tag-eu","14":"tag-europe","15":"tag-fr","16":"tag-france","17":"tag-indices-devises","18":"tag-investir","19":"tag-investissement","20":"tag-marche-boursier","21":"tag-news","22":"tag-republique-francaise","23":"tag-sicav","24":"tag-trackers","25":"tag-warrants"},"share_on_mastodon":{"url":"https:\/\/pubeurope.com\/@fr\/115132787827394296","error":""},"_links":{"self":[{"href":"https:\/\/www.europesays.com\/fr\/wp-json\/wp\/v2\/posts\/359907","targetHints":{"allow":["GET"]}}],"collection":[{"href":"https:\/\/www.europesays.com\/fr\/wp-json\/wp\/v2\/posts"}],"about":[{"href":"https:\/\/www.europesays.com\/fr\/wp-json\/wp\/v2\/types\/post"}],"author":[{"embeddable":true,"href":"https:\/\/www.europesays.com\/fr\/wp-json\/wp\/v2\/users\/2"}],"replies":[{"embeddable":true,"href":"https:\/\/www.europesays.com\/fr\/wp-json\/wp\/v2\/comments?post=359907"}],"version-history":[{"count":0,"href":"https:\/\/www.europesays.com\/fr\/wp-json\/wp\/v2\/posts\/359907\/revisions"}],"wp:featuredmedia":[{"embeddable":true,"href":"https:\/\/www.europesays.com\/fr\/wp-json\/wp\/v2\/media\/64038"}],"wp:attachment":[{"href":"https:\/\/www.europesays.com\/fr\/wp-json\/wp\/v2\/media?parent=359907"}],"wp:term":[{"taxonomy":"category","embeddable":true,"href":"https:\/\/www.europesays.com\/fr\/wp-json\/wp\/v2\/categories?post=359907"},{"taxonomy":"post_tag","embeddable":true,"href":"https:\/\/www.europesays.com\/fr\/wp-json\/wp\/v2\/tags?post=359907"}],"curies":[{"name":"wp","href":"https:\/\/api.w.org\/{rel}","templated":true}]}}