{"id":359908,"date":"2025-09-02T04:21:11","date_gmt":"2025-09-02T04:21:11","guid":{"rendered":"https:\/\/www.europesays.com\/fr\/359908\/"},"modified":"2025-09-02T04:21:11","modified_gmt":"2025-09-02T04:21:11","slug":"villefranche-de-rouergue-le-monastere-a-eu-raison-du-stade-en-coupe-de-france","status":"publish","type":"post","link":"https:\/\/www.europesays.com\/fr\/359908\/","title":{"rendered":"Villefranche-de-Rouergue. Le Monast\u00e8re a eu raison du Stade en Coupe de France"},"content":{"rendered":"<p>Apr\u00e8s avoir gagn\u00e9 contre Lanu\u00e9jouls le week-end dernier, les Stadistes ont affront\u00e9 Le Monast\u00e8re (R3) lors d\u2019un nouveau tour de Coupe de France, dimanche \u00e0 15 heures, sur le stade de Lauri\u00e8re. La d\u00e9faite contre cette belle \u00e9quipe a \u00e9t\u00e9 de 3 \u00e0 0. Malgr\u00e9 les trois divisions d\u2019\u00e9cart, les Stadistes ont prouv\u00e9 qu\u2019ils pouvaient rivaliser. De nombreuses possessions de balle, de belles occasions et une belle d\u00e9fense ont permis de maintenir le score \u00e0 0 \u00e0 0 \u00e0 la mi-temps. Durant la seconde p\u00e9riode, les jambes ont vite \u00e9t\u00e9 lourdes ; un premier but est marqu\u00e9 \u00e0 la 65e minute, but qui fera basculer le match. Tr\u00e8s vite, les Stadistes encaissent deux autres buts. \u00ab\u00a0L\u2019\u00e9quipe a fait un gros match et le score peut \u00eatre s\u00e9v\u00e8re au vu dela rencontre\u00a0\u00bb, juge l\u2019entraineur, Alexis Ricard. Vendredi soir, les seniors f\u00e9minines ont jou\u00e9 leur premier match amical. Ce rendez-vous a permis de prendre les premiers rep\u00e8res collectifs. Ce fut un match int\u00e9ressant dans les intentions, qui ont offert une tr\u00e8s bonne base de travail pour la suite. La semaine derni\u00e8re, c\u2019\u00e9tait la reprise du foot \u00e0 8. Entre joie et retrouvailles, tous les ingr\u00e9dients \u00e9taient r\u00e9unis pour bien d\u00e9marrer.<\/p>\n<p>    La famille du Stade s\u2019agrandit<\/p>\n<p>Alexis Ricard, co-entra\u00eeneur des seniors a eu un heureux \u00e9v\u00e8nement avec sa compagne. Tout deux ont f\u00eat\u00e9 l\u2019arriv\u00e9e de leur enfant Raphael.<\/p>\n<p>Le 6 septembre, le Stade sera pr\u00e9sent lors du salon des associations, sous la halle, toute la journ\u00e9e. Les b\u00e9n\u00e9voles pr\u00e9senterons le d\u00e9roulement des 120 ans, la vie du club et, \u00e9ventuellement, de nouvelles inscriptions.<\/p>\n","protected":false},"excerpt":{"rendered":"Apr\u00e8s avoir gagn\u00e9 contre Lanu\u00e9jouls le week-end dernier, les Stadistes ont affront\u00e9 Le Monast\u00e8re (R3) lors d\u2019un nouveau&hellip;\n","protected":false},"author":2,"featured_media":359909,"comment_status":"","ping_status":"","sticky":false,"template":"","format":"standard","meta":{"footnotes":""},"categories":[1586],"tags":[11,1777,674,1779,1011,27,12,25,1778,364],"class_list":{"0":"post-359908","1":"post","2":"type-post","3":"status-publish","4":"format-standard","5":"has-post-thumbnail","7":"category-europe","8":"tag-actualites","9":"tag-eu","10":"tag-europe","11":"tag-european-union","12":"tag-fr","13":"tag-france","14":"tag-news","15":"tag-republique-francaise","16":"tag-ue","17":"tag-union-europeenne"},"share_on_mastodon":{"url":"https:\/\/pubeurope.com\/@fr\/115132791773271956","error":""},"_links":{"self":[{"href":"https:\/\/www.europesays.com\/fr\/wp-json\/wp\/v2\/posts\/359908","targetHints":{"allow":["GET"]}}],"collection":[{"href":"https:\/\/www.europesays.com\/fr\/wp-json\/wp\/v2\/posts"}],"about":[{"href":"https:\/\/www.europesays.com\/fr\/wp-json\/wp\/v2\/types\/post"}],"author":[{"embeddable":true,"href":"https:\/\/www.europesays.com\/fr\/wp-json\/wp\/v2\/users\/2"}],"replies":[{"embeddable":true,"href":"https:\/\/www.europesays.com\/fr\/wp-json\/wp\/v2\/comments?post=359908"}],"version-history":[{"count":0,"href":"https:\/\/www.europesays.com\/fr\/wp-json\/wp\/v2\/posts\/359908\/revisions"}],"wp:featuredmedia":[{"embeddable":true,"href":"https:\/\/www.europesays.com\/fr\/wp-json\/wp\/v2\/media\/359909"}],"wp:attachment":[{"href":"https:\/\/www.europesays.com\/fr\/wp-json\/wp\/v2\/media?parent=359908"}],"wp:term":[{"taxonomy":"category","embeddable":true,"href":"https:\/\/www.europesays.com\/fr\/wp-json\/wp\/v2\/categories?post=359908"},{"taxonomy":"post_tag","embeddable":true,"href":"https:\/\/www.europesays.com\/fr\/wp-json\/wp\/v2\/tags?post=359908"}],"curies":[{"name":"wp","href":"https:\/\/api.w.org\/{rel}","templated":true}]}}