{"id":359914,"date":"2025-09-02T04:24:16","date_gmt":"2025-09-02T04:24:16","guid":{"rendered":"https:\/\/www.europesays.com\/fr\/359914\/"},"modified":"2025-09-02T04:24:16","modified_gmt":"2025-09-02T04:24:16","slug":"des-nuages-de-la-pluie-et-du-soleil-sont-annonces-aujourdhui","status":"publish","type":"post","link":"https:\/\/www.europesays.com\/fr\/359914\/","title":{"rendered":"des nuages, de la pluie et du soleil sont annonc\u00e9s aujourd&rsquo;hui"},"content":{"rendered":"<p>\n          Ce contenu est g\u00e9n\u00e9r\u00e9 automatiquement \u00e0 partir des donn\u00e9es de notre partenaire Foreca\n        <\/p>\n<p class=\"c-chapo \">\n  On pr\u00e9voit des vigilances crues ce jour. Il faut compter sur un temps variable ce mardi : des nuages sont pr\u00e9vus sur les c\u00f4tes de la Manche et de l&rsquo;Atlantique, en Occitanie et en \u00cele-de-France, tandis que de la pluie est annonc\u00e9e dans l&rsquo;ouest et du soleil dans la vall\u00e9e du Rh\u00f4ne ainsi qu&rsquo;en Provence-Alpes-C\u00f4te d&rsquo;Azur.\n<\/p>\n<p>            lire plus tard<\/p>\n<p id=\"dialog__title\" class=\"dialog__title\">Pour sauvegarder cet article, connectez-vous ou cr\u00e9ez un compte franceinfo<\/p>\n<p class=\"dialog__description\">Sans paiement. Sans abonnement.<\/p>\n<p>        Fermer la fen\u00eatre d\u2019activation des notifications France Info<\/p>\n<p>            cr\u00e9er votre compte<\/p>\n<p>            se connecter<\/p>\n<p>        Fermer la fen\u00eatre de pr\u00e9sentation<\/p>\n<p>    <img decoding=\"async\" class=\"signature__image\" width=\"44\" height=\"44\"  alt=\"\" src=\"https:\/\/www.franceinfo.fr\/assets\/common\/images\/galaxie-icons\/avatar-e7320e16.svg\" fetchpriority=\"high\"\/><\/p>\n<p>    Publi\u00e9 le 02\/09\/2025 06:00<\/p>\n<p>        Temps de lecture : 4min<\/p>\n<p>    <img decoding=\"async\"  alt=\"\u00a0\" width=\"432\" height=\"243\" src=\"https:\/\/www.europesays.com\/fr\/wp-content\/uploads\/2025\/09\/7468189-call-68b66bd138603621490762.png\" fetchpriority=\"high\"\/><\/p>\n<p>      \u00a0<\/p>\n<p>2 d\u00e9partements sont en alerte jaune crues aujourd&rsquo;hui. Les territoires concern\u00e9s sont les suivants : les Bouches-du-Rh\u00f4ne ainsi que le Var. Consultez le d\u00e9tail des vigilances avec <a href=\"https:\/\/meteo.franceinfo.fr\/vigilance-meteo-france\" target=\"_blank\" rel=\"noopener nofollow\" data-stringify-link=\"https:\/\/meteo.franceinfo.fr\/vigilance-meteo-france\" data-sk=\"tooltip_parent\"> notre carte en temps r\u00e9el<\/a>.<\/p>\n<p>L&rsquo;extr\u00eame Sud-Est et le pourtour m\u00e9diterran\u00e9en, ce matin, sont plac\u00e9s sous le signe du soleil.<\/p>\n<p>Des pluies moyennes sont au rendez-vous sur les Vosges.<\/p>\n<p>Des nuages sont pr\u00e9sents sur les Pyr\u00e9n\u00e9es, sur la C\u00f4te basque et sur l&rsquo;extr\u00eame Sud-Ouest. Un vent de sud, atteignant 35 km\/h, souffle sur le quart Nord-Ouest, sur le Nord, sur les Pyr\u00e9n\u00e9es, dans la plaine d&rsquo;Alsace, sur la C\u00f4te basque et sur l&rsquo;extr\u00eame Sud-Ouest. Les C\u00e9vennes sont gagn\u00e9es par un vent de nord-ouest de 24 km\/h. Il fait  17\u00b0C \u00e0 Rouen,  18\u00b0C du c\u00f4t\u00e9 de Bordeaux,  16\u00b0C \u00e0 Mulhouse et  20\u00b0C \u00e0 Nice. La maximale est de  27\u00b0C \u00e0 Poggio-Mezzana. <\/p>\n<p>La Corse et l&rsquo;extr\u00eame Sud-Est sont baign\u00e9s de soleil cet apr\u00e8s-midi.<\/p>\n<p>Le ciel du Sud-Ouest et des C\u00e9vennes voit appara\u00eetre une perturbation nuageuse.<\/p>\n<p>Des pluies fines sont attendues sur l&rsquo;extr\u00eame Nord-Est et dans la plaine d&rsquo;Alsace. Les valeurs maximales restent en hausse. Les valeurs sont de  22\u00b0C du c\u00f4t\u00e9 de Lille,  28\u00b0C \u00e0 Pau et la temp\u00e9rature maximale est de  29\u00b0C \u00e0 Cannes. Il fait aussi  24\u00b0C \u00e0 Strasbourg et  27\u00b0C \u00e0 Perpignan.<\/p>\n<p>Des nuages vont appara\u00eetre au-dessus du Sud-Ouest, des Pyr\u00e9n\u00e9es, du Golfe du Lion, des C\u00e9vennes et du Val de Sa\u00f4ne.<\/p>\n<p>Des pluies faibles concernent l&rsquo;\u00cele-de-France. Comptez sur une moyenne de  20\u00b0C \u00e0 Lille,  17\u00b0C \u00e0 Cherbourg-en-Cotentin,  26\u00b0C du c\u00f4t\u00e9 de Toulouse et enfin  28\u00b0C \u00e0 Prades.<\/p>\n<p>Enfin, on s&rsquo;attend \u00e0 un temps nuageux entre mardi et mercredi. <\/p>\n<p>Des \u00e9claircies sont attendues le matin sur la Corse.<\/p>\n<p>Le ciel du quart Sud-Est, du Sud, du Sud-Ouest, du Golfe du Lion et du Val de Sa\u00f4ne sera inond\u00e9 de soleil.<\/p>\n<p>Des nuages vont appara\u00eetre dans les Hauts-de-France, dans la r\u00e9gion Centre et en \u00cele-de-France. On pr\u00e9voit  17\u00b0C \u00e0 Lille,  18\u00b0C \u00e0 Cherbourg-en-Cotentin et  Montpellier,  16\u00b0C \u00e0 Mulhouse et on ira jusqu&rsquo;\u00e0  28\u00b0C \u00e0 Argel\u00e8s-Gazost.<\/p>\n<p>L&rsquo;apr\u00e8s-midi sera rythm\u00e9 par le soleil sur la Corse, sur le quart Sud-Est, sur le Sud, sur le Golfe du Lion et dans la plaine d&rsquo;Alsace.<\/p>\n<p>Dans l&rsquo;Aube, en Charente, dans la Creuse, en Haute-Marne, en Haute-Vienne, en Meurthe-et-Moselle, dans la Ni\u00e8vre et \u00e0 Paris, une couche nuageuse va appara\u00eetre et assombrir le ciel.<\/p>\n<p>C\u00f4t\u00e9 temp\u00e9ratures, on attend  22\u00b0C \u00e0 Lille,  24\u00b0C \u00e0 Strasbourg,  27\u00b0C du c\u00f4t\u00e9 de Perpignan et  Bastia. La maximale sera de  32\u00b0C \u00e0 Prades.<\/p>\n<p>Sur la Corse, sur le Sud-Est, sur les Alpes, sur les Vosges et dans la plaine d&rsquo;Alsace, le ciel sera domin\u00e9 par le soleil le soir.<\/p>\n<p>La C\u00f4te basque sera couverte, une masse nuageuse va appara\u00eetre sur toute la zone.<\/p>\n<p>Les habitants de l&rsquo;Eure et de la Vend\u00e9e seront sous des pluies fines. Pr\u00e9voyez  19\u00b0C \u00e0 Rouen,  17\u00b0C \u00e0 Brest ainsi qu&rsquo;\u00e0  Aurillac,  22\u00b0C \u00e0 Strasbourg,  26\u00b0C du c\u00f4t\u00e9 de Toulouse,  25\u00b0C \u00e0 Clermont-Ferrand et la maximale sera de  30\u00b0C \u00e0 Albi.<\/p>\n<p>Pour finir, le ciel de la nuit sera clair. <\/p>\n<p>Allergies aux pollens : consultez les risques avec <a href=\"https:\/\/meteo.franceinfo.fr\/risque-allergies-pollen-france\" target=\"_blank\" rel=\"noopener nofollow\" data-stringify-link=\"https:\/\/meteo.franceinfo.fr\/risque-allergies-pollen-france\" data-sk=\"tooltip_parent\"> notre carte en temps r\u00e9el<\/a>. <\/p>\n<p>Feux de for\u00eat : consultez les risques avec <a href=\"https:\/\/meteo.franceinfo.fr\/risques-incendies-feux-foret-france\" target=\"_blank\" rel=\"noopener nofollow\" data-stringify-link=\"https:\/\/meteo.franceinfo.fr\/risques-incendies-feux-foret-france\" data-sk=\"tooltip_parent\"> notre carte en temps r\u00e9el<\/a>.<\/p>\n","protected":false},"excerpt":{"rendered":"Ce contenu est g\u00e9n\u00e9r\u00e9 automatiquement \u00e0 partir des donn\u00e9es de notre partenaire Foreca On pr\u00e9voit des vigilances crues&hellip;\n","protected":false},"author":2,"featured_media":359915,"comment_status":"","ping_status":"","sticky":false,"template":"","format":"standard","meta":{"footnotes":""},"categories":[4],"tags":[11,1011,27,12,25],"class_list":{"0":"post-359914","1":"post","2":"type-post","3":"status-publish","4":"format-standard","5":"has-post-thumbnail","7":"category-france","8":"tag-actualites","9":"tag-fr","10":"tag-france","11":"tag-news","12":"tag-republique-francaise"},"share_on_mastodon":{"url":"https:\/\/pubeurope.com\/@fr\/115132804445735389","error":""},"_links":{"self":[{"href":"https:\/\/www.europesays.com\/fr\/wp-json\/wp\/v2\/posts\/359914","targetHints":{"allow":["GET"]}}],"collection":[{"href":"https:\/\/www.europesays.com\/fr\/wp-json\/wp\/v2\/posts"}],"about":[{"href":"https:\/\/www.europesays.com\/fr\/wp-json\/wp\/v2\/types\/post"}],"author":[{"embeddable":true,"href":"https:\/\/www.europesays.com\/fr\/wp-json\/wp\/v2\/users\/2"}],"replies":[{"embeddable":true,"href":"https:\/\/www.europesays.com\/fr\/wp-json\/wp\/v2\/comments?post=359914"}],"version-history":[{"count":0,"href":"https:\/\/www.europesays.com\/fr\/wp-json\/wp\/v2\/posts\/359914\/revisions"}],"wp:featuredmedia":[{"embeddable":true,"href":"https:\/\/www.europesays.com\/fr\/wp-json\/wp\/v2\/media\/359915"}],"wp:attachment":[{"href":"https:\/\/www.europesays.com\/fr\/wp-json\/wp\/v2\/media?parent=359914"}],"wp:term":[{"taxonomy":"category","embeddable":true,"href":"https:\/\/www.europesays.com\/fr\/wp-json\/wp\/v2\/categories?post=359914"},{"taxonomy":"post_tag","embeddable":true,"href":"https:\/\/www.europesays.com\/fr\/wp-json\/wp\/v2\/tags?post=359914"}],"curies":[{"name":"wp","href":"https:\/\/api.w.org\/{rel}","templated":true}]}}