{"id":359916,"date":"2025-09-02T04:25:21","date_gmt":"2025-09-02T04:25:21","guid":{"rendered":"https:\/\/www.europesays.com\/fr\/359916\/"},"modified":"2025-09-02T04:25:21","modified_gmt":"2025-09-02T04:25:21","slug":"ryder-cup-2025-la-valse-des-decus","status":"publish","type":"post","link":"https:\/\/www.europesays.com\/fr\/359916\/","title":{"rendered":"Ryder Cup 2025 : la valse des d\u00e9\u00e7us"},"content":{"rendered":"<p>\t\t\t\t\t\t<img width=\"770\" height=\"556\" src=\"https:\/\/www.europesays.com\/fr\/wp-content\/uploads\/2025\/08\/afp__20250824__2231831451__v1__highres__betfredbritishmastershostedbysirnickfaldo202-770x556.jpg\" class=\"img-responsive wp-post-image\" alt=\"\" decoding=\"async\" fetchpriority=\"high\"  \/>\t\t\t\t\t<\/p>\n<p>\t\t\t\t\t\t Partager cet article <\/p>\n<p class=\"screen-reader-text juiz_sps_maybe_hidden_text\">Partager la publication \u00ab\u00a0Ryder Cup 2025 : la valse des d\u00e9\u00e7us\u00a0\u00bb<\/p>\n<p><strong>L\u2019\u00e9quipe europ\u00e9enne de Ryder Cup est marqu\u00e9e par des choix difficiles, des d\u00e9ceptions profondes chez certains joueurs comme Matt Wallace ou Marco Penge, tandis que le DP World Tour se r\u00e9v\u00e8le un passage oblig\u00e9 mais parfois frustrant pour les joueurs europ\u00e9ens.<\/strong><\/p>\n<p>\t\t\t\t\t<a id=\"179394\" href=\"https:\/\/eu.ping.com\/fr-fr\/clubs\/irons\/i240\" target=\"_blank\" rel=\"sponsorised nofollow noopener\"><img decoding=\"async\" src=\"data:image\/svg+xml,%3Csvg%20xmlns=\" http:=\"\" class=\"img-responsive\" alt=\"\" data-lazy-src=\"https:\/\/www.europesays.com\/fr\/wp-content\/uploads\/2025\/07\/ping-e06-fers-i240-1170x275-1.jpg\"\/><\/a><\/p>\n<p><a href=\"https:\/\/www.golfplanete.com\/actualites\/luke-donald-annonce-sans-la-moindre-surprise-ses-six-picks-pour-bethpage-black\/\" rel=\"nofollow noopener\" target=\"_blank\">L\u2019annonce officielle de l\u2019\u00e9quipe europ\u00e9enne<\/a> pour la <strong>Ryder Cup<\/strong> 2025 a suscit\u00e9 son lot de d\u00e9ceptions. M\u00eame le capitaine <strong>Luke Donald<\/strong> a reconnu la difficult\u00e9 de ces choix, soulignant l\u2019\u00e9motion palpable chez ceux qui ont \u00e9t\u00e9 laiss\u00e9s sur la touche.<\/p>\n<p>Surtout dans le contexte de la s\u00e9lection de <strong>Matt Fitzpatrick<\/strong>, choisi en tant que \u00ab\u00a0captain\u2019s pick\u00a0\u00bb pour la 3e fois. M\u00eame s\u2019il a enregistr\u00e9 des top 10 dans 6 de ses 8 derniers tournois, et notamment termin\u00e9 4e de <strong>The Open<\/strong>, il compte 7 d\u00e9faites en 8 matches de Ryder Cup !<\/p>\n<p>\t\t\t\t\t<a id=\"172238\" href=\"https:\/\/www.proambiarritz.com\/\" target=\"_blank\" rel=\"sponsorised nofollow noopener\"><img fetchpriority=\"high\" decoding=\"async\" src=\"https:\/\/www.europesays.com\/fr\/wp-content\/uploads\/2025\/05\/golffirst_e03-proam-biarritz-1170x275-1.gif\" class=\"img-responsive\" alt=\"\"\/><\/a><\/p>\n<blockquote class=\"twitter-tweet\">\n<p dir=\"ltr\" lang=\"en\">Matt Fitzpatrick\u2019s 1-7-0 Ryder Cup record<\/p>\n<p>\u274c Lost to Snedeker\/Koepka w\/Stenson<br \/>\u274c Lost to Zach Johnson<br \/>\u274c Lost to Koepka\/Berger w\/Westy<br \/>\u274c Lost to Xander\/Cantlay w\/Westy<br \/>\u274c Lost to Berger<br \/>\ud83d\udc4d Beat Xander\/Morikawa w\/Rory<br \/>\u274c Lost to Cantlay\/Clark w\/Rory<br \/>\u274c Lost to Homa<\/p>\n<p>A concern? <a href=\"https:\/\/t.co\/D6KWkATlFG\" rel=\"nofollow\">pic.twitter.com\/D6KWkATlFG<\/a><\/p>\n<p>\u2014 Jamie Kennedy (@jamierkennedy) <a href=\"https:\/\/twitter.com\/jamierkennedy\/status\/1962506810771767529?ref_src=twsrc%5Etfw\" rel=\"nofollow noopener\" target=\"_blank\">September 1, 2025<\/a><\/p>\n<\/blockquote>\n<p>\t\t\t\t\t<a id=\"183955\" href=\"https:\/\/bmwgolfcup.fr\/fr\/partenaires\" target=\"_blank\" rel=\"sponsorised nofollow noopener\"><img decoding=\"async\" src=\"data:image\/svg+xml,%3Csvg%20xmlns=\" http:=\"\" class=\"img-responsive\" alt=\"\" data-lazy-src=\"https:\/\/www.europesays.com\/fr\/wp-content\/uploads\/2025\/09\/oris-e01-bmw-cup-25-1170x275-1.jpg\"\/><\/a><br \/>\nLe DP World Tour, un tremplin savoneux ?<\/p>\n<p><strong>Sergio Garcia<\/strong> a <a href=\"https:\/\/www.golfmagic.com\/tour\/dp-world-tour\/exclusive-sergio-garcia-reacts-mentally-tough-ryder-cup-disappointment\" target=\"_blank\" rel=\"noopener nofollow\">expliqu\u00e9 \u00e0 GolfMagic<\/a> qu\u2019il s\u2019\u00e9tait retir\u00e9 de l\u2019<strong>Irish Open <\/strong>cette semaine parce qu\u2019il \u00ab ne serait pas pleinement engag\u00e9 \u00bb apr\u00e8s ne pas avoir \u00e9t\u00e9 retenu pour la Ryder Cup. \u00ab\u00a0J\u2019avais tellement h\u00e2te de faire partie de cette \u00e9quipe, alors mentalement c\u2019est assez dur\u00a0\u00bb, a ajout\u00e9 le meilleur marqueur de points dans l\u2019histoire de la comp\u00e9tition.<\/p>\n<p><strong>Matt Wallace<\/strong> n\u2019avait pas attendu l\u2019annonce de Luke Donald pour montrer sa d\u00e9ception de ne pas avoir \u00e9t\u00e9 s\u00e9lectionn\u00e9. \u00ab\u00a0Je n\u2019abandonnerai jamais\u00a0\u00bb, a-t-il simplement r\u00e9ussi \u00e0 dire, en pleurs, apr\u00e8s sa 2e place \u00e0 l\u2019<strong>Omega European Masters<\/strong>. Fair play, l\u2019Anglais a depuis souhait\u00e9 bonne chance \u00e0 l\u2019\u00e9quipe sur les r\u00e9seaux sociaux.<\/p>\n<p>\t\t\t\t\t<a id=\"183926\" href=\"https:\/\/www.formigolf.fr\/voyage-pays~elba-sunset-mallorca-4etoiles~803~baleares\" target=\"_blank\" rel=\"sponsorised nofollow noopener\"><img decoding=\"async\" src=\"data:image\/svg+xml,%3Csvg%20xmlns=\" http:=\"\" class=\"img-responsive\" alt=\"\" data-lazy-src=\"https:\/\/www.europesays.com\/fr\/wp-content\/uploads\/2025\/09\/formigolf-e09-majorque-elba-1170x275-1.gif\"\/><\/a><\/p>\n<blockquote class=\"twitter-tweet\" data-media-max-width=\"560\">\n<p dir=\"ltr\" lang=\"en\">\u00ab\u00a0I\u2019ll never give up on the Ryder Cup!\u00a0\u00bb<\/p>\n<p>Matt Wallace breaks down in tears over Team Europe hopes \ud83c\uddea\ud83c\uddfa <a href=\"https:\/\/t.co\/6k2i7H5en3\" rel=\"nofollow\">pic.twitter.com\/6k2i7H5en3<\/a><\/p>\n<p>\u2014 Sky Sports Golf (@SkySportsGolf) <a href=\"https:\/\/twitter.com\/SkySportsGolf\/status\/1962202612234588424?ref_src=twsrc%5Etfw\" rel=\"nofollow noopener\" target=\"_blank\">August 31, 2025<\/a><\/p>\n<\/blockquote>\n<p><strong>\u00a0<\/strong><\/p>\n<p>\t\t\t\t\t<a id=\"183938\" href=\"https:\/\/golfplus.fr\/garmin-c134\" target=\"_blank\" rel=\"sponsorised nofollow noopener\"><img decoding=\"async\" src=\"data:image\/svg+xml,%3Csvg%20xmlns=\" http:=\"\" class=\"img-responsive\" alt=\"\" data-lazy-src=\"https:\/\/www.europesays.com\/fr\/wp-content\/uploads\/2025\/09\/golfplus-e23-garmin-days-1170x275-1.jpg\"\/><\/a><\/p>\n<p>Luke Donald a r\u00e9v\u00e9l\u00e9 que la d\u00e9cision de ne pas le retenir avait \u00e9t\u00e9 extr\u00eamement difficile \u00e0 prendre. Mais <strong>Marco Penge<\/strong>, <strong>Harry Hall<\/strong>, <strong>Alex Noren<\/strong>, <strong>Aaron Rai<\/strong>, <strong>Nicolai Hojgaard<\/strong> et m\u00eame <strong>Thomas Detry<\/strong> auraient aussi pu pr\u00e9tendre \u00e0 l\u2019un des 6 picks.<\/p>\n<p>Certains joueurs comme <strong>Adrien Saddier<\/strong> ont <a href=\"https:\/\/www.golfplanete.com\/actualites\/adrien-saddier-critique-le-systeme-de-qualification-europeen-de-la-ryder-cup\/\" rel=\"nofollow noopener\" target=\"_blank\">d\u00e9j\u00e0 critiqu\u00e9<\/a> la fa\u00e7on dont les points pour le classement qualificatif pour la Ryder Cup \u00e9taient distribu\u00e9s. Selon lui, <strong>Marco Penge<\/strong> est la principale victime du d\u00e9s\u00e9quilibre qui existe entre les joueurs \u00e9voluant sur le <strong>PGA Tour<\/strong> et ceux cantonn\u00e9s au <strong>DP World Tour.<\/strong><\/p>\n<blockquote><p>\nAucun joueur retenu ne joue sur le circuit europ\u00e9en, alors \u00e0 quoi \u00e7a rime ? Marco Penge m\u00e9ritait d\u2019\u00eatre s\u00e9lectionn\u00e9, tout comme Wallace.<\/p>\n<p>Pablo Larraz\u00e1bal<\/p>\n<\/blockquote>\n<p>Pour\u00a0<strong>Pablo Larraz\u00e1bal<\/strong>, cela refl\u00e8te malheureusement l\u2019\u00e9tat actuel du DP World Tour : \u00ab Encore une fois, Ryder Cup Europe choisit l\u2019\u00e9quipe que le capitaine Luke Donald consid\u00e8re comme la meilleure. Aucun joueur retenu ne joue sur le circuit europ\u00e9en, alors \u00e0 quoi \u00e7a rime ? Marco Penge m\u00e9ritait d\u2019\u00eatre s\u00e9lectionn\u00e9, tout comme Wallace, mais seuls 12 joueurs peuvent participer, a tweet\u00e9 le v\u00e9t\u00e9ran. Bonne chance dans le New Jersey\u2026\u00a0\u00bb<\/p>\n<p>Les joueurs prennent conscience un peu tard qu\u2019en assistant sans se mobiliser contre les d\u00e9cisions de leurs dirigeants \u00e0 la transformation du DP World Tour en v\u00e9ritable tremplin vers le <strong>PGA Tour<\/strong>, ils ont laiss\u00e9 leur circuit d\u00e9p\u00e9rir. Certains observateurs remarquent que les leaderboards sont de moins en moins attrayants, les co\u00fbts en augmentation alors que les contrats avec Rolex et les diffuseurs TV arrivent \u00e0 \u00e9ch\u00e9ance cette ann\u00e9e\u2026<\/p>\n<p>\t\t\t\t\t<a id=\"183947\" href=\"https:\/\/leclub-golf.com\/fr\/actualites\/en-septembre-achetez-votre-carte-classic-et-tentez-de-gagner-votre-abonnement-de-golf?utm_source=golf+planete&amp;utm_medium=referral&amp;utm_campaign=gagner+un+abonnement+golf&amp;utm_id=gagner+un+abonnement+golf_golf+planete_referral_banner\" target=\"_blank\" rel=\"sponsorised nofollow noopener\"><img decoding=\"async\" src=\"data:image\/svg+xml,%3Csvg%20xmlns=\" http:=\"\" class=\"img-responsive\" alt=\"\" data-lazy-src=\"https:\/\/www.europesays.com\/fr\/wp-content\/uploads\/2025\/09\/leclubgolf-e10-niveau-superieur-1170x275-1.png\"\/><\/a><\/p>\n<p>Photo : ROSS KINNAIRD \/ Getty Images via AFP<\/p>\n<p>\t\t\t<script async src=\"https:\/\/platform.twitter.com\/widgets.js\" charset=\"utf-8\"><\/script><\/p>\n","protected":false},"excerpt":{"rendered":"Partager cet article Partager la publication \u00ab\u00a0Ryder Cup 2025 : la valse des d\u00e9\u00e7us\u00a0\u00bb L\u2019\u00e9quipe europ\u00e9enne de Ryder&hellip;\n","protected":false},"author":2,"featured_media":349522,"comment_status":"","ping_status":"","sticky":false,"template":"","format":"standard","meta":{"footnotes":""},"categories":[1418],"tags":[1011,27,1472,60],"class_list":{"0":"post-359916","1":"post","2":"type-post","3":"status-publish","4":"format-standard","5":"has-post-thumbnail","7":"category-golf","8":"tag-fr","9":"tag-france","10":"tag-golf","11":"tag-sports"},"share_on_mastodon":{"url":"https:\/\/pubeurope.com\/@fr\/115132807498683693","error":""},"_links":{"self":[{"href":"https:\/\/www.europesays.com\/fr\/wp-json\/wp\/v2\/posts\/359916","targetHints":{"allow":["GET"]}}],"collection":[{"href":"https:\/\/www.europesays.com\/fr\/wp-json\/wp\/v2\/posts"}],"about":[{"href":"https:\/\/www.europesays.com\/fr\/wp-json\/wp\/v2\/types\/post"}],"author":[{"embeddable":true,"href":"https:\/\/www.europesays.com\/fr\/wp-json\/wp\/v2\/users\/2"}],"replies":[{"embeddable":true,"href":"https:\/\/www.europesays.com\/fr\/wp-json\/wp\/v2\/comments?post=359916"}],"version-history":[{"count":0,"href":"https:\/\/www.europesays.com\/fr\/wp-json\/wp\/v2\/posts\/359916\/revisions"}],"wp:featuredmedia":[{"embeddable":true,"href":"https:\/\/www.europesays.com\/fr\/wp-json\/wp\/v2\/media\/349522"}],"wp:attachment":[{"href":"https:\/\/www.europesays.com\/fr\/wp-json\/wp\/v2\/media?parent=359916"}],"wp:term":[{"taxonomy":"category","embeddable":true,"href":"https:\/\/www.europesays.com\/fr\/wp-json\/wp\/v2\/categories?post=359916"},{"taxonomy":"post_tag","embeddable":true,"href":"https:\/\/www.europesays.com\/fr\/wp-json\/wp\/v2\/tags?post=359916"}],"curies":[{"name":"wp","href":"https:\/\/api.w.org\/{rel}","templated":true}]}}