{"id":359917,"date":"2025-09-02T04:27:10","date_gmt":"2025-09-02T04:27:10","guid":{"rendered":"https:\/\/www.europesays.com\/fr\/359917\/"},"modified":"2025-09-02T04:27:10","modified_gmt":"2025-09-02T04:27:10","slug":"vous-supporters-du-rc-vannes-vous-voyez-le-rcv-remonter-en-top-14-a-la-fin-de-la-saison","status":"publish","type":"post","link":"https:\/\/www.europesays.com\/fr\/359917\/","title":{"rendered":"Vous, supporters du RC Vannes, vous voyez le RCV remonter en Top\u00a014 \u00e0 la fin de la saison"},"content":{"rendered":"<p>Les supporters du <a href=\"https:\/\/www.letelegramme.fr\/sports\/rugby\/rc-vannes\/\" target=\"_blank\" rel=\"noopener\">RC Vannes<\/a> sont tr\u00e8s confiants en ce d\u00e9but de saison ! D\u2019apr\u00e8s notre sondage, propos\u00e9 la semaine derni\u00e8re avant le match \u00e0 Brive, vous \u00eates 83 % \u00e0 voir le RCV remonter en Top 14 d\u00e8s la saison prochaine. 15 % seulement des 65 participants ont vot\u00e9 \u00ab non \u00bb et 2 % \u00ab sans opinion \u00bb.<\/p>\n<p>\u00ab Tr\u00e8s belle \u00e9quipe, avec de tr\u00e8s bonnes recrues, plus forte que l\u2019ann\u00e9e derni\u00e8re. Maintenant, l\u2019ann\u00e9e est longue, il faut de la chance et que la mayonnaise prenne avec tous ces bons joueurs \u00bb, a comment\u00e9 Jean-Michel G.<\/p>\n<p>Avec la prestation encourageante de samedi soir, malgr\u00e9 l\u2019inf\u00e9riorit\u00e9 num\u00e9rique, on peut imaginer que la confiance n\u2019a pas diminu\u00e9.<\/p>\n<p>\u00ab Belle \u00e9quipe mais surtout un club structur\u00e9 \u00bb<\/p>\n<p>\u00ab Tr\u00e8s belle \u00e9quipe, du s\u00e9rieux avec un tr\u00e8s bon entra\u00eeneur et un public incroyable \u00bb, a ajout\u00e9 Bruno L. Tandis que Nicolas J. estime que le RCV poss\u00e8de une \u00ab belle \u00e9quipe mais surtout un club structur\u00e9 autour de son pr\u00e9sident. Toute la Bretagne est derri\u00e8re le RCV. \u00bb<\/p>\n<p>Le seul avis contraire provient de Servane M. : \u00ab 6 clubs de Pro D2 ont connu le Top 14*. La mont\u00e9e ne peut pas \u00eatre une certitude \u00bb.<\/p>\n<p>Il est vrai que la Pro D2 semble plus que comp\u00e9titive que jamais avec, sur le papier, cinq favoris : Vannes, Brive, Grenoble, Provence et Oyonnax. Mais \u00e9galement d\u2019autres outsiders ambitieux comme Colomiers, Soyaux Angoul\u00eame ou encore Biarritz.<\/p>\n<p>La saison s\u2019annonce passionnante.<\/p>\n<p class=\"tech\">*8 depuis la cr\u00e9ation du Top 14 en 2005-2006 (Vannes, Oyonnax, Brive, Biarritz, Agen, Dax, Mont-de-Marsan, Grenoble)<\/p>\n","protected":false},"excerpt":{"rendered":"Les supporters du RC Vannes sont tr\u00e8s confiants en ce d\u00e9but de saison ! D\u2019apr\u00e8s notre sondage, propos\u00e9&hellip;\n","protected":false},"author":2,"featured_media":359918,"comment_status":"","ping_status":"","sticky":false,"template":"","format":"standard","meta":{"footnotes":""},"categories":[1416],"tags":[1011,27,2308,3164,479,1468,60,3165],"class_list":{"0":"post-359917","1":"post","2":"type-post","3":"status-publish","4":"format-standard","5":"has-post-thumbnail","7":"category-rugby","8":"tag-fr","9":"tag-france","10":"tag-pro-d2","11":"tag-rc-vannes","12":"tag-rugby","13":"tag-rugby-football","14":"tag-sports","15":"tag-vannes"},"share_on_mastodon":{"url":"https:\/\/pubeurope.com\/@fr\/115132815362188904","error":""},"_links":{"self":[{"href":"https:\/\/www.europesays.com\/fr\/wp-json\/wp\/v2\/posts\/359917","targetHints":{"allow":["GET"]}}],"collection":[{"href":"https:\/\/www.europesays.com\/fr\/wp-json\/wp\/v2\/posts"}],"about":[{"href":"https:\/\/www.europesays.com\/fr\/wp-json\/wp\/v2\/types\/post"}],"author":[{"embeddable":true,"href":"https:\/\/www.europesays.com\/fr\/wp-json\/wp\/v2\/users\/2"}],"replies":[{"embeddable":true,"href":"https:\/\/www.europesays.com\/fr\/wp-json\/wp\/v2\/comments?post=359917"}],"version-history":[{"count":0,"href":"https:\/\/www.europesays.com\/fr\/wp-json\/wp\/v2\/posts\/359917\/revisions"}],"wp:featuredmedia":[{"embeddable":true,"href":"https:\/\/www.europesays.com\/fr\/wp-json\/wp\/v2\/media\/359918"}],"wp:attachment":[{"href":"https:\/\/www.europesays.com\/fr\/wp-json\/wp\/v2\/media?parent=359917"}],"wp:term":[{"taxonomy":"category","embeddable":true,"href":"https:\/\/www.europesays.com\/fr\/wp-json\/wp\/v2\/categories?post=359917"},{"taxonomy":"post_tag","embeddable":true,"href":"https:\/\/www.europesays.com\/fr\/wp-json\/wp\/v2\/tags?post=359917"}],"curies":[{"name":"wp","href":"https:\/\/api.w.org\/{rel}","templated":true}]}}