{"id":359921,"date":"2025-09-02T04:30:18","date_gmt":"2025-09-02T04:30:18","guid":{"rendered":"https:\/\/www.europesays.com\/fr\/359921\/"},"modified":"2025-09-02T04:30:18","modified_gmt":"2025-09-02T04:30:18","slug":"pedrosa-met-en-lumiere-la-pression-subie-par-bagnaia-face-a-marquez","status":"publish","type":"post","link":"https:\/\/www.europesays.com\/fr\/359921\/","title":{"rendered":"Pedrosa met en lumi\u00e8re la pression subie par Bagnaia face \u00e0 M\u00e1rquez"},"content":{"rendered":"<p>Pedrosa explique que Bagnaia se trouve dans une position inconfortable : pourquoi devrait-il devoir composer avec M\u00e1rquez ? L\u2019arriv\u00e9e du champion espagnol a clairement boulevers\u00e9 l\u2019ordre \u00e9tabli, cr\u00e9ant une pression mentale durable pour son co\u00e9quipier. Cette tension peut miner la confiance, surtout lorsqu\u2019on voit quelqu\u2019un dominer autant, sans effort apparent.<\/p>\n<p><b>Deux styles de pilotage aux antipodes<\/b><\/p>\n<p>L\u2019analyse de Pedrosa met en lumi\u00e8re la diff\u00e9rence de pilotage entre les deux hommes. M\u00e1rquez est capable de s\u2019adapter au moindre changement, que ce soit au niveau de la suspension ou de la configuration, sans alt\u00e9rer son rythme. Bagnaia, quant \u00e0 lui, exige une moto parfaitement calibr\u00e9e selon son style : une moindre modification peut l\u2019amener \u00e0 perdre en performance. Cette disparit\u00e9 cr\u00e9e un d\u00e9savantage certain dans un environnement o\u00f9 l\u2019adaptabilit\u00e9 est essentielle.<\/p>\n<blockquote>\n<p>\u201cC\u2019\u00e9tait un week-end en dents de scie, et malgr\u00e9 cela, il a r\u00e9ussi \u00e0 redresser la barre en course\u00a0: \u00a0parti quinzi\u00e8me il a termin\u00e9 neuvi\u00e8me. Disons que le d\u00e9part \u00e9tait bon. Au premier tour, il a regagn\u00e9 beaucoup de places. Il y a des points positifs \u00e0 retenir de la course de Bagnaia. \u00c9videmment, il y a aussi des points n\u00e9gatifs, comme sa position finale, cette erreur dans le dernier tour. Mais je pense qu\u2019il devrait essayer de retenir les points positifs, m\u00eame minimes, mais il devrait les conserver.\u201d Exprime Pedrosa apr\u00e8s le Balaton Park, source : <a href=\"http:\/\/paddock-gp.com\" target=\"_blank\" rel=\"noopener\">paddock-gp.com<\/a>\u00a0<\/p>\n<\/blockquote>\n<p>L\u2019arriv\u00e9e de M\u00e1rquez a non seulement attir\u00e9 les projecteurs sur lui, mais aussi transform\u00e9 la dynamique au sein du box Ducati. Bagnaia, auparavant fer de lance de l\u2019\u00e9quipe, se retrouve maintenant rel\u00e9gu\u00e9 en second plan au plan m\u00e9diatique. Pour Pedrosa, cette inversion de statut pousse l\u2019Italien \u00e0 se remettre en question, tout en devant rester performant sur la piste.<\/p>\n<p>    Partagez cette info avec vos amis et vos proches en cliquant ici  <\/p>\n<p> Podcasts \u00e0 la une MEN LIFE <\/p>\n<p>    MotoGP : Pedrosa analyse les difficult\u00e9s de Bagnaia face \u00e0 M\u00e1rquez<\/p>\n<p>Dani Pedrosa a livr\u00e9 son analyse sur la situation d\u00e9licate de Francesco Bagnaia. L\u2019Italien, double champion du monde, peine \u00e0 trouver sa place depuis l\u2019arriv\u00e9e de Marc M\u00e1rquez chez Ducati. Entre pression psychologique, diff\u00e9rences de style de pilotage et perte de visibilit\u00e9 m\u00e9diatique, Bagnaia traverse une p\u00e9riode complexe que Pedrosa d\u00e9code avec pr\u00e9cision.<\/p>\n<p>R\u00e9dacteur<\/p>\n<p><img decoding=\"async\" width=\"76\" height=\"76\" loading=\"lazy\" src=\"https:\/\/www.europesays.com\/fr\/wp-content\/uploads\/2025\/04\/avatar-sport-am.png\" alt=\"Victor Teyssier\"\/><\/p>\n","protected":false},"excerpt":{"rendered":"Pedrosa explique que Bagnaia se trouve dans une position inconfortable : pourquoi devrait-il devoir composer avec M\u00e1rquez ?&hellip;\n","protected":false},"author":2,"featured_media":359922,"comment_status":"","ping_status":"","sticky":false,"template":"","format":"standard","meta":{"footnotes":""},"categories":[1413],"tags":[1011,27,1457,1456,60],"class_list":{"0":"post-359921","1":"post","2":"type-post","3":"status-publish","4":"format-standard","5":"has-post-thumbnail","7":"category-moto","8":"tag-fr","9":"tag-france","10":"tag-moto","11":"tag-motocycle","12":"tag-sports"},"share_on_mastodon":{"url":"https:\/\/pubeurope.com\/@fr\/115132827204068813","error":""},"_links":{"self":[{"href":"https:\/\/www.europesays.com\/fr\/wp-json\/wp\/v2\/posts\/359921","targetHints":{"allow":["GET"]}}],"collection":[{"href":"https:\/\/www.europesays.com\/fr\/wp-json\/wp\/v2\/posts"}],"about":[{"href":"https:\/\/www.europesays.com\/fr\/wp-json\/wp\/v2\/types\/post"}],"author":[{"embeddable":true,"href":"https:\/\/www.europesays.com\/fr\/wp-json\/wp\/v2\/users\/2"}],"replies":[{"embeddable":true,"href":"https:\/\/www.europesays.com\/fr\/wp-json\/wp\/v2\/comments?post=359921"}],"version-history":[{"count":0,"href":"https:\/\/www.europesays.com\/fr\/wp-json\/wp\/v2\/posts\/359921\/revisions"}],"wp:featuredmedia":[{"embeddable":true,"href":"https:\/\/www.europesays.com\/fr\/wp-json\/wp\/v2\/media\/359922"}],"wp:attachment":[{"href":"https:\/\/www.europesays.com\/fr\/wp-json\/wp\/v2\/media?parent=359921"}],"wp:term":[{"taxonomy":"category","embeddable":true,"href":"https:\/\/www.europesays.com\/fr\/wp-json\/wp\/v2\/categories?post=359921"},{"taxonomy":"post_tag","embeddable":true,"href":"https:\/\/www.europesays.com\/fr\/wp-json\/wp\/v2\/tags?post=359921"}],"curies":[{"name":"wp","href":"https:\/\/api.w.org\/{rel}","templated":true}]}}