{"id":359923,"date":"2025-09-02T04:31:10","date_gmt":"2025-09-02T04:31:10","guid":{"rendered":"https:\/\/www.europesays.com\/fr\/359923\/"},"modified":"2025-09-02T04:31:10","modified_gmt":"2025-09-02T04:31:10","slug":"f1-alpine-de-laudace-mais-aucune-recompense-a-lissue-du-chemin-de-croix-neerlandais-le-mag-sport-auto-le-mag-sport-auto","status":"publish","type":"post","link":"https:\/\/www.europesays.com\/fr\/359923\/","title":{"rendered":"F1 Alpine, de l&#039;audace mais aucune r\u00e9compense \u00e0 l&#039;issue du chemin de croix n\u00e9erlandais ! &#8211; Le Mag Sport Auto &#8211; Le Mag Sport Auto"},"content":{"rendered":"<ol>\n<li><a href=\"https:\/\/news.google.com\/rss\/articles\/CBMiygFBVV95cUxObWtRSzZmWDRXSmc4V0tZWHhwQW9CRWVGaDZmWWh4THBJeUxuVDJ1VWxxcWd6WFphSGJRcmpXR3V4Wi15WFBOMHhyTG9UVHJnV3BfT3o3U2xmRmNOeWJ3b19yZVBoclkzbXBONHNFeWFpWHJvOFJETjh4ejZuOFVFQ2xNWEdlbzdVem9xY1p5R18wdzR4TEVzWjJWUzBKbHprTDNUcjJZaGczYnBmS2dHZmxMNEdESnZVWGhVY0daUGhWdWlJU3pzbmdB?oc=5\" target=\"_blank\" rel=\"noopener\">F1 Alpine, de l&rsquo;audace mais aucune r\u00e9compense \u00e0 l&rsquo;issue du chemin de croix n\u00e9erlandais ! &#8211; Le Mag Sport Auto<\/a>&nbsp;&nbsp;Le Mag Sport Auto<\/li>\n<li><a href=\"https:\/\/news.google.com\/rss\/articles\/CBMikwJBVV95cUxONTJDMWRnajA1a3FKclk4WUVYVU9YOWU3d1RoWXp4LU8tcDNiNVZvLXpsVzNnbUdmSXc0dTlnRlFlSUtwUmhxR2xPaDJQZFVqYVJGc3Z3MW9YVGZOc0E1N2c2azkxalliVXFWZDNObUE2VWdkblRseHJSZTRMYTJxUFJrTC1FUXRtSl8wazUya2MyWkxUTTREMWhoeS1MTHliSktGN3hTMWdaQnluTnlJT1dQTnNELUs1THQ2czF1TWFYRUZyMzhocnU2UlUxdXdZV0prZjlzemZGdExrczIzUUN5T1hwZkNQX0NGXzhoS3QxZ282Z2Z2RE9KZ1dQZzhvek5GeU5VM1FzVzNzalJaTnEtMA?oc=5\" target=\"_blank\" rel=\"noopener\">\u00ab Ce n&rsquo;\u00e9tait peut-\u00eatre pas le bon moment \u00bb : Flavio Briatore reconna\u00eet qu&rsquo;il a sans doute fait une erreur en titularisant Franco Colapinto<\/a>&nbsp;&nbsp;L&rsquo;\u00c9quipe<\/li>\n<li><a href=\"https:\/\/news.google.com\/rss\/articles\/CBMixwFBVV95cUxQRFctdGROS0F5SVVVMXQ4ay03aXBkNmFCNFBaS2JmZHJ0Q3BaSEZ3QTJoOUVnSXNWRWJNVUxDSXA4VDFiTUZMeTZzTWtIUWxCOVAxbWVKeDhGQ2liZVlHVXFqaDUxTlB5NFF6UlFGVUJtYVMtMEk2bXdvNUhrSlpBb1FRT1ctWWhtWDdwWGlmUkk5WkdPVWZiTXB0eGpHckFlOHI2aEtZQ1Jkd2VTeFl0Vmo4elZSbjVmc1hVRkxRV0lUMjFMTFdN?oc=5\" target=\"_blank\" rel=\"noopener\">Alpine F1 crie au miracle manqu\u00e9 \u00e0 Zandvoort malgr\u00e9 un Colapinto prometteur<\/a>&nbsp;&nbsp;f1i.autojournal.fr<\/li>\n<li><a href=\"https:\/\/news.google.com\/rss\/articles\/CBMiuwFBVV95cUxOcnNMZFZESTdhUURGTmVpV0hlWWEzNV9sYlpaSjRTdDdnZE0xbEE4QmtGQ0pVUnhfb2hGWnNrQjFsZlFoQWNJU042X3ZZZTRlRGhuUlB0d1V6Vjg1ZW9qYmZLS0pxcjZJYjYxME1fVE5KbEU0T1p0a2tEbzNXQU5xSzFiazFaYVI3MWdhUFVoYlp1eV8wY3BkY19jQS1FVGpPNFI2cXpNaEtSZmFUcFloLXZ0VXRLYkczTV80?oc=5\" target=\"_blank\" rel=\"noopener\">Quel pilote Alpine alignera-t-elle aux c\u00f4t\u00e9s de Pierre Gasly en 2026 ?<\/a>&nbsp;&nbsp;AutoHebdo<\/li>\n<li><a href=\"https:\/\/news.google.com\/rss\/articles\/CBMirAFBVV95cUxQa2NZUEdmTVY0bmN2dGFZODVsc2JYMlN6YVQ0MEJROGNqSGZUdHJjLXY2NnQ5Y3BqaDhiY2FPN2sxcV9DSkNlN2JEQ2pGTXRWdktPT0QxeUEyZFlNcFJraFozMk1wWUNacUxBZXpNRUpLRTlqV1pwTFFTN1hPY3JKTDY5NlJXVnhfODhyQm5ZaURUZzZtOVhsamNMWWdORE1nSHhiVmVTcC1VbkJO?oc=5\" target=\"_blank\" rel=\"noopener\">F1 : la gestion d\u2019Alpine envers Colapinto suscite des critiques<\/a>&nbsp;&nbsp;Sports Auto Moto<\/li>\n<\/ol>\n","protected":false},"excerpt":{"rendered":"F1 Alpine, de l&rsquo;audace mais aucune r\u00e9compense \u00e0 l&rsquo;issue du chemin de croix n\u00e9erlandais ! &#8211; Le Mag&hellip;\n","protected":false},"author":2,"featured_media":359924,"comment_status":"","ping_status":"","sticky":false,"template":"","format":"standard","meta":{"footnotes":""},"categories":[1412],"tags":[2674,1451,1452,1453,1454,1455,1011,27,2248,60],"class_list":{"0":"post-359923","1":"post","2":"type-post","3":"status-publish","4":"format-standard","5":"has-post-thumbnail","7":"category-f1","8":"tag-alpine","9":"tag-f1","10":"tag-formula-1","11":"tag-formula1","12":"tag-formule-1","13":"tag-formule1","14":"tag-fr","15":"tag-france","16":"tag-pierre-gasly","17":"tag-sports"},"share_on_mastodon":{"url":"https:\/\/pubeurope.com\/@fr\/115132831173653769","error":""},"_links":{"self":[{"href":"https:\/\/www.europesays.com\/fr\/wp-json\/wp\/v2\/posts\/359923","targetHints":{"allow":["GET"]}}],"collection":[{"href":"https:\/\/www.europesays.com\/fr\/wp-json\/wp\/v2\/posts"}],"about":[{"href":"https:\/\/www.europesays.com\/fr\/wp-json\/wp\/v2\/types\/post"}],"author":[{"embeddable":true,"href":"https:\/\/www.europesays.com\/fr\/wp-json\/wp\/v2\/users\/2"}],"replies":[{"embeddable":true,"href":"https:\/\/www.europesays.com\/fr\/wp-json\/wp\/v2\/comments?post=359923"}],"version-history":[{"count":0,"href":"https:\/\/www.europesays.com\/fr\/wp-json\/wp\/v2\/posts\/359923\/revisions"}],"wp:featuredmedia":[{"embeddable":true,"href":"https:\/\/www.europesays.com\/fr\/wp-json\/wp\/v2\/media\/359924"}],"wp:attachment":[{"href":"https:\/\/www.europesays.com\/fr\/wp-json\/wp\/v2\/media?parent=359923"}],"wp:term":[{"taxonomy":"category","embeddable":true,"href":"https:\/\/www.europesays.com\/fr\/wp-json\/wp\/v2\/categories?post=359923"},{"taxonomy":"post_tag","embeddable":true,"href":"https:\/\/www.europesays.com\/fr\/wp-json\/wp\/v2\/tags?post=359923"}],"curies":[{"name":"wp","href":"https:\/\/api.w.org\/{rel}","templated":true}]}}