{"id":359925,"date":"2025-09-02T04:32:09","date_gmt":"2025-09-02T04:32:09","guid":{"rendered":"https:\/\/www.europesays.com\/fr\/359925\/"},"modified":"2025-09-02T04:32:09","modified_gmt":"2025-09-02T04:32:09","slug":"direct-vuelta-2025-10eme-etape-sendaviva-el-ferial-larra-belagua-lequipe","status":"publish","type":"post","link":"https:\/\/www.europesays.com\/fr\/359925\/","title":{"rendered":"DIRECT. Vuelta 2025, 10\u00e8me \u00e9tape (Sendaviva &#8211; El Ferial Larra Belagua) &#8211; L&#039;\u00c9quipe"},"content":{"rendered":"<ol>\n<li><a href=\"https:\/\/news.google.com\/rss\/articles\/CBMilAFBVV95cUxQUVdsUzdrUTQydEUyTm5tR0tGcUdGdUQ4NnljSVV4c0R3Z2hNcG1wUmg4bGw4M0VMZUxLNlN5VjNxTmZCTTNHWXA1ZXBLeklsdkRUWE4wd0d3WmljNHdTVDlhSlBlLXR4RkRnOEFwdUtMMlZxRm15dmx2RnZfLXVkNThTQ2RuLUdxRmtOQk1WVkFiOGdT?oc=5\" target=\"_blank\" rel=\"nofollow noopener\">DIRECT. Vuelta 2025, 10\u00e8me \u00e9tape (Sendaviva &#8211; El Ferial Larra Belagua)<\/a>&nbsp;&nbsp;L&rsquo;\u00c9quipe<\/li>\n<li><a href=\"https:\/\/news.google.com\/rss\/articles\/CBMiigJBVV95cUxOTFk3enBRNDAwQVdLdnI4dUNYcDBGSGFFazVBeWZGRUh0bXA3VG9NOWUyR2d2b1d4elZma1JlTzRHQ0lndXY1ZGE5MWNhS3B4US1XdUlGcEM4SHY2dE1zcV83V2VPZGx0enVHamthbzlWSmlaTkk0RVM4eW51LUJqVkIxS1FZRXNHUy1YbFJtc3ZnSDc3TlNwaHNkYWpEc0NMX1lBMEc1aHdqaEJqaFBEN2ppNHNZREFfeTJjeXAzX1pkNjBHbGh2UUh2WmkteXA1ckhrbkJqMkp1c01paWg1TF96Ny13SjhWZ2xoakRPZjIzWkpaLUo2VDVRMUlBRjdBTnVpelZTMGliZw?oc=5\" target=\"_blank\" rel=\"nofollow noopener\">Vuelta. \u00c0 quelle heure et sur quelle cha\u00eene suivre la dixi\u00e8me \u00e9tape du Tour d\u2019Espagne ?<\/a>&nbsp;&nbsp;Ouest-France<\/li>\n<li><a href=\"https:\/\/news.google.com\/rss\/articles\/CBMisgFBVV95cUxQUUlyak5ZaTRkT1dhektlVFR6d3B5MmFaTWVMZGtlNUdkVFpVWVJiR3dJeTdmLXNKN1hGNHBORnJOcHdpemRISjZSR3pGV0F2aWl2OUVsZGpsOHhvTklrZF9EUFc4U0F6VGxqYU52QlFibEl6cGhRcm5lS0h1dTJSNWdHRl93bVg5ZVpkZ3dVRF9rRk1zckpNTGVUbVJxZEhlc0hhQlRPSzRuV2ROMVFuSGRB?oc=5\" target=\"_blank\" rel=\"nofollow noopener\">Classement g\u00e9n\u00e9ral et r\u00e9sultats apr\u00e8s la 9e \u00e9tape de la Vuelta<\/a>&nbsp;&nbsp;20 Minutes<\/li>\n<li><a href=\"https:\/\/news.google.com\/rss\/articles\/CBMi8AFBVV95cUxNMFpaZkh6MHVrWlZndldYQkZqb3VUVUNFMXUxM01KTlROejROajJITVBNeDZST2JQVWQ5WHhFYVcwTEU4cDFYX01ERTYyeXpJUFRQN1k0UjlMLTBKd2dtaThFeFBGLXpEMzVsTnJPd0FiUHlBUXlGQ0xPQnc5cVgxT0hRZ3A2aEhtMGRCN1JrdnM1dXJyYUp1SmJSZU9oZDBjOW1WVU5TbzRFbi1EMVdjOTJISk5pZ0FFUnBhRkNIQzNCdkc5OUs1Vk9NMkJwMm1BZ3hWZk5nbVpNR1ZrZ0RyRnFWWFA2a0NIUGZoRDgzd0w?oc=5\" target=\"_blank\" rel=\"nofollow noopener\">Vuelta 2025: Jonas Vingegaard remporte la neuvi\u00e8me \u00e9tape mais devra patienter pour le maillot rouge<\/a>&nbsp;&nbsp;RMC Sport<\/li>\n<li><a href=\"https:\/\/news.google.com\/rss\/articles\/CBMi8gFBVV95cUxPMWFkUVc0WEhLVTRBVmtwMnFuZy1kRTU2bmxST0xUUEVTZFlVZTlaeHZNWlpUNTFjQ0V6UEJuUERaMjJfR0F1V1ZaaGg4LXJRelRCR1JlYXVQcFh0RVM1Y2thOFdSNno0cHJPY2NmX2Z5UDhKbWNoYTItR1ZZaFBNcnNYbENhenZOYTZTRTl6elpna0t0U1BfTi1jRHg3cUVaRXZZb0dIdnlhUHFBUW5XMXAtWjdZeFB0dHVqbkRZd0x3WEcyaThyeTUzOGpMSFdyMUpWQ3dxVThpSUh6YnEzSnBQLWtFalV1TnFhMVpjck4zdw?oc=5\" target=\"_blank\" rel=\"nofollow noopener\">Apr\u00e8s un podium il y a deux jours, un coureur d\u2019Ark\u00e9a-B &amp; B Hotels termine encore dans le top 5 de la Vuelta<\/a>&nbsp;&nbsp;Le T\u00e9l\u00e9gramme<\/li>\n<\/ol>\n","protected":false},"excerpt":{"rendered":"DIRECT. Vuelta 2025, 10\u00e8me \u00e9tape (Sendaviva &#8211; El Ferial Larra Belagua)&nbsp;&nbsp;L&rsquo;\u00c9quipe Vuelta. \u00c0 quelle heure et sur quelle&hellip;\n","protected":false},"author":2,"featured_media":344900,"comment_status":"","ping_status":"","sticky":false,"template":"","format":"standard","meta":{"footnotes":""},"categories":[1411],"tags":[1154,207,1011,27,60],"class_list":{"0":"post-359925","1":"post","2":"type-post","3":"status-publish","4":"format-standard","5":"has-post-thumbnail","7":"category-cyclisme","8":"tag-cycling","9":"tag-cyclisme","10":"tag-fr","11":"tag-france","12":"tag-sports"},"share_on_mastodon":{"url":"https:\/\/pubeurope.com\/@fr\/115132835063488716","error":""},"_links":{"self":[{"href":"https:\/\/www.europesays.com\/fr\/wp-json\/wp\/v2\/posts\/359925","targetHints":{"allow":["GET"]}}],"collection":[{"href":"https:\/\/www.europesays.com\/fr\/wp-json\/wp\/v2\/posts"}],"about":[{"href":"https:\/\/www.europesays.com\/fr\/wp-json\/wp\/v2\/types\/post"}],"author":[{"embeddable":true,"href":"https:\/\/www.europesays.com\/fr\/wp-json\/wp\/v2\/users\/2"}],"replies":[{"embeddable":true,"href":"https:\/\/www.europesays.com\/fr\/wp-json\/wp\/v2\/comments?post=359925"}],"version-history":[{"count":0,"href":"https:\/\/www.europesays.com\/fr\/wp-json\/wp\/v2\/posts\/359925\/revisions"}],"wp:featuredmedia":[{"embeddable":true,"href":"https:\/\/www.europesays.com\/fr\/wp-json\/wp\/v2\/media\/344900"}],"wp:attachment":[{"href":"https:\/\/www.europesays.com\/fr\/wp-json\/wp\/v2\/media?parent=359925"}],"wp:term":[{"taxonomy":"category","embeddable":true,"href":"https:\/\/www.europesays.com\/fr\/wp-json\/wp\/v2\/categories?post=359925"},{"taxonomy":"post_tag","embeddable":true,"href":"https:\/\/www.europesays.com\/fr\/wp-json\/wp\/v2\/tags?post=359925"}],"curies":[{"name":"wp","href":"https:\/\/api.w.org\/{rel}","templated":true}]}}