{"id":359928,"date":"2025-09-02T04:34:12","date_gmt":"2025-09-02T04:34:12","guid":{"rendered":"https:\/\/www.europesays.com\/fr\/359928\/"},"modified":"2025-09-02T04:34:12","modified_gmt":"2025-09-02T04:34:12","slug":"marie-sinfiltre-cree-le-malaise-sur-france-inter","status":"publish","type":"post","link":"https:\/\/www.europesays.com\/fr\/359928\/","title":{"rendered":"Marie s\u2019infiltre cr\u00e9e le malaise sur France Inter"},"content":{"rendered":"<p>                             Par Benoit Narbonne<\/p>\n<p>                Le 1 septembre 2025 \u00e0 21h22<\/p>\n<p>                                    <img decoding=\"async\" src=\"https:\/\/www.europesays.com\/fr\/wp-content\/uploads\/2025\/09\/b7e8f23123cc7cd3d884d25030fbbbd4f72075f3fd9daed47bd2e3c9f440ff2b.PNG\" alt=\"\u00abSoyons tous des cancres\u00bb: extrait de la chronique critiqu\u00e9e de Marie s'infiltre sur France inter\" class=\"a11y-hidden\" fetchpriority=\"high\"\/><\/p>\n<p>Pour sa deuxi\u00e8me chronique sur la premi\u00e8re radio de France, l\u2019humoriste n\u2019a pas r\u00e9colt\u00e9 beaucoup de rires de la part de Nicolas Demorand et des autres chroniqueurs.<\/p>\n<p class=\"fig-paragraph\">L\u2019humoriste\u00a0<a href=\"https:\/\/www.lefigaro.fr\/tag\/marie-s-infiltre\" target=\"_blank\" rel=\"sponsored noopener\" data-gtm-custom-categorie=\"navigation\" data-gtm-custom-action=\"crossclick\" data-gtm-custom-label=\"Contextuel\" data-gtm-event=\"customEventSPE\"><strong>Marie s\u2019infiltre<\/strong><\/a> \u00a0a repris le billet de 8h55 le lundi sur\u00a0<a href=\"http:\/\/tvmag.lefigaro.fr\/programme-tv\/actu-tele\/marie-s-infiltre-francois-rollin-mahaut-drama-et-lisa-perrio-france-inter-presente-ses-nouveaux-humoristes-20250822\" data-fig-type=\"Article\" data-gtm-custom-categorie=\"navigation\" data-gtm-custom-action=\"crossclick\" data-gtm-custom-label=\"Contextuel\" data-gtm-event=\"customEventSPE\" data-fig-domain=\"TVMAG\" target=\"_blank\" rel=\"noopener\">France Inter<\/a>, en lieu et place de sa comparse Lison Daniel. Elle se pr\u00e9sente comme une \u00ab coach culot\u00a0\u00bb pour d\u00e9marrer la semaine. Seul souci\u00a0: si le culot est bien pr\u00e9sent, les rires sont peu nombreux, aussi bien en studio que de l\u2019autre c\u00f4t\u00e9 du poste.<\/p>\n<p class=\"fig-paragraph\">Pour sa seconde chronique, intitul\u00e9e \u00ab Soyons tous des cancres\u00a0!\u00a0\u00bb, la com\u00e9dienne a fait le choix d\u2019aborder la rentr\u00e9e des classes en m\u00ealant celle des enfants, des parents et de Fran\u00e7ois Bayrou\u00a0: \u00ab Nous sommes tous Fran\u00e7ois Bayrou\u00a0\u00bb, se justifie-t-elle. S\u2019il faut reconna\u00eetre le style certain de son \u00e9criture et l\u2019intelligence de l\u2019id\u00e9e, il n\u2019est pas s\u00fbr que cela convienne pour r\u00e9veiller avec des rires les auditeurs un lundi matin en plein stress de rentr\u00e9e.<\/p>\n<p class=\"fig-body-link\">\n            \u00c0 lire aussi<br \/>\n        <a class=\"fig-body-link__link\" href=\"http:\/\/tvmag.lefigaro.fr\/programme-tv\/actu-tele\/marie-s-infiltre-francois-rollin-mahaut-drama-et-lisa-perrio-france-inter-presente-ses-nouveaux-humoristes-20250822\" data-fig-type=\"Article\" data-gtm-custom-categorie=\"navigation\" data-gtm-custom-action=\"crossclick\" data-gtm-custom-label=\"Contextuel\" data-gtm-event=\"customEventSPE\" data-fig-domain=\"TVMAG\" target=\"_blank\" rel=\"noopener\">Marie s\u2019infiltre, Fran\u00e7ois Rollin, Mahaut Drama et Lisa Perrio\u00a0: France Inter pr\u00e9sente ses nouveaux humoristes<br \/>\n    <\/a>\n<\/p>\n<p>                                    <a class=\"fig-a11y-skip a11y-hidden\" href=\"#fig-a11y-skip-main-inarticle\"><br \/>\n        Passer la publicit\u00e9<br \/>\n    <\/a><\/p>\n<p>Trop th\u00e9\u00e2trale et pas assez radiophonique\u00a0?<\/p>\n<p class=\"fig-paragraph\">Tr\u00e8s \u00e9nergique dans sa voix comme dans ses gestes, elle n\u2019aura recueilli qu\u2019une poign\u00e9e de rires en studio. \u00c0 aucun instant de la chronique, l\u2019humoriste ne s\u2019appuie sur des relances ou des adresses aux personnes pr\u00e9sentes, ce qui est plut\u00f4t rare en radio. Difficile alors de compter sur les rires de ses comparses pour un monologue de plus de trois minutes, aux formules le plus souvent alambiqu\u00e9es.<\/p>\n<p class=\"fig-paragraph\">Du c\u00f4t\u00e9 des auditeurs, les retours sont peu nombreux mais plut\u00f4t unanimes sur la performance de l\u2019humoriste\u00a0: eux aussi ne se sont pas convaincus. \u00ab Si des fois vous sentez que vous n\u2019\u00eates pas assez qualifi\u00e9 dans votre travail, pensez \u00e0 cette chronique\u00a0\u00bb, peut-on ainsi lire en commentaire sur YouTube. M\u00eame son de cloche du c\u00f4t\u00e9 de Twitter\u00a0: \u00ab Marie s\u2019infiltre sur France Inter, m\u00eame avec toute la bienveillance du monde, il s\u2019agirait d\u2019arr\u00eater les frais maintenant. Je ne sais pas qui a eu cette id\u00e9e d\u00e9bile, mais le service n\u2019est rendu \u00e0 personne.\u00a0\u00bb<\/p>\n<p class=\"fig-paragraph\">Une deuxi\u00e8me chronique qui tombe \u00e0 c\u00f4t\u00e9 de la plaque. La premi\u00e8re avait d\u00e9j\u00e0 connu son lot de d\u00e9boires. La g\u00eane \u00e9tait palpable la semaine derni\u00e8re juste avant de commencer. Alors que\u00a0<a href=\"https:\/\/www.lefigaro.fr\/tag\/nicolas-demorand\" target=\"_blank\" rel=\"sponsored noopener\" data-gtm-custom-categorie=\"navigation\" data-gtm-custom-action=\"crossclick\" data-gtm-custom-label=\"Contextuel\" data-gtm-event=\"customEventSPE\">Nicolas Demorand<\/a>\u00a0s\u2019appr\u00eatait \u00e0 la pr\u00e9senter, un bug technique a emp\u00each\u00e9 la diffusion du jingle, laissant place \u00e0 un silence embarrassant. Peut mieux faire.<\/p>\n","protected":false},"excerpt":{"rendered":"Par Benoit Narbonne Le 1 septembre 2025 \u00e0 21h22 Pour sa deuxi\u00e8me chronique sur la premi\u00e8re radio de&hellip;\n","protected":false},"author":2,"featured_media":359929,"comment_status":"","ping_status":"","sticky":false,"template":"","format":"standard","meta":{"footnotes":""},"categories":[1359],"tags":[58,59,1011,27,9102,2701,973],"class_list":{"0":"post-359928","1":"post","2":"type-post","3":"status-publish","4":"format-standard","5":"has-post-thumbnail","7":"category-people","8":"tag-divertissement","9":"tag-entertainment","10":"tag-fr","11":"tag-france","12":"tag-france-inter","13":"tag-humoriste","14":"tag-people"},"share_on_mastodon":{"url":"https:\/\/pubeurope.com\/@fr\/115132843018938510","error":""},"_links":{"self":[{"href":"https:\/\/www.europesays.com\/fr\/wp-json\/wp\/v2\/posts\/359928","targetHints":{"allow":["GET"]}}],"collection":[{"href":"https:\/\/www.europesays.com\/fr\/wp-json\/wp\/v2\/posts"}],"about":[{"href":"https:\/\/www.europesays.com\/fr\/wp-json\/wp\/v2\/types\/post"}],"author":[{"embeddable":true,"href":"https:\/\/www.europesays.com\/fr\/wp-json\/wp\/v2\/users\/2"}],"replies":[{"embeddable":true,"href":"https:\/\/www.europesays.com\/fr\/wp-json\/wp\/v2\/comments?post=359928"}],"version-history":[{"count":0,"href":"https:\/\/www.europesays.com\/fr\/wp-json\/wp\/v2\/posts\/359928\/revisions"}],"wp:featuredmedia":[{"embeddable":true,"href":"https:\/\/www.europesays.com\/fr\/wp-json\/wp\/v2\/media\/359929"}],"wp:attachment":[{"href":"https:\/\/www.europesays.com\/fr\/wp-json\/wp\/v2\/media?parent=359928"}],"wp:term":[{"taxonomy":"category","embeddable":true,"href":"https:\/\/www.europesays.com\/fr\/wp-json\/wp\/v2\/categories?post=359928"},{"taxonomy":"post_tag","embeddable":true,"href":"https:\/\/www.europesays.com\/fr\/wp-json\/wp\/v2\/tags?post=359928"}],"curies":[{"name":"wp","href":"https:\/\/api.w.org\/{rel}","templated":true}]}}