{"id":359930,"date":"2025-09-02T04:35:30","date_gmt":"2025-09-02T04:35:30","guid":{"rendered":"https:\/\/www.europesays.com\/fr\/359930\/"},"modified":"2025-09-02T04:35:30","modified_gmt":"2025-09-02T04:35:30","slug":"loups-arctiques-curieux-guepards-en-plein-repas-les-premiers-cliches-du-wildlife-photographer-of-the-year-2025-ont-ete-reveles-le-figaro","status":"publish","type":"post","link":"https:\/\/www.europesays.com\/fr\/359930\/","title":{"rendered":"Loups arctiques curieux, gu\u00e9pards en plein repas\u2026 les premiers clich\u00e9s du Wildlife Photographer of the Year 2025 ont \u00e9t\u00e9 r\u00e9v\u00e9l\u00e9s &#8211; Le Figaro"},"content":{"rendered":"<ol>\n<li><a href=\"https:\/\/news.google.com\/rss\/articles\/CBMi-wFBVV95cUxQQkczTG40cTdWX3dscGdsOGkxMTRDeVQtbnExa0ZOczVDcWExdHVmTHVPakZIMVNEZjFvUURKaDJDNUs1OURRenVQVHVZd0Fpd1NBdmN4aGxKWGZkUGtVNWhVajBJQVE0WjQzaXkxQ29iTnliaVF4TERFc0RveUdaUk12R0J0OW91OVJKTk9xUHNBU1l0MWEzRXFmNXdIVm43VTUzSGI5NGF6bFFZbE9hUHY3Sk1iUVphQldQTlgzZ01BMVJvUDMyYzNNZkt4UHUzY19QQm1jRzg1RURTdDVfSU9tUng3S2NqclVoTmpHLVFZQU1TLXBKTDk1Yw?oc=5\" target=\"_blank\" rel=\"nofollow noopener\">Loups arctiques curieux, gu\u00e9pards en plein repas\u2026 les premiers clich\u00e9s du Wildlife Photographer of the Year 2025 ont \u00e9t\u00e9 r\u00e9v\u00e9l\u00e9s<\/a>&nbsp;&nbsp;Le Figaro<\/li>\n<li><a href=\"https:\/\/news.google.com\/rss\/articles\/CBMivgFBVV95cUxQdEV6Smd0WnVCLVY3UXZYLXBpay1QcTF6dkgwWERpY0hXbndiQ256cXBLeWRNQk5sMEd5bThNdkdpZ3pHSWhQWVpISHlMS2hxMnhTU0tfd1ZTc294NXFzQnpaQU5IdTdPSVB0d1hjRlNHd0Z5RFRURDVqQmRqUWp3Q2JqQWFVZmpFdGJ1OW5NQlJDWk0zTlg5cFRpWUJlcmo2VmhMVlNxNXNYcWZLNG94QlRqbGJxdVlLNVIzMGZB?oc=5\" target=\"_blank\" rel=\"nofollow noopener\">Wildlife Photographer of the Year 2025 : les premiers clich\u00e9s d\u00e9voil\u00e9s<\/a>&nbsp;&nbsp;parismatch.com<\/li>\n<li><a href=\"https:\/\/news.google.com\/rss\/articles\/CBMiugFBVV95cUxQSC1aZU1majZaRE9mYV93NTVUeHllX202SFlPMEtJdi12MUVHbnFtTVBGYkF2b3J4UklneUVlNlFGME9UcU40bWwxcG5KYnRjOFlBUjBNcDNUVHRxYWFGdnM3NlE0UlhYLW94VkN2Ujd3Si1oRFlSWmxEWllucmVVLTF1WkxvMlNuV2h3MUZ0ZUhQeTFXWGRnblY5VnphTkxLRTViU2NOV09xRWwzOGFHbDRLNElLS2RJRHfSAb8BQVVfeXFMTWFTSXNmVTF4b3lfcE42MWwxS3ZFSEk4NjE4U1Rfem01VlRGbE5jTURaYWFIX2pteGlfUTRtZGRjdUl4ZkNuLXRUVmhDX2xpcnhOa3p4V3hvYzhNa3VLa0VhZDZIVHVyRUhNTXZTcDVCb21nckJMNHpRUGJZUlNmX21VVTRZWnFuRktpVU1QQ2VKWTRJS295QU80cWx3THJIaUlQNTlzWWpsLXdmWGhFZVRyRm5PR0M3TkhFaUFCdDg?oc=5\" target=\"_blank\" rel=\"nofollow noopener\">Voici les 15 photos d&rsquo;animaux les plus impressionnantes d\u00e9voil\u00e9es par le Wildlife Photographer of the Year 2025<\/a>&nbsp;&nbsp;CNews<\/li>\n<li><a href=\"https:\/\/news.google.com\/rss\/articles\/CBMi8gFBVV95cUxOUFFRM1lVdDRnTTR3Uk8td2h1N2RpbDQ4aXdjTzdvODBRWjkydmxXdmNUb3hncVY4Zm41ak9tOFhibnozRVF4N3Y0MFJ6SnQ3UVJVeENQR295aFBnNElVemUzbnVmeUthcUw0dmVfamRXdmNaQjR1RDhtZmZkN3ZwcVVrZjUtazk3UHRFM0NUNnJHY2UycW5nNk5xS1ZtYTRkVGZBM3dPODVIMHRfQUk5WGZzYW1BMlBpU0dabVI3SGF3Q2VPUnFsYWltdGlIRTRUTE1WSm1TUkVfaXE5YzZTMV9yM2gwb2RFUERDY1B6VzAyZw?oc=5\" target=\"_blank\" rel=\"nofollow noopener\">Un photographe Fran\u00e7ais \u00e0 l&rsquo;honneur du Wildlife Photographer of the Year<\/a>&nbsp;&nbsp;Linternaute.com<\/li>\n<li><a href=\"https:\/\/news.google.com\/rss\/articles\/CBMiowFBVV95cUxPck92YkNWVlhSVjJfamVXMVdNRzJvLU5kWi1KeUNyeDVSLUR4aUc4OVFObW43VF9rOC1vQ0pfVzhYaXBNR2JLeFl5Z214cENpdk44ZzEyV3VFd3JLeXZmd1hjUjhIY00wcUd4NjZacGRWaWowMG5xZlZmTXhOYzlGWERlRnQ5eFNYOUxaLXBqUTZlOHdIZGxrNGZBcWVoRmpFSlZj?oc=5\" target=\"_blank\" rel=\"nofollow noopener\">Une Zurichoise de 17 ans impressionne le jury du concours Wildlife Photographer of the Year<\/a>&nbsp;&nbsp;24 Heures<\/li>\n<\/ol>\n","protected":false},"excerpt":{"rendered":"Loups arctiques curieux, gu\u00e9pards en plein repas\u2026 les premiers clich\u00e9s du Wildlife Photographer of the Year 2025 ont&hellip;\n","protected":false},"author":2,"featured_media":1445,"comment_status":"","ping_status":"","sticky":false,"template":"","format":"standard","meta":{"footnotes":""},"categories":[1358],"tags":[1348,1384,1385,1386,58,59,1011,27],"class_list":{"0":"post-359930","1":"post","2":"type-post","3":"status-publish","4":"format-standard","5":"has-post-thumbnail","7":"category-arts-et-design","8":"tag-arts","9":"tag-arts-and-design","10":"tag-arts-et-design","11":"tag-design","12":"tag-divertissement","13":"tag-entertainment","14":"tag-fr","15":"tag-france"},"share_on_mastodon":{"url":"https:\/\/pubeurope.com\/@fr\/115132846885586185","error":""},"_links":{"self":[{"href":"https:\/\/www.europesays.com\/fr\/wp-json\/wp\/v2\/posts\/359930","targetHints":{"allow":["GET"]}}],"collection":[{"href":"https:\/\/www.europesays.com\/fr\/wp-json\/wp\/v2\/posts"}],"about":[{"href":"https:\/\/www.europesays.com\/fr\/wp-json\/wp\/v2\/types\/post"}],"author":[{"embeddable":true,"href":"https:\/\/www.europesays.com\/fr\/wp-json\/wp\/v2\/users\/2"}],"replies":[{"embeddable":true,"href":"https:\/\/www.europesays.com\/fr\/wp-json\/wp\/v2\/comments?post=359930"}],"version-history":[{"count":0,"href":"https:\/\/www.europesays.com\/fr\/wp-json\/wp\/v2\/posts\/359930\/revisions"}],"wp:featuredmedia":[{"embeddable":true,"href":"https:\/\/www.europesays.com\/fr\/wp-json\/wp\/v2\/media\/1445"}],"wp:attachment":[{"href":"https:\/\/www.europesays.com\/fr\/wp-json\/wp\/v2\/media?parent=359930"}],"wp:term":[{"taxonomy":"category","embeddable":true,"href":"https:\/\/www.europesays.com\/fr\/wp-json\/wp\/v2\/categories?post=359930"},{"taxonomy":"post_tag","embeddable":true,"href":"https:\/\/www.europesays.com\/fr\/wp-json\/wp\/v2\/tags?post=359930"}],"curies":[{"name":"wp","href":"https:\/\/api.w.org\/{rel}","templated":true}]}}