{"id":359931,"date":"2025-09-02T04:36:11","date_gmt":"2025-09-02T04:36:11","guid":{"rendered":"https:\/\/www.europesays.com\/fr\/359931\/"},"modified":"2025-09-02T04:36:11","modified_gmt":"2025-09-02T04:36:11","slug":"ce-royaume-ou-les-livres-creent-du-lien","status":"publish","type":"post","link":"https:\/\/www.europesays.com\/fr\/359931\/","title":{"rendered":"ce royaume o\u00f9 les livres \u00ab cr\u00e9ent du lien \u00bb"},"content":{"rendered":"<p>Corinne Dalloz et Julie Vuittenez avaient une vision claire\u00a0: cr\u00e9er une librairie g\u00e9n\u00e9raliste \u00e0 Champagnole qui serait non seulement un lieu pour trouver un large assortiment de livres, un v\u00e9ritable lieu de vie, de rencontre et de lien social. L\u2019emplacement choisi, une ancienne p\u00e2tisserie-salon de th\u00e9, accessible aux personnes \u00e0 mobilit\u00e9 r\u00e9duite, renforce cette volont\u00e9 d\u2019ouverture.<\/p>\n<p>  Un nom \u00e9vocateur<\/p>\n<p>Le nom de la librairie, Le Domaine des murmures, est un hommage po\u00e9tique et significatif \u00e0 l\u2019\u0153uvre de l\u2019autrice Carole Martinez. Il \u00e9voque un royaume o\u00f9 les livres r\u00e8gnent, o\u00f9 les mots chuchotent, invitant au r\u00eave, au savoir et \u00e0 la r\u00e9flexion.<\/p>\n<p>Corinne Dalloz apporte plus de 20 ans d\u2019exp\u00e9rience dans le monde du livre. Son parcours, jalonn\u00e9 par des exp\u00e9riences dans des librairies prestigieuses comme la librairie de Paris et la librairie du Bon march\u00e9, lui a permis d\u2019acqu\u00e9rir une connaissance approfondie du m\u00e9tier. Elle a notamment particip\u00e9 au projet collectif de reprise de la librairie polinoise, o\u00f9 elle a d\u00e9velopp\u00e9 une politique d\u2019animation dynamique et nou\u00e9 de nombreux partenariats.<\/p>\n<p>Ce contenu est bloqu\u00e9 car vous n&rsquo;avez pas accept\u00e9 les cookies et autres traceurs.<\/p>\n<p>En cliquant sur \u00ab J\u2019accepte \u00bb, les cookies et autres traceurs seront d\u00e9pos\u00e9s et vous pourrez visualiser les contenus  (<a href=\"\" class=\"consentModule_policy\" target=\"_blank\" title=\"Consulter la politique de protection des donn\u00e9es du fournisseur\">plus d&rsquo;informations<\/a>).<\/p>\n<p>En cliquant sur \u00ab J\u2019accepte tous les cookies \u00bb, vous autorisez des d\u00e9p\u00f4ts de cookies et autres traceurs pour le stockage de vos donn\u00e9es sur nos sites et applications \u00e0 des fins de personnalisation et de ciblage publicitaire.<\/p>\n<p class=\"consentModule_secondaryText\">Vous gardez la possibilit\u00e9 de retirer votre consentement \u00e0 tout moment en consultant notre <a href=\"https:\/\/www.leprogres.fr\/protection-des-donnees\" target=\"_blank\" title=\"Consulter notre politique de protection des donn\u00e9es\" rel=\"noopener\">politique de protection des donn\u00e9es<\/a>. <br \/>&#13;<br \/>\n            <a href=\"https:\/\/www.leprogres.fr\/culture-loisirs\/2025\/09\/02\/javascript:Didomi.notice.show()\" class=\"consentModule_cmp\" target=\"_blank\" rel=\"noopener\">G\u00e9rer mes choix<\/a>&#13;\n        <\/p>\n<p>&#13;<br \/>\n                        J&rsquo;accepte&#13;<br \/>\n            J&rsquo;accepte tous les cookies&#13;\n        <\/p>\n<p>  Un conseil personnalis\u00e9<\/p>\n<p>Cependant, Corinne Dalloz a ressenti le besoin de s\u2019\u00e9manciper d\u2019un fonctionnement trop collectif pour d\u00e9velopper sa propre activit\u00e9. La ville de Champagnole, d\u00e9pourvue de librairie, s\u2019est impos\u00e9e comme une \u00e9vidence, r\u00e9pondant \u00e0 un besoin personnel, professionnel et territorial. Corinne Dalloz excelle \u00e0 mettre en relation les livres et les lecteurs, et \u00e0 d\u00e9nicher le livre id\u00e9al pour chaque personne, tout en proposant des \u0153uvres plus originales. Elle s\u2019investit \u00e9galement dans la promotion de la lecture aupr\u00e8s des jeunes.<\/p>\n<p>C\u2019est en cherchant \u00e0 cr\u00e9er sa propre librairie que Julie Vuittenez a rencontr\u00e9 Corinne Dalloz. Apr\u00e8s plus de dix ans en tant que directrice du CCAS de Champagnole et charg\u00e9e de mission \u00e0 l\u2019Apei (Association de parents d\u2019enfants inadapt\u00e9s), Julie Dalloz a d\u00e9velopp\u00e9 un sens aigu du service et de solides comp\u00e9tences en gestion et communication. Son go\u00fbt pour la lecture l\u2019a pouss\u00e9e \u00e0 \u00e9tudier la faisabilit\u00e9 d\u2019une librairie ind\u00e9pendante \u00e0 Champagnole.<\/p>\n<p>  \u00ab\u00a0Cr\u00e9er du lien\u00a0\u00bb<\/p>\n<p>Leurs comp\u00e9tences compl\u00e9mentaires et leurs envies communes les ont rapidement men\u00e9es \u00e0 s\u2019associer. La collaboration entre les deux femmes, n\u00e9e d\u2019un projet initial de rachat avort\u00e9, a donn\u00e9 vie au Domaine des murmures. Comme le souligne Corinne\u00a0: \u00ab\u00a0La librairie n\u2019est pas que quatre murs avec des livres, mais plut\u00f4t un lieu de rencontre. Cela cr\u00e9e du lien\u00a0\u00bb.<\/p>\n<p class=\"note\">Une soir\u00e9e litt\u00e9raire avec Akiro Mizubayashi aura lieu le 19\u00a0septembre \u00e0 18\u00a0h\u00a030 \u00e0 la librairie.<\/p>\n","protected":false},"excerpt":{"rendered":"Corinne Dalloz et Julie Vuittenez avaient une vision claire\u00a0: cr\u00e9er une librairie g\u00e9n\u00e9raliste \u00e0 Champagnole qui serait non&hellip;\n","protected":false},"author":2,"featured_media":359932,"comment_status":"","ping_status":"","sticky":false,"template":"","format":"standard","meta":{"footnotes":""},"categories":[1357],"tags":[1379,33022,33023,1687,58,2274,59,1011,27,1380,2410],"class_list":{"0":"post-359931","1":"post","2":"type-post","3":"status-publish","4":"format-standard","5":"has-post-thumbnail","7":"category-livres","8":"tag-books","9":"tag-champagnole","10":"tag-champagnole-bassin","11":"tag-culture-loisirs","12":"tag-divertissement","13":"tag-edition-jura-sud","14":"tag-entertainment","15":"tag-fr","16":"tag-france","17":"tag-livres","18":"tag-livres-bd"},"share_on_mastodon":{"url":"https:\/\/pubeurope.com\/@fr\/115132850872491810","error":""},"_links":{"self":[{"href":"https:\/\/www.europesays.com\/fr\/wp-json\/wp\/v2\/posts\/359931","targetHints":{"allow":["GET"]}}],"collection":[{"href":"https:\/\/www.europesays.com\/fr\/wp-json\/wp\/v2\/posts"}],"about":[{"href":"https:\/\/www.europesays.com\/fr\/wp-json\/wp\/v2\/types\/post"}],"author":[{"embeddable":true,"href":"https:\/\/www.europesays.com\/fr\/wp-json\/wp\/v2\/users\/2"}],"replies":[{"embeddable":true,"href":"https:\/\/www.europesays.com\/fr\/wp-json\/wp\/v2\/comments?post=359931"}],"version-history":[{"count":0,"href":"https:\/\/www.europesays.com\/fr\/wp-json\/wp\/v2\/posts\/359931\/revisions"}],"wp:featuredmedia":[{"embeddable":true,"href":"https:\/\/www.europesays.com\/fr\/wp-json\/wp\/v2\/media\/359932"}],"wp:attachment":[{"href":"https:\/\/www.europesays.com\/fr\/wp-json\/wp\/v2\/media?parent=359931"}],"wp:term":[{"taxonomy":"category","embeddable":true,"href":"https:\/\/www.europesays.com\/fr\/wp-json\/wp\/v2\/categories?post=359931"},{"taxonomy":"post_tag","embeddable":true,"href":"https:\/\/www.europesays.com\/fr\/wp-json\/wp\/v2\/tags?post=359931"}],"curies":[{"name":"wp","href":"https:\/\/api.w.org\/{rel}","templated":true}]}}