{"id":359933,"date":"2025-09-02T04:37:11","date_gmt":"2025-09-02T04:37:11","guid":{"rendered":"https:\/\/www.europesays.com\/fr\/359933\/"},"modified":"2025-09-02T04:37:11","modified_gmt":"2025-09-02T04:37:11","slug":"c-a-vous-ca-ne-se-fait-pas-francois-hollande-hausse-le-ton-face-a-patrick-cohen","status":"publish","type":"post","link":"https:\/\/www.europesays.com\/fr\/359933\/","title":{"rendered":"C \u00e0 vous : \u00ab\u00a0\u00c7a ne se fait pas\u00a0\u00bb : Fran\u00e7ois Hollande hausse le ton face \u00e0 Patrick Cohen"},"content":{"rendered":"<p>Apr\u00e8s sa traditionnelle pause estivale. <a href=\"https:\/\/www.closermag.fr\/people\/anne-elisabeth-lemoine-ce-voyage-dune-vie-quelle-a-offert-a-ses-fils-cet-ete-malgre-les-tensions-entre-eux-3574876\" rel=\"nofollow noopener\" target=\"_blank\"><br \/>\nAnne-Elisabeth Lemoine<\/a> a repris les commandes de l&rsquo;\u00e9mission<br \/>\n<a href=\"https:\/\/www.telestar.fr\/tag\/c-a-vous\" rel=\"nofollow noopener\" target=\"_blank\">C \u00e0 vous<\/a> le<br \/>\nlundi 1er septembre 2025 sur France 5. Pour rappel,<br \/>\n<strong>l&rsquo;animatrice pr\u00e9sentera le talk-show quotidien du lundi au<br \/>\njeudi<\/strong> cette saison. Les \u00e9missions programm\u00e9es les<br \/>\nvendredis et les samedis seront quant \u00e0 elles incarn\u00e9es par son<br \/>\nancien chroniqueur <a href=\"https:\/\/www.closermag.fr\/people\/mohamed-bouhafsi-hospitalise-il-a-frole-le-drame-a-cause-dune-mauvaise-habitude-les-details-sont-rebutant-3574053\" rel=\"nofollow noopener\" target=\"_blank\"><br \/>\nMohamed Bouhafsi<\/a>.<\/p>\n<p>Pour le grand retour de C \u00e0 vous sur France 5. Anne-Elisabeth<br \/>\nLemoine recevait sur son plateau l&rsquo;ancien pr\u00e9sident de la<br \/>\nR\u00e9publique <a href=\"https:\/\/www.closermag.fr\/people\/julie-gayet-et-francois-hollande-toujours-amoureux-ce-detail-sur-la-photo-ne-ment-absolument-pas-3574669\" rel=\"nofollow noopener\" target=\"_blank\"><br \/>\nFran\u00e7ois Hollande<\/a>. Au cours de l&rsquo;\u00e9mission, l&rsquo;ancien<br \/>\npensionnaire de l&rsquo;\u00c9lys\u00e9e a notamment \u00e9t\u00e9 invit\u00e9 \u00e0 s&rsquo;exprimer sur<br \/>\n<strong>le plan de Riviera imagin\u00e9 par Donald Trump<\/strong> sur la<br \/>\nbande de Gaza. Le mari de Julie Gayet n&rsquo;a pas cach\u00e9 son<br \/>\nindignation.<\/p>\n<p>Fran\u00e7ois Hollande : \u00ab\u00a0Il faut absolument que l&rsquo;Europe se monte \u00e0<br \/>\npeu pr\u00e8s \u00e0 la hauteur\u00a0\u00bb<\/p>\n<p>\u00ab\u00a0On sait qu&rsquo;il y a encore des morts civiles. Qu&rsquo;il y a des<br \/>\njournalistes qui sont tu\u00e9s. Donc c&rsquo;est ind\u00e9cent de parler d&rsquo;un plan<br \/>\nde Riviera au moment o\u00f9 il y a des femmes, des enfants, des \u00eatres<br \/>\nhumains qui sont aujourd&rsquo;hui bless\u00e9s ou tu\u00e9s. Et cette solution est<br \/>\nirr\u00e9aliste parce que les Gazaouis, c&rsquo;est leur terre. Alors il y en<br \/>\na peut-\u00eatre certains qui accepteront la prime de d\u00e9part, comme dans<br \/>\nd&rsquo;autres situations. <strong>Mais non, c&rsquo;est leur<br \/>\nterre<\/strong>\u00ab\u00a0, a premi\u00e8rement d\u00e9clar\u00e9 Fran\u00e7ois Hollande.<\/p>\n<p>\u00ab\u00a0Et si on voulait favoriser le Hamas, il n&rsquo;y aurait pas<br \/>\nd&rsquo;autre mani\u00e8re de faire. Parce que c&rsquo;est le Hamas qui peut \u00e0 la<br \/>\nfois porter la responsabilit\u00e9 de ce qui s&rsquo;est produit, sans doute.<br \/>\n<strong>Mais aussi r\u00e9cup\u00e9rer cette situation.<\/strong> Donc il faut<br \/>\nabsolument que, d&rsquo;une part, le processus de reconnaissance de la<br \/>\nPalestine ait lieu. Et que l&rsquo;Europe se monte \u00e0 peu pr\u00e8s \u00e0 la<br \/>\nhauteur\u00a0\u00bb, a ensuite ajout\u00e9 l&rsquo;ancien pr\u00e9sident de la<br \/>\nR\u00e9publique.<\/p>\n<blockquote class=\"twitter-tweet\"><p><a class=\"twitter-link\" rel=\"noindex, nofollow noopener\" href=\"https:\/\/twitter.com\/cavousf5\/status\/1962571759393104056\" target=\"_blank\"><\/p><\/blockquote>\n<p>C \u00e0 vous : l&rsquo;ancien pr\u00e9sident de la<br \/>\nR\u00e9publique s&rsquo;est agac\u00e9 d&rsquo;une remarque de Patrick Cohen<\/p>\n<p>\u00ab\u00a0Moi, ce qui me frappe depuis plusieurs semaines, c&rsquo;est<br \/>\nqu&rsquo;on a admis de Trump l&rsquo;inadmissible. On a admis que Trump puisse<br \/>\nrecevoir Poutine en Alaska\u00a0\u00bb, a aussi soulign\u00e9 Fran\u00e7ois<br \/>\nHollande avant d&rsquo;\u00eatre coup\u00e9 par Anne-Elisabeth Lemoine.<br \/>\n\u00ab\u00a0Comment l&rsquo;en emp\u00eacher ?\u00a0\u00bb. \u00ab\u00a0<strong>C&rsquo;est pour<br \/>\nprot\u00e9ger Zelensky<\/strong>\u00ab\u00a0, a \u00e9galement ajout\u00e9 <a href=\"https:\/\/www.closermag.fr\/tv_tele_realite\/rachida-dati-vs-patrick-cohen-cette-petite-phrase-de-gerald-darmanin-dans-c-a-vous-pourrait-etre-mal-interpretee-3560395\" rel=\"nofollow noopener\" target=\"_blank\"><br \/>\nPatrick Cohen<\/a>. Ce qui a eu le don de faire sortir Fran\u00e7ois<br \/>\nHollande de ses gonds.<\/p>\n<p>\u00ab\u00a0Oui, d&rsquo;accord, mais on ne se fait pas traiter comme on<br \/>\ns&rsquo;est fait traiter. Moi, j&rsquo;ai \u00e9t\u00e9 dans le bureau ovale. Le<br \/>\npr\u00e9sident ne recevait pas derri\u00e8re son bureau. <strong>\u00c7a, \u00e7a ne se<br \/>\nfait pas dans une diplomatie<\/strong>\u00ab\u00a0, a ainsi lanc\u00e9 l&rsquo;ancien<br \/>\nchef de l&rsquo;\u00c9tat. \u00ab\u00a0Non, \u00e7a ne se fait pas, mais vous avez<br \/>\nforc\u00e9ment le choix\u00a0\u00bb, lui a rapidement r\u00e9pliqu\u00e9 Patrick Cohen.<br \/>\n\u00ab\u00a0C&rsquo;est inacceptable d&rsquo;avoir le comportement de Trump. (&#8230;) Il<br \/>\ny a un moment, il faut dire non, Trump n&rsquo;est plus notre alli\u00e9. Ce<br \/>\nn&rsquo;est pas encore un adversaire. Mais aujourd&rsquo;hui, il joue avec<br \/>\nl&rsquo;adversaire\u00a0\u00bb, a finalement conclu Fran\u00e7ois Hollande.<\/p>\n<p><script async src=\"https:\/\/platform.twitter.com\/widgets.js\" charset=\"utf-8\"><\/script><\/p>\n","protected":false},"excerpt":{"rendered":"Apr\u00e8s sa traditionnelle pause estivale. Anne-Elisabeth Lemoine a repris les commandes de l&rsquo;\u00e9mission C \u00e0 vous le lundi&hellip;\n","protected":false},"author":2,"featured_media":359934,"comment_status":"","ping_status":"","sticky":false,"template":"","format":"standard","meta":{"footnotes":""},"categories":[1356],"tags":[548,58,59,1011,27,3082,252,1364],"class_list":{"0":"post-359933","1":"post","2":"type-post","3":"status-publish","4":"format-standard","5":"has-post-thumbnail","7":"category-television","8":"tag-article-simple","9":"tag-divertissement","10":"tag-entertainment","11":"tag-fr","12":"tag-france","13":"tag-francois-hollande","14":"tag-television","15":"tag-tv"},"share_on_mastodon":{"url":"https:\/\/pubeurope.com\/@fr\/115132854669303968","error":""},"_links":{"self":[{"href":"https:\/\/www.europesays.com\/fr\/wp-json\/wp\/v2\/posts\/359933","targetHints":{"allow":["GET"]}}],"collection":[{"href":"https:\/\/www.europesays.com\/fr\/wp-json\/wp\/v2\/posts"}],"about":[{"href":"https:\/\/www.europesays.com\/fr\/wp-json\/wp\/v2\/types\/post"}],"author":[{"embeddable":true,"href":"https:\/\/www.europesays.com\/fr\/wp-json\/wp\/v2\/users\/2"}],"replies":[{"embeddable":true,"href":"https:\/\/www.europesays.com\/fr\/wp-json\/wp\/v2\/comments?post=359933"}],"version-history":[{"count":0,"href":"https:\/\/www.europesays.com\/fr\/wp-json\/wp\/v2\/posts\/359933\/revisions"}],"wp:featuredmedia":[{"embeddable":true,"href":"https:\/\/www.europesays.com\/fr\/wp-json\/wp\/v2\/media\/359934"}],"wp:attachment":[{"href":"https:\/\/www.europesays.com\/fr\/wp-json\/wp\/v2\/media?parent=359933"}],"wp:term":[{"taxonomy":"category","embeddable":true,"href":"https:\/\/www.europesays.com\/fr\/wp-json\/wp\/v2\/categories?post=359933"},{"taxonomy":"post_tag","embeddable":true,"href":"https:\/\/www.europesays.com\/fr\/wp-json\/wp\/v2\/tags?post=359933"}],"curies":[{"name":"wp","href":"https:\/\/api.w.org\/{rel}","templated":true}]}}