{"id":359941,"date":"2025-09-02T04:41:19","date_gmt":"2025-09-02T04:41:19","guid":{"rendered":"https:\/\/www.europesays.com\/fr\/359941\/"},"modified":"2025-09-02T04:41:19","modified_gmt":"2025-09-02T04:41:19","slug":"le-psg-boucle-un-transfert-a-8-millions-deuros","status":"publish","type":"post","link":"https:\/\/www.europesays.com\/fr\/359941\/","title":{"rendered":"Le PSG boucle un transfert \u00e0 8 millions d&rsquo;euros"},"content":{"rendered":"<p><strong>Carlos Soler, milieu de 28 ans arriv\u00e9 au Paris Saint-Germain durant l\u2019\u00e9t\u00e9 2022 en provenance de Valence avec un contrat jusqu\u2019en 2027, n\u2019a pas su convaincre sur le terrain et a \u00e9t\u00e9 pr\u00eat\u00e9 \u00e0 West Ham pour la saison 2024-2025. Il est revenu \u00e0 Paris, avec une solution \u00e0 trouver pour l\u2019avenir. C\u2019est fait, avec un pr\u00eat \u00e0 option d\u2019achat \u00e0 la Real Sociedad. Cela a \u00e9t\u00e9 officialis\u00e9 aujourd\u2019hui.<\/strong><\/p>\n<blockquote class=\"twitter-tweet\" data-width=\"550\" data-dnt=\"true\">\n<p lang=\"fr\" dir=\"ltr\">Le Paris Saint-Germain annonce le transfert de Carlos Soler. Le milieu de terrain rejoint le club espagnol de la Real Sociedad.<\/p>\n<p>Le Paris Saint-Germain remercie Carlos et lui souhaite le meilleur pour la suite de sa carri\u00e8re.<\/p>\n<p>\u2014 Paris Saint-Germain (@PSG_inside) <a href=\"https:\/\/twitter.com\/PSG_inside\/status\/1962577541107196371?ref_src=twsrc%5Etfw\" target=\"_blank\" rel=\"noopener\">September 1, 2025<\/a><\/p>\n<\/blockquote>\n<p>C\u2019est une bonne nouvelle, m\u00eame s\u2019il y a eu l\u2019espoir d\u2019un transfert d\u00e9finitif qui aurait \u00e9t\u00e9 plus r\u00e9jouissant. Cela aurait mis fin totalement au dossier, sans suspense pour l\u2019\u00e9t\u00e9 prochain et de possibles nouvelles longues discussions. Mais c\u2019est mieux de trouver cet accord que rien. Alors on peut souligner le positif.<\/p>\n<p>Soler ne reste pas bloqu\u00e9 \u00e0 Paris. C\u2019est mieux pour son moral, sa valeur marchande, sa carri\u00e8re, ainsi que l\u2019ambiance au PSG et les finances. On esp\u00e8re qu\u2019il pourra s\u2019\u00e9panouir \u00e0 la Real Sociedad, que ce soit pour y continuer ensuite ou avoir d\u2019autres propositions convaincantes pour lui et Paris l\u2019\u00e9t\u00e9 prochain.<\/p>\n<p>\t\t\t\t\t\t\t\t\t\t\t\t\t\t\t\t\t\t\t\t\t\t\t<img loading=\"lazy\" src=\"https:\/\/www.europesays.com\/fr\/wp-content\/uploads\/2025\/04\/ParisFans_Logo.png\" decoding=\"async\" class=\"lazyload\" width=\"240\" height=\"54\" data-eio-rwidth=\"240\" data-eio-rheight=\"54\"\/><\/p>\n<p>\t\t\t\t\t\t\t\t<script async src=\"https:\/\/platform.twitter.com\/widgets.js\" charset=\"utf-8\"><\/script><\/p>\n","protected":false},"excerpt":{"rendered":"Carlos Soler, milieu de 28 ans arriv\u00e9 au Paris Saint-Germain durant l\u2019\u00e9t\u00e9 2022 en provenance de Valence avec&hellip;\n","protected":false},"author":2,"featured_media":359942,"comment_status":"","ping_status":"","sticky":false,"template":"","format":"standard","meta":{"footnotes":""},"categories":[9],"tags":[28743,1011,27,60,96],"class_list":{"0":"post-359941","1":"post","2":"type-post","3":"status-publish","4":"format-standard","5":"has-post-thumbnail","7":"category-sports","8":"tag-carlos-soler","9":"tag-fr","10":"tag-france","11":"tag-sports","12":"tag-une"},"share_on_mastodon":{"url":"https:\/\/pubeurope.com\/@fr\/115132870431901239","error":""},"_links":{"self":[{"href":"https:\/\/www.europesays.com\/fr\/wp-json\/wp\/v2\/posts\/359941","targetHints":{"allow":["GET"]}}],"collection":[{"href":"https:\/\/www.europesays.com\/fr\/wp-json\/wp\/v2\/posts"}],"about":[{"href":"https:\/\/www.europesays.com\/fr\/wp-json\/wp\/v2\/types\/post"}],"author":[{"embeddable":true,"href":"https:\/\/www.europesays.com\/fr\/wp-json\/wp\/v2\/users\/2"}],"replies":[{"embeddable":true,"href":"https:\/\/www.europesays.com\/fr\/wp-json\/wp\/v2\/comments?post=359941"}],"version-history":[{"count":0,"href":"https:\/\/www.europesays.com\/fr\/wp-json\/wp\/v2\/posts\/359941\/revisions"}],"wp:featuredmedia":[{"embeddable":true,"href":"https:\/\/www.europesays.com\/fr\/wp-json\/wp\/v2\/media\/359942"}],"wp:attachment":[{"href":"https:\/\/www.europesays.com\/fr\/wp-json\/wp\/v2\/media?parent=359941"}],"wp:term":[{"taxonomy":"category","embeddable":true,"href":"https:\/\/www.europesays.com\/fr\/wp-json\/wp\/v2\/categories?post=359941"},{"taxonomy":"post_tag","embeddable":true,"href":"https:\/\/www.europesays.com\/fr\/wp-json\/wp\/v2\/tags?post=359941"}],"curies":[{"name":"wp","href":"https:\/\/api.w.org\/{rel}","templated":true}]}}