{"id":359945,"date":"2025-09-02T04:43:15","date_gmt":"2025-09-02T04:43:15","guid":{"rendered":"https:\/\/www.europesays.com\/fr\/359945\/"},"modified":"2025-09-02T04:43:15","modified_gmt":"2025-09-02T04:43:15","slug":"pourquoi-microsoft-najoute-aucune-nouveaute","status":"publish","type":"post","link":"https:\/\/www.europesays.com\/fr\/359945\/","title":{"rendered":"pourquoi Microsoft n&rsquo;ajoute aucune nouveaut\u00e9"},"content":{"rendered":"<p>Microsoft bouscule ses habitudes avec Windows 11 25H2, une mise \u00e0 jour annuelle qui n\u2019apporte aucune fonctionnalit\u00e9 exclusive.<\/p>\n<p><a href=\"https:\/\/images.frandroid.com\/wp-content\/uploads\/2025\/01\/windows-11-ia-1200x745-1.jpeg\" target=\"_blank\" class=\"article-content__figure\" rel=\"noopener\"><img fetchpriority=\"high\" decoding=\"async\" loading=\"eager\" width=\"1200\" height=\"745\" src=\"https:\/\/www.europesays.com\/fr\/wp-content\/uploads\/2025\/09\/windows-11-ia-1200x745-1.jpeg\" alt=\"\" class=\"wp-image-2456872 wp-image wp-image\"  \/><\/a><\/p>\n<p>Microsoft a lanc\u00e9 <strong><a href=\"https:\/\/www.frandroid.com\/actualites-generales\/2727595_windows-11-25h2-va-enfin-vous-permettre-de-faire-le-menage-dans-windows\" target=\"_blank\" rel=\"noopener\">Windows 11 25H2<\/a><\/strong> en version Release Preview, c\u2019est g\u00e9n\u00e9ralement la derni\u00e8re \u00e9tape avant la sortie publique. Mais cette fois, pas de grandes annonces ni de fonctionnalit\u00e9s r\u00e9volutionnaires. Cette mise \u00e0 jour annuelle arrive les mains vides, ou presque. <\/p>\n<p class=\"shortcode-container see-more\">\n    Pour aller plus loin<br \/><a href=\"https:\/\/www.frandroid.com\/actualites-generales\/2727595_windows-11-25h2-va-enfin-vous-permettre-de-faire-le-menage-dans-windows\" target=\"_blank\" rel=\"noopener\">Windows 11 25H2 va enfin vous permettre de faire le m\u00e9nage dans le syst\u00e8me<\/a>\n            <\/p>\n<p>Une strat\u00e9gie in\u00e9dite<\/p>\n<p>Pour la premi\u00e8re fois de son histoire, Microsoft lance une version annuelle de Windows sans aucune fonctionnalit\u00e9 exclusive. Windows 11 25H2 partagera exactement les m\u00eames capacit\u00e9s que la version 24H2 actuelle. Les deux versions fonctionneront sur \u00ab\u00a0une branche de services partag\u00e9s\u00ab\u00a0, avec simultan\u00e9ment les m\u00eames mises \u00e0 jour mensuelles.<\/p>\n<p class=\"shortcode-container see-more\">\n    Pour aller plus loin<br \/><a href=\"https:\/\/www.frandroid.com\/marques\/microsoft\/2593909_windows-11-25h2-pourquoi-cette-mise-a-jour-majeure-risque-de-decevoir\" target=\"_blank\" rel=\"noopener\">Windows 11 25H2 : pourquoi cette mise \u00e0 jour \u00ab\u00a0majeure\u00a0\u00bb risque de d\u00e9cevoir<\/a>\n            <\/p>\n<p>Cela rompt compl\u00e8tement avec la tradition. Habituellement, chaque version annuelle de Windows apportait son lot de nouveaut\u00e9s : interface repens\u00e9e, nouvelles applications, fonctions in\u00e9dites. L\u00e0, Microsoft adopte une strat\u00e9gie de constructeur automobile qui produit des mod\u00e8les identiques sous diff\u00e9rentes appellations.<\/p>\n<p class=\"shortcode-container see-more\">\n    Pour aller plus loin<br \/><a href=\"https:\/\/www.frandroid.com\/marques\/microsoft\/2714793_apres-le-fiasco-de-windows-11-24h2-microsoft-est-plus-prudent-pour-sa-prochaine-mise-a-jour-25h2\" target=\"_blank\" rel=\"noopener\">Apr\u00e8s le fiasco de Windows 11 24H2, Microsoft est plus prudent pour sa prochaine mise \u00e0 jour 25H2<\/a>\n            <\/p>\n<p>Cela peut sembler \u00e9trange, mais elle r\u00e9pond \u00e0 une logique technique. Plut\u00f4t que de d\u00e9velopper des branches distinctes n\u00e9cessitant des \u00e9quipes s\u00e9par\u00e9es, Microsoft unifie ses efforts de d\u00e9veloppement sur une base commune.<\/p>\n<p>Un passage en douceur<\/p>\n<p>L\u2019avantage de cette approche devient \u00e9vident lors de la mise \u00e0 jour. Passer de 24H2 \u00e0 25H2 ne n\u00e9cessitera qu\u2019un simple red\u00e9marrage de quelques minutes. Microsoft distribue cette version sous forme de \u00ab\u00a0package d\u2019activation\u00a0\u00bb plut\u00f4t que comme une mise \u00e0 jour compl\u00e8te du syst\u00e8me.<\/p>\n<p>Concr\u00e8tement, les fonctionnalit\u00e9s de 25H2 dorment d\u00e9j\u00e0 dans votre version 24H2. Le package d\u2019activation se contente de les r\u00e9veiller, comme un bouton qui active des circuits d\u00e9j\u00e0 install\u00e9s. C\u2019est une m\u00e9thode qui garantit une compatibilit\u00e9 parfaite : toutes vos applications fonctionneront exactement comme avant.<\/p>\n<p>Si 25H2 n\u2019ajoute rien, elle retire n\u00e9anmoins quelques \u00e9l\u00e9ments. PowerShell 2.0, vieux de plus de quinze ans, dispara\u00eet d\u00e9finitivement. WMIC (Windows Management Instrumentation Command-Line), outil de ligne de commande d\u00e9j\u00e0 marqu\u00e9 comme obsol\u00e8te, suit le m\u00eame chemin.<\/p>\n<p>Et c\u2019est pour quand ?<\/p>\n<p>La version Release Preview permet aux testeurs <a href=\"https:\/\/www.frandroid.com\/marques\/microsoft\/987535_windows-11-comment-telecharger-et-installer-la-beta-insider\" target=\"_blank\" rel=\"noopener\">Windows Insider<\/a> d\u2019acc\u00e9der \u00e0 25H2 d\u00e8s maintenant via Windows Update. La sortie publique est attendue probablement fin septembre ou d\u00e9but octobre, selon le calendrier habituel de Microsoft.<\/p>\n<p class=\"shortcode-container see-more\">\n    Pour aller plus loin<br \/><a href=\"https:\/\/www.frandroid.com\/marques\/microsoft\/2739985_microsoft-sengage-a-ameliorer-les-performances-de-windows-11-avec-la-prochaine-mise-a-jour\" target=\"_blank\" rel=\"noopener\">Microsoft \u00ab\u00a0s\u2019engage \u00e0 am\u00e9liorer les performances de Windows 11\u00a0\u00bb avec la prochaine mise \u00e0 jour<\/a>\n            <\/p>\n<p>Contrairement aux pratiques pass\u00e9es, cette mise \u00e0 jour restera enti\u00e8rement facultative jusqu\u2019en octobre 2026, date de fin de support de 24H2. Microsoft n\u2019imposera pas automatiquement la migration, reconnaissant implicitement l\u2019absence d\u2019urgence technique.<\/p>\n","protected":false},"excerpt":{"rendered":"Microsoft bouscule ses habitudes avec Windows 11 25H2, une mise \u00e0 jour annuelle qui n\u2019apporte aucune fonctionnalit\u00e9 exclusive.&hellip;\n","protected":false},"author":2,"featured_media":359946,"comment_status":"","ping_status":"","sticky":false,"template":"","format":"standard","meta":{"footnotes":""},"categories":[7],"tags":[1011,27,295,43,40,41,39,42,44,49546,49547],"class_list":{"0":"post-359945","1":"post","2":"type-post","3":"status-publish","4":"format-standard","5":"has-post-thumbnail","7":"category-sciences-et-technologies","8":"tag-fr","9":"tag-france","10":"tag-microsoft-windows-11","11":"tag-science","12":"tag-science-and-technology","13":"tag-sciences","14":"tag-sciences-et-technologies","15":"tag-technologies","16":"tag-technology","17":"tag-windows-11-25h2","18":"tag-windows-11-professionnel"},"share_on_mastodon":{"url":"https:\/\/pubeurope.com\/@fr\/115132878488546252","error":""},"_links":{"self":[{"href":"https:\/\/www.europesays.com\/fr\/wp-json\/wp\/v2\/posts\/359945","targetHints":{"allow":["GET"]}}],"collection":[{"href":"https:\/\/www.europesays.com\/fr\/wp-json\/wp\/v2\/posts"}],"about":[{"href":"https:\/\/www.europesays.com\/fr\/wp-json\/wp\/v2\/types\/post"}],"author":[{"embeddable":true,"href":"https:\/\/www.europesays.com\/fr\/wp-json\/wp\/v2\/users\/2"}],"replies":[{"embeddable":true,"href":"https:\/\/www.europesays.com\/fr\/wp-json\/wp\/v2\/comments?post=359945"}],"version-history":[{"count":0,"href":"https:\/\/www.europesays.com\/fr\/wp-json\/wp\/v2\/posts\/359945\/revisions"}],"wp:featuredmedia":[{"embeddable":true,"href":"https:\/\/www.europesays.com\/fr\/wp-json\/wp\/v2\/media\/359946"}],"wp:attachment":[{"href":"https:\/\/www.europesays.com\/fr\/wp-json\/wp\/v2\/media?parent=359945"}],"wp:term":[{"taxonomy":"category","embeddable":true,"href":"https:\/\/www.europesays.com\/fr\/wp-json\/wp\/v2\/categories?post=359945"},{"taxonomy":"post_tag","embeddable":true,"href":"https:\/\/www.europesays.com\/fr\/wp-json\/wp\/v2\/tags?post=359945"}],"curies":[{"name":"wp","href":"https:\/\/api.w.org\/{rel}","templated":true}]}}