{"id":359949,"date":"2025-09-02T04:45:09","date_gmt":"2025-09-02T04:45:09","guid":{"rendered":"https:\/\/www.europesays.com\/fr\/359949\/"},"modified":"2025-09-02T04:45:09","modified_gmt":"2025-09-02T04:45:09","slug":"moscou-est-soupconne-davoir-brouille-le-signal-gps-dun-avion-transportant-ursula-von-der-leyen-le-monde-fr","status":"publish","type":"post","link":"https:\/\/www.europesays.com\/fr\/359949\/","title":{"rendered":"Moscou est soup\u00e7onn\u00e9 d\u2019avoir brouill\u00e9 le signal GPS d\u2019un avion transportant Ursula von der Leyen &#8211; Le Monde.fr"},"content":{"rendered":"<ol>\n<li><a href=\"https:\/\/news.google.com\/rss\/articles\/CBMi_wFBVV95cUxQZXRJY0UyWGRrdFNZTHUwc29WMFhmcE1oRTZaZFhQRlZkRkNxWDVsZS1MNVh5YmZQc0I2cHh2QlRFUm1MT1kxejZSaTRzejJQNkdMRzBZZnN6V1VIa1BWc2s3WVgyWXVDWEhZQVZtRXViMHJjbnpoWnAtVXo4NnE0V19qSUliLVNXeERTZUlxT3o4bTlLRUtLZTh2ZnVpSGppNWNISC1JZUhSVS11Ty15TTI4eFQ3UW9pQmpsVHI2RXc3REFvZ2xwXzY5R3BoOG5qWFBPNmIzZVJqcEhkck1nMG85NllETGxCU1NENUg2ZVFhS2hjNmdLSXhwYTVJQjg?oc=5\" target=\"_blank\" rel=\"nofollow noopener\">Moscou est soup\u00e7onn\u00e9 d\u2019avoir brouill\u00e9 le signal GPS d\u2019un avion transportant Ursula von der Leyen<\/a>&nbsp;&nbsp;Le Monde.fr<\/li>\n<li><a href=\"https:\/\/news.google.com\/rss\/articles\/CBMimwJBVV95cUxNM283aEtYQnBqNWV4ZF80c1FOamVKWXpocTJreXRDWG10aklUeFB3MDRfVGpNdHhNQThiUVZhMzFRRXFxcUYyQnJXaTlUbG01WS1XRjB0bTNfSTdDM2RpVG42QVo4QlBoa0wyejdsajlNQzhxdDFYY2ZyWTRxZUU4WnNnTWlreGtxcHdrYlVIWVJVLXBFWnNfWVFycEJ0OXQ5MkhPa0xhOFhZRjhiaThJdW5CLTZYZTRLc2JfeUNHOC1ab0doU3NJYjMyMmZFRV9oLWJQSFFvYTJHRXBQLVNnbHVVQ0Z4U1V3cVNobHdhbVQwU3ZzZjRKUUdxZXNZTHVYLUg0NGQ4M09fdUFmV25fLTJsbVBQYlYydWVR?oc=5\" target=\"_blank\" rel=\"nofollow noopener\">Une ing\u00e9rence flagrante de la Russie \u00bb : c\u2019est quoi le brouillage GPS dont l\u2019avion d\u2019Ursula von der Leyen a \u00e9t\u00e9 la cible<\/a>&nbsp;&nbsp;Le Parisien<\/li>\n<li><a href=\"https:\/\/news.google.com\/rss\/articles\/CBMimwJBVV95cUxPa2Rfc3czZnlMQXlaS1YxaGRVWlFjS1d2R1V5OE9uaTlOdEtCVFhsUHZ6T3JQckV3cldPNUpUZnV2TTRRQXhaajFjQ2RJclJ0MnRPa0phRVRyN3d5RmVWUFVMTXAxTTRsM1VjUFNzWjhlS2VJZzZfczJNbmNkYnBuSlAya1BBNHpjTGNFamY4QnllN0hQRFplcWZPRlRFWFpFdmZrYmpRakdJYmE3TUN5UlUyZElwb3dscGN2LVNnVmo0NFgyTlF0WWE4NWplblFVSlNSTi1xanJuTTZIck1JNURHNEhCSWtqX1ZlaGE4eUpOazFNaWJOSU81QXRzQkhtZE9fcm56Q2Jxd2NOV2ZaNExBTjFkcGUtTGdn?oc=5\" target=\"_blank\" rel=\"nofollow noopener\">En plein vol, l\u2019avion de Von der Leyen priv\u00e9 de ses syst\u00e8mes de navigation par une attaque attribu\u00e9e \u00e0 la Russie<\/a>&nbsp;&nbsp;Lib\u00e9ration<\/li>\n<li><a href=\"https:\/\/news.google.com\/rss\/articles\/CBMiqwFBVV95cUxOLW9QSDUwLVBjQjJWbldHTXYtMkluMjJYRUFNZlNWRVY5eGszRWdkb29KMURUYV8xZDNJbUR0LUFOcXVpdENlc1FZTHp6NTZqQlpVbjNiYlBTc2N3eWh1dkF5MG5wemVwRjRYZlg1eVBGMmgyRzc1Z0tkWmFici1zN2JEZFB5VHY5d1gxWXFNeFhHQXFSb2xwaHdXWDRHN1gtVlh0QjNoUWpzZ0E?oc=5\" target=\"_blank\" rel=\"nofollow noopener\">Brouillage du GPS de l\u2019avion d\u2019Ursula von der Leyen : Poutine cible de plus en plus directement l\u2019Union europ\u00e9enne<\/a>&nbsp;&nbsp;Le Figaro<\/li>\n<li><a href=\"https:\/\/news.google.com\/rss\/articles\/CBMi3wFBVV95cUxPdWxnRVhxTzgtWElRVk1xdXhfcU5pNG0yVXRQaHhrR3duTElXX2tPdXRaVUVzb1Z5aWZ6d2dCdWNqeWR2dTNqWWdGTkdDZGU5dHZ2dzNELWRyOVVZcHRiSEk5d1p4eTZyeE1pTThlY1kxS3cwdmVlRl9uZW43UlNDZDNvSldaRk9lUDV5cFFEMDYyYXVpMDZxbnNiMU94ZTZzN1FKS2dheWNBa0RrQVNFblp3dFluQkk1RmJqa2dhUXJkWUNEbGk4M0k5Zi14aklLcGdKRERmd194N2xablQ4?oc=5\" target=\"_blank\" rel=\"nofollow noopener\">Marschall Truchot : Von Der Leyen, son avion attaqu\u00e9 par les Russes ? &#8211; 01\/09<\/a>&nbsp;&nbsp;BFMTV<\/li>\n<\/ol>\n","protected":false},"excerpt":{"rendered":"Moscou est soup\u00e7onn\u00e9 d\u2019avoir brouill\u00e9 le signal GPS d\u2019un avion transportant Ursula von der Leyen&nbsp;&nbsp;Le Monde.fr Une ing\u00e9rence&hellip;\n","protected":false},"author":2,"featured_media":1445,"comment_status":"","ping_status":"","sticky":false,"template":"","format":"standard","meta":{"footnotes":""},"categories":[5],"tags":[11,1011,27,14,12,28],"class_list":{"0":"post-359949","1":"post","2":"type-post","3":"status-publish","4":"format-standard","5":"has-post-thumbnail","7":"category-international","8":"tag-actualites","9":"tag-fr","10":"tag-france","11":"tag-international","12":"tag-news","13":"tag-world"},"share_on_mastodon":{"url":"https:\/\/pubeurope.com\/@fr\/115132886204809107","error":""},"_links":{"self":[{"href":"https:\/\/www.europesays.com\/fr\/wp-json\/wp\/v2\/posts\/359949","targetHints":{"allow":["GET"]}}],"collection":[{"href":"https:\/\/www.europesays.com\/fr\/wp-json\/wp\/v2\/posts"}],"about":[{"href":"https:\/\/www.europesays.com\/fr\/wp-json\/wp\/v2\/types\/post"}],"author":[{"embeddable":true,"href":"https:\/\/www.europesays.com\/fr\/wp-json\/wp\/v2\/users\/2"}],"replies":[{"embeddable":true,"href":"https:\/\/www.europesays.com\/fr\/wp-json\/wp\/v2\/comments?post=359949"}],"version-history":[{"count":0,"href":"https:\/\/www.europesays.com\/fr\/wp-json\/wp\/v2\/posts\/359949\/revisions"}],"wp:featuredmedia":[{"embeddable":true,"href":"https:\/\/www.europesays.com\/fr\/wp-json\/wp\/v2\/media\/1445"}],"wp:attachment":[{"href":"https:\/\/www.europesays.com\/fr\/wp-json\/wp\/v2\/media?parent=359949"}],"wp:term":[{"taxonomy":"category","embeddable":true,"href":"https:\/\/www.europesays.com\/fr\/wp-json\/wp\/v2\/categories?post=359949"},{"taxonomy":"post_tag","embeddable":true,"href":"https:\/\/www.europesays.com\/fr\/wp-json\/wp\/v2\/tags?post=359949"}],"curies":[{"name":"wp","href":"https:\/\/api.w.org\/{rel}","templated":true}]}}