{"id":359950,"date":"2025-09-02T04:46:16","date_gmt":"2025-09-02T04:46:16","guid":{"rendered":"https:\/\/www.europesays.com\/fr\/359950\/"},"modified":"2025-09-02T04:46:16","modified_gmt":"2025-09-02T04:46:16","slug":"volontariat-200-euros-par-jour-comment-les-medecins-generalistes-vont-y-etre-envoyes","status":"publish","type":"post","link":"https:\/\/www.europesays.com\/fr\/359950\/","title":{"rendered":"volontariat, 200\u00a0euros par jour\u2026 comment les m\u00e9decins g\u00e9n\u00e9ralistes vont y \u00eatre envoy\u00e9s"},"content":{"rendered":"<p>        <img decoding=\"async\" loading=\"lazy\" src=\"https:\/\/www.europesays.com\/fr\/wp-content\/uploads\/2025\/06\/3a3f875_1683709972736-gettyimages-1363068310.jpg\"  width=\"728\" height=\"409\" alt=\"D\u00e9serts m\u00e9dicaux\u00a0: volontariat, 200\u00a0euros par jour... comment les m\u00e9decins g\u00e9n\u00e9ralistes vont y \u00eatre envoy\u00e9s\"\/>  <\/p>\n<p>jose carlos cerdeno martinez \/ Getty Images<\/p>\n<p>D\u00e9serts m\u00e9dicaux\u00a0: volontariat, 200\u00a0euros par jour&#8230; comment les m\u00e9decins g\u00e9n\u00e9ralistes vont y \u00eatre envoy\u00e9s<\/p>\n<p class=\"asset asset-text\">SANTE &#8211; \u00c0 la rescousse des d\u00e9serts m\u00e9dicaux. En avril, le Premier ministre Fran\u00e7ois Bayrou <a href=\"https:\/\/www.huffingtonpost.fr\/politique\/article\/bayrou-a-un-plan-pour-tarir-les-deserts-medicaux-sans-braquer-les-soignants-mais-c-est-la-derniere-chance_249191.html\" rel=\"nofollow noopener\" target=\"_blank\">avait souhait\u00e9 un dispositif <\/a>pour envoyer <a href=\"https:\/\/www.huffingtonpost.fr\/france\/article\/deserts-medicaux-pourquoi-les-medecins-et-internes-font-greve-a-partir-de-ce-lundi_249326.html\" rel=\"nofollow noopener\" target=\"_blank\">des m\u00e9decins g\u00e9n\u00e9ralistes<\/a> dans les zones qui en manquaient. Il sera finalement d\u00e9ploy\u00e9 \u00ab\u00a0d\u00e8s la semaine prochaine\u00a0\u00bb a annonc\u00e9 le minist\u00e8re ce lundi 1er\u00a0septembre.<\/p>\n<p class=\"asset asset-text\">Le ministre de la Sant\u00e9 Yannick Neuder a donn\u00e9 plus d\u2019informations sur la fa\u00e7on dont l\u2019envoi de ces m\u00e9decins va se d\u00e9rouler. Si <a href=\"https:\/\/www.huffingtonpost.fr\/politique\/article\/bayrou-critique-de-toutes-parts-pour-son-immobilisme-replique-avec-ses-4-grandes-priorites_247798.html\" rel=\"nofollow noopener\" target=\"_blank\">Fran\u00e7ois Bayrou <\/a>avait \u00e9voqu\u00e9 au printemps une mesure coercitive, il avait ensuite renvoy\u00e9 une telle possibilit\u00e9, rejet\u00e9e par nombre de m\u00e9decins, \u00e0 l\u2019\u00e9volution de \u00ab\u00a0dispositions l\u00e9gislatives\u00a0\u00bb.<\/p>\n<p class=\"asset asset-text\">En juin, certains d\u00e9put\u00e9s, emmen\u00e9s par le socialiste Guillaume Garot, avaient promu des mesures plus strictes, imposant des contraintes \u00e0 l\u2019installation des m\u00e9decins, mais suscitant une opposition encore plus marqu\u00e9e de ces derniers.<\/p>\n<p class=\"asset asset-text\">Le HuffPost fait le point sur ce qu\u2019il va finalement en \u00eatre.<\/p>\n<p>    200\u00a0euros par jour de compensation    <\/p>\n<p class=\"asset asset-text\">Le dispositif sera finalement d\u00e9ploy\u00e9 sur la base \u00ab\u00a0du volontariat\u00a0\u00bb et moyennant une compensation de 200\u00a0euros par jour, a d\u00e9clar\u00e9 ce lundi le ministre de la Sant\u00e9, d\u00e9favorable \u00ab\u00a0\u00e0 la coercition d\u2019installation\u00a0\u00bb, lors d\u2019un d\u00e9placement \u00e0 Pissos, village de 1400 habitants dans la for\u00eat des Landes.<\/p>\n<p class=\"asset asset-text\">Ils seront <a href=\"https:\/\/www.huffingtonpost.fr\/france\/article\/deserts-medicaux-voici-la-carte-des-zones-ou-des-generalistes-vont-venir-en-renfort_251912.html\" rel=\"nofollow noopener\" target=\"_blank\">d\u00e9ploy\u00e9s dans 151 intercommunalit\u00e9s<\/a> situ\u00e9es principalement dans le centre et le sud-ouest hors littoral du pays.<\/p>\n<p class=\"asset asset-text\">Au total, 2,5\u00a0millions de patients vivant dans ces \u00ab\u00a0zones rouges\u00a0\u00bb seront concern\u00e9s par ces renforts de m\u00e9decins g\u00e9n\u00e9ralistes, jusqu\u2019\u00e0 deux jours par mois.<\/p>\n<p class=\"asset asset-text\">Yannick Neuder n\u2019a en revanche pas \u00e9nonc\u00e9 le nombre de m\u00e9decins d\u00e9j\u00e0 volontaires sur le territoire, \u00ab\u00a0puisqu\u2019on est en train de lancer ces dispositifs\u00a0\u00bb. Dans les Landes, plus d\u2019une cinquantaine se seraient d\u00e9j\u00e0 signal\u00e9s.<\/p>\n<p>                     Prendre des \u00ab\u00a0m\u00e9decins qui disposent de temps\u00a0\u00bb    <\/p>\n<p class=\"asset asset-text\">Yannick Neuder veut d\u2019abord mobiliser \u00ab\u00a0les m\u00e9decins qui disposent de temps\u00a0\u00bb, \u00e0 l\u2019instar des \u00ab\u00a0rempla\u00e7ants, retrait\u00e9s ou travaillant \u00e0 temps partiel\u00a0\u00bb, pour ne \u00ab\u00a0pas d\u00e9peupler un territoire\u00a0\u00bb.<\/p>\n<p class=\"asset asset-text\">Pour \u00ab\u00a0am\u00e9liorer l\u2019offre de soins\u00a0\u00bb, le ministre entend articuler ce dispositif, pilot\u00e9 par les Agences r\u00e9gionales de sant\u00e9 (ARS) et les pr\u00e9fectures, qui s\u2019adresse \u00e0 des m\u00e9decins \u00ab\u00a0\u00e0 proximit\u00e9 raisonnable\u00a0\u00bb des zones sous-dot\u00e9es, avec celui \u00ab\u00a0compl\u00e9mentaire\u00a0\u00bb de l\u2019association M\u00e9decins solidaires dans des zones plus \u00e9loign\u00e9es.<\/p>\n<p class=\"asset asset-text\">Ce collectif, lanc\u00e9 il y a trois ans, revendique aujourd\u2019hui 800 g\u00e9n\u00e9ralistes qui effectuent des renforts d\u2019une semaine dans neuf centres diff\u00e9rents.<\/p>\n<p>                     Scepticisme    <\/p>\n<p class=\"asset asset-text\">Le fondateur de M\u00e9decins solidaires, Martial Jardel, accueille n\u00e9anmoins avec scepticisme le dispositif gouvernemental.<\/p>\n<p class=\"asset asset-text\">Pour assurer une r\u00e9elle plus-value aux patients, \u00ab\u00a0il faut garantir qu\u2019il y a bien un m\u00e9decin en permanence\u00a0\u00bb, \u00ab\u00a0avoir des coordonnatrices et secr\u00e9taires m\u00e9dicales qui peuvent g\u00e9rer le mat\u00e9riel, les probl\u00e8mes informatiques, l\u2019ouverture et la fermeture de la structure\u2026\u00a0\u00bb, a-t-il d\u00e9clar\u00e9 \u00e0 l\u2019AFP. Or \u00ab\u00a0l\u2019\u00c9tat n\u2019est pas connu pour sa capacit\u00e9 \u00e0 transformer correctement des politiques de terrain\u00a0\u00bb, a-t-il ajout\u00e9.<\/p>\n<p class=\"asset asset-text\">Le ministre promet une \u00e9valuation de l\u2019efficacit\u00e9 du dispositif gouvernemental \u00ab\u00a0\u00e0 la fin de l\u2019ann\u00e9e ou au d\u00e9but de l\u2019ann\u00e9e prochaine\u00a0\u00bb.<\/p>\n","protected":false},"excerpt":{"rendered":"jose carlos cerdeno martinez \/ Getty Images D\u00e9serts m\u00e9dicaux\u00a0: volontariat, 200\u00a0euros par jour&#8230; comment les m\u00e9decins g\u00e9n\u00e9ralistes vont&hellip;\n","protected":false},"author":2,"featured_media":359951,"comment_status":"","ping_status":"","sticky":false,"template":"","format":"standard","meta":{"footnotes":""},"categories":[4],"tags":[11,34757,1011,27,5656,35512,12,25,71],"class_list":{"0":"post-359950","1":"post","2":"type-post","3":"status-publish","4":"format-standard","5":"has-post-thumbnail","7":"category-france","8":"tag-actualites","9":"tag-deserts-medicaux","10":"tag-fr","11":"tag-france","12":"tag-life","13":"tag-medecins-generalistes","14":"tag-news","15":"tag-republique-francaise","16":"tag-sante"},"share_on_mastodon":{"url":"https:\/\/pubeurope.com\/@fr\/115132890177066390","error":""},"_links":{"self":[{"href":"https:\/\/www.europesays.com\/fr\/wp-json\/wp\/v2\/posts\/359950","targetHints":{"allow":["GET"]}}],"collection":[{"href":"https:\/\/www.europesays.com\/fr\/wp-json\/wp\/v2\/posts"}],"about":[{"href":"https:\/\/www.europesays.com\/fr\/wp-json\/wp\/v2\/types\/post"}],"author":[{"embeddable":true,"href":"https:\/\/www.europesays.com\/fr\/wp-json\/wp\/v2\/users\/2"}],"replies":[{"embeddable":true,"href":"https:\/\/www.europesays.com\/fr\/wp-json\/wp\/v2\/comments?post=359950"}],"version-history":[{"count":0,"href":"https:\/\/www.europesays.com\/fr\/wp-json\/wp\/v2\/posts\/359950\/revisions"}],"wp:featuredmedia":[{"embeddable":true,"href":"https:\/\/www.europesays.com\/fr\/wp-json\/wp\/v2\/media\/359951"}],"wp:attachment":[{"href":"https:\/\/www.europesays.com\/fr\/wp-json\/wp\/v2\/media?parent=359950"}],"wp:term":[{"taxonomy":"category","embeddable":true,"href":"https:\/\/www.europesays.com\/fr\/wp-json\/wp\/v2\/categories?post=359950"},{"taxonomy":"post_tag","embeddable":true,"href":"https:\/\/www.europesays.com\/fr\/wp-json\/wp\/v2\/tags?post=359950"}],"curies":[{"name":"wp","href":"https:\/\/api.w.org\/{rel}","templated":true}]}}