{"id":359955,"date":"2025-09-02T04:49:15","date_gmt":"2025-09-02T04:49:15","guid":{"rendered":"https:\/\/www.europesays.com\/fr\/359955\/"},"modified":"2025-09-02T04:49:15","modified_gmt":"2025-09-02T04:49:15","slug":"je-crois-en-lintelligence-collective","status":"publish","type":"post","link":"https:\/\/www.europesays.com\/fr\/359955\/","title":{"rendered":"\u00ab\u00a0Je crois en l\u2019intelligence collective\u00a0\u00bb"},"content":{"rendered":"<blockquote class=\"question\"><p>Vous \u00eates le r\u00e9f\u00e9rent UDI dans le collectif Saint-Etienne ensemble 2026. Allez-vous \u00eatre candidat pour \u00eatre t\u00eate de liste\u00a0?<\/p><\/blockquote>\n<p>\u00ab\u00a0Oui, je suis candidat aux municipales de mars\u00a02026 dans le cadre du sondage voulu par notre collectif et qui d\u00e9butera le 3\u00a0septembre.\u00a0\u00bb<\/p>\n<blockquote class=\"question\"><p>Quels sont selon vous vos arguments\u00a0?<\/p><\/blockquote>\n<p>\u00ab\u00a0Cette ville, je la connais intimement\u00a0: j\u2019y ai grandi, entre le Grand-Clos, C\u00f4te-Chaude et Bergson. Fils d\u2019ouvriers, c\u2019est ici que j\u2019ai pass\u00e9 ma jeunesse, que mes enfants ont \u00e9t\u00e9 scolaris\u00e9s et c\u2019est ici que j\u2019ai choisi de vivre et de m\u2019engager. Depuis plusieurs ann\u00e9es, j\u2019ai l\u2019honneur d\u2019y \u00eatre \u00e9lu. J\u2019ai \u00e9t\u00e9 collaborateur parlementaire de Gilles Artigues, il m\u2019a appris \u00e0 \u201c\u00eatre la relation de ceux qui n\u2019en ont pas\u201d. Je crois ces derni\u00e8res ann\u00e9es avoir fait la d\u00e9monstration que je ne suis int\u00e9ress\u00e9e que par ma ville,&#8230;<\/p>\n","protected":false},"excerpt":{"rendered":"Vous \u00eates le r\u00e9f\u00e9rent UDI dans le collectif Saint-Etienne ensemble 2026. Allez-vous \u00eatre candidat pour \u00eatre t\u00eate de&hellip;\n","protected":false},"author":2,"featured_media":359956,"comment_status":"","ping_status":"","sticky":false,"template":"","format":"standard","meta":{"footnotes":""},"categories":[9653],"tags":[1111,11,2430,7539,4188,1777,674,1011,27,12,316,25,4001,7538],"class_list":{"0":"post-359955","1":"post","2":"type-post","3":"status-publish","4":"format-standard","5":"has-post-thumbnail","7":"category-saint-etienne","8":"tag-actu","9":"tag-actualites","10":"tag-auvergne-rhone-alpes","11":"tag-edition-loire-sud","12":"tag-elections-municipales","13":"tag-eu","14":"tag-europe","15":"tag-fr","16":"tag-france","17":"tag-news","18":"tag-politique","19":"tag-republique-francaise","20":"tag-saint-etienne","21":"tag-saint-etienne-ville"},"share_on_mastodon":{"url":"https:\/\/pubeurope.com\/@fr\/115132901960275590","error":""},"_links":{"self":[{"href":"https:\/\/www.europesays.com\/fr\/wp-json\/wp\/v2\/posts\/359955","targetHints":{"allow":["GET"]}}],"collection":[{"href":"https:\/\/www.europesays.com\/fr\/wp-json\/wp\/v2\/posts"}],"about":[{"href":"https:\/\/www.europesays.com\/fr\/wp-json\/wp\/v2\/types\/post"}],"author":[{"embeddable":true,"href":"https:\/\/www.europesays.com\/fr\/wp-json\/wp\/v2\/users\/2"}],"replies":[{"embeddable":true,"href":"https:\/\/www.europesays.com\/fr\/wp-json\/wp\/v2\/comments?post=359955"}],"version-history":[{"count":0,"href":"https:\/\/www.europesays.com\/fr\/wp-json\/wp\/v2\/posts\/359955\/revisions"}],"wp:featuredmedia":[{"embeddable":true,"href":"https:\/\/www.europesays.com\/fr\/wp-json\/wp\/v2\/media\/359956"}],"wp:attachment":[{"href":"https:\/\/www.europesays.com\/fr\/wp-json\/wp\/v2\/media?parent=359955"}],"wp:term":[{"taxonomy":"category","embeddable":true,"href":"https:\/\/www.europesays.com\/fr\/wp-json\/wp\/v2\/categories?post=359955"},{"taxonomy":"post_tag","embeddable":true,"href":"https:\/\/www.europesays.com\/fr\/wp-json\/wp\/v2\/tags?post=359955"}],"curies":[{"name":"wp","href":"https:\/\/api.w.org\/{rel}","templated":true}]}}