{"id":359963,"date":"2025-09-02T04:54:25","date_gmt":"2025-09-02T04:54:25","guid":{"rendered":"https:\/\/www.europesays.com\/fr\/359963\/"},"modified":"2025-09-02T04:54:25","modified_gmt":"2025-09-02T04:54:25","slug":"un-homme-chute-du-8e-etage-dun-immeuble-en-pleine-nuit-a-montpellier-une-enquete-ouverte-pour-tentative-dhomicide","status":"publish","type":"post","link":"https:\/\/www.europesays.com\/fr\/359963\/","title":{"rendered":"Un homme chute du 8e \u00e9tage d\u2019un immeuble en pleine nuit \u00e0 Montpellier\u00a0: une enqu\u00eate ouverte pour tentative d\u2019homicide"},"content":{"rendered":"<p>\n                                                                Un jeune homme de 26 ans a saut\u00e9 du 8e \u00e9tage d\u2019un immeuble \u00e0 Montpellier, dans la nuit de dimanche \u00e0 lundi 1er\u00a0septembre. D\u2019autres personnes se trouvaient dans l\u2019appartement au moment des faits. Une enqu\u00eate est ouverte.\n                            <\/p>\n<p>Que s\u2019est-il pass\u00e9 dans cet appartement du quartier de la Mosson, \u00e0 Montpellier, dans la nuit de dimanche \u00e0 lundi 1er\u00a0septembre\u00a0? Une enqu\u00eate de police est ouverte pour tentative d\u2019homicide apr\u00e8s qu\u2019un jeune homme de 26 ans a saut\u00e9 du 8e \u00e9tage d\u2019un immeuble.<\/p>\n<p>Une chute amortie par des arbres<\/p>\n<p>Si sa chute a \u00e9t\u00e9 amortie par des arbres, il est gri\u00e8vement bless\u00e9. Pris en charge par les secours, il pr\u00e9sentait une suspicion de pneumothorax et des douleurs abdominales. Il a \u00e9t\u00e9 admis au service anesth\u00e9sie-r\u00e9animation du CHU de Montpellier, sans que son pronostic vital ne soit engag\u00e9.<\/p>\n<p>Une altercation dans l\u2019appartement<\/p>\n<p>La victime a d\u00e9clar\u00e9 aux enqu\u00eateurs avoir eu une altercation avec son ex-compagne dans le logement, o\u00f9 se trouvaient peut-\u00eatre, d\u2019apr\u00e8s les premiers \u00e9l\u00e9ments recueillis, le fr\u00e8re ou l\u2019actuel petit ami de cette derni\u00e8re.<\/p>\n<p>Dans quelles circonstances la victime a-t-elle \u00e9t\u00e9 amen\u00e9e \u00e0 se\u00a0jeter de cet \u00e9tage \u00e9lev\u00e9\u00a0? A-t-elle subi une menace pour commettre cet acte\u00a0? C\u2019est ce que s\u2019emploient \u00e0 d\u00e9terminer les investigations en cours.<\/p>\n","protected":false},"excerpt":{"rendered":"Un jeune homme de 26 ans a saut\u00e9 du 8e \u00e9tage d\u2019un immeuble \u00e0 Montpellier, dans la nuit&hellip;\n","protected":false},"author":2,"featured_media":359964,"comment_status":"","ping_status":"","sticky":false,"template":"","format":"standard","meta":{"footnotes":""},"categories":[9599],"tags":[1111,11,1777,674,1011,27,2208,12,2680,25],"class_list":{"0":"post-359963","1":"post","2":"type-post","3":"status-publish","4":"format-standard","5":"has-post-thumbnail","7":"category-montpellier","8":"tag-actu","9":"tag-actualites","10":"tag-eu","11":"tag-europe","12":"tag-fr","13":"tag-france","14":"tag-montpellier","15":"tag-news","16":"tag-occitanie","17":"tag-republique-francaise"},"share_on_mastodon":{"url":"https:\/\/pubeurope.com\/@fr\/115132921606566060","error":""},"_links":{"self":[{"href":"https:\/\/www.europesays.com\/fr\/wp-json\/wp\/v2\/posts\/359963","targetHints":{"allow":["GET"]}}],"collection":[{"href":"https:\/\/www.europesays.com\/fr\/wp-json\/wp\/v2\/posts"}],"about":[{"href":"https:\/\/www.europesays.com\/fr\/wp-json\/wp\/v2\/types\/post"}],"author":[{"embeddable":true,"href":"https:\/\/www.europesays.com\/fr\/wp-json\/wp\/v2\/users\/2"}],"replies":[{"embeddable":true,"href":"https:\/\/www.europesays.com\/fr\/wp-json\/wp\/v2\/comments?post=359963"}],"version-history":[{"count":0,"href":"https:\/\/www.europesays.com\/fr\/wp-json\/wp\/v2\/posts\/359963\/revisions"}],"wp:featuredmedia":[{"embeddable":true,"href":"https:\/\/www.europesays.com\/fr\/wp-json\/wp\/v2\/media\/359964"}],"wp:attachment":[{"href":"https:\/\/www.europesays.com\/fr\/wp-json\/wp\/v2\/media?parent=359963"}],"wp:term":[{"taxonomy":"category","embeddable":true,"href":"https:\/\/www.europesays.com\/fr\/wp-json\/wp\/v2\/categories?post=359963"},{"taxonomy":"post_tag","embeddable":true,"href":"https:\/\/www.europesays.com\/fr\/wp-json\/wp\/v2\/tags?post=359963"}],"curies":[{"name":"wp","href":"https:\/\/api.w.org\/{rel}","templated":true}]}}