{"id":359965,"date":"2025-09-02T04:55:11","date_gmt":"2025-09-02T04:55:11","guid":{"rendered":"https:\/\/www.europesays.com\/fr\/359965\/"},"modified":"2025-09-02T04:55:11","modified_gmt":"2025-09-02T04:55:11","slug":"ici-sport-apres-la-victoire-dans-le-trophee-des-champions-la-saison-est-bien-lancee-pour-le-montpellier-handball","status":"publish","type":"post","link":"https:\/\/www.europesays.com\/fr\/359965\/","title":{"rendered":"ICI Sport\u00a0: apr\u00e8s la victoire dans le Troph\u00e9e des champions, la saison est bien lanc\u00e9e pour le Montpellier Handball"},"content":{"rendered":"<p>   <img decoding=\"async\" src=\"https:\/\/www.europesays.com\/fr\/wp-content\/uploads\/2025\/09\/1756788911_346_1200x680\" alt=\"illustration agrandir l'image\" style=\"--_image-preview:url('data:image\/jpeg;base64,\/9j\/2wBDACgcHiMeGSgjISMtKygwPGRBPDc3PHtYXUlkkYCZlo+AjIqgtObDoKrarYqMyP\/L2u71\/\/\/\/m8H\/\/\/\/6\/+b9\/\/j\/2wBDASstLTw1PHZBQXb4pYyl+Pj4+Pj4+Pj4+Pj4+Pj4+Pj4+Pj4+Pj4+Pj4+Pj4+Pj4+Pj4+Pj4+Pj4+Pj4+Pj4+Pj\/wAARCAAqACoDASIAAhEBAxEB\/8QAGAAAAwEBAAAAAAAAAAAAAAAAAQIDAAT\/xAAYEAEBAQEBAAAAAAAAAAAAAAAAARESAv\/EABYBAQEBAAAAAAAAAAAAAAAAAAABAv\/EABURAQEAAAAAAAAAAAAAAAAAAAAR\/9oADAMBAAIRAxEAPwCGBivLci1LAxSwLEKnjYfluSFdN8hfK18lsaYqNgcqWNgtT5blTB5Eq9hLFKT0CdA1BUGQcCGFf\/\/Z');\" loading=\"eager\" fetchpriority=\"high\" aria-hidden=\"true\" class=\"svelte-1pnmlwx rounded\" onload=\"this.__e=event\" onerror=\"this.__e=event\"\/> Le MHB a commenc\u00e9 sa saison par une superbe victoire contre le PSG \u00a9 Maxppp &#8211; PHOTOPQR\/LA NOUVELLE REPUBLIQUE\/MAXPPP    <\/p>\n<p class=\"g-ici-body-regular-3 info svelte-1a514ib\">Diffus\u00e9 le mardi 2 septembre 2025 \u00e0 6:40 <\/p>\n<p class=\"g-ici-body-regular-3 info svelte-1a514ib\">Publi\u00e9 le mardi 2 septembre 2025 \u00e0 6:40 <\/p>\n<p class=\"g-ici-body-bold-1 standFirst svelte-g22axr\">Troph\u00e9e des champions, Coupe de France, championnat&#8230; la saison red\u00e9marre fort pour le Montpellier Handball. Quels sont les objectifs pour ce cru 2025\/2026 ? R\u00e9ponse au micro ICI H\u00e9rault avec le pr\u00e9sident, Julien Deljarry et l&rsquo;entra\u00eeneur Erick Math\u00e9.<\/p>\n<p>La saison d\u00e9marre parfaitement pour les handballeurs du MHB, apr\u00e8s\u00a0<a class=\"IciLink ici-link IciArticleLink g-ici-body-regular-1 underline brand svelte-lu7k6w\" href=\"https:\/\/www.francebleu.fr\/sports\/basket-handball-volley\/le-montpellier-handball-remporte-le-trophee-des-champions-contre-le-psg-6114766\" target=\"_blank\" rel=\"noopener\">la victoire dans le Troph\u00e9e des champions<\/a>\u00a0ce weekend contre le PSG. Ils encha\u00eenent avec la Coupe de France mardi 2 septembre 2025 (20h) contre Valence, une \u00e9quipe de deuxi\u00e8me division. Ce weekend, dimanche \u00e0 17h contre Dijon, ce sera la reprise du championnat de\u00a0<a target=\"_blank\" rel=\"nofollow noopener noreferrer\" class=\"IciLink ici-link IciArticleLink g-ici-body-regular-1 underline brand svelte-lu7k6w\" href=\"https:\/\/www.lnh.fr\/liquimoly-starligue\/classement\">Starligue<\/a>.\u00a0<a class=\"IciLink ici-link IciArticleLink g-ici-body-regular-1 underline brand svelte-lu7k6w\" href=\"https:\/\/www.francebleu.fr\/sports\/basket-handball-volley\/le-montpellier-handball-remporte-le-trophee-des-champions-contre-le-psg-6114766\" target=\"_blank\" rel=\"noopener\">Effectif chamboul\u00e9<\/a>\u00a0mais continuit\u00e9 dans les objectifs, \u00e0 savoir faire mieux que la saison derni\u00e8re qui \u00e9tait d\u00e9j\u00e0 bien r\u00e9ussie, on d\u00e9crypte les enjeux avec le pr\u00e9sident, Julien Deljarry et l&rsquo;entra\u00eeneur Erick Math\u00e9.<\/p>\n<p> \u00c0 lire aussi   <img decoding=\"async\" src=\"https:\/\/www.europesays.com\/fr\/wp-content\/uploads\/2025\/09\/1756788911_4_200x200\" alt=\"Valentin Porte, \u00c9rick Math\u00e9, Julien Deljarry et Arthur Lenne lors de la conf\u00e9rence de presse de reprise\" style=\"--_image-preview:url('data:image\/jpeg;base64,\/9j\/2wBDACgcHiMeGSgjISMtKygwPGRBPDc3PHtYXUlkkYCZlo+AjIqgtObDoKrarYqMyP\/L2u71\/\/\/\/m8H\/\/\/\/6\/+b9\/\/j\/2wBDASstLTw1PHZBQXb4pYyl+Pj4+Pj4+Pj4+Pj4+Pj4+Pj4+Pj4+Pj4+Pj4+Pj4+Pj4+Pj4+Pj4+Pj4+Pj4+Pj4+Pj\/wAARCAAqACoDASIAAhEBAxEB\/8QAFwAAAwEAAAAAAAAAAAAAAAAAAQIDAP\/EABgQAQEBAQEAAAAAAAAAAAAAAAABERIC\/8QAFgEAAwAAAAAAAAAAAAAAAAAAAAEC\/8QAFhEBAQEAAAAAAAAAAAAAAAAAABEB\/9oADAMBAAIRAxEAPwCujKl03SYpbW6S6boQlL6DpK+g1eYVJ0Op6IgUlbSw0EDAbBxeJQNCw0SZpDyFh4ZDIOBBBv\/Z');\" loading=\"lazy\" fetchpriority=\"low\" aria-hidden=\"true\" class=\"svelte-1pnmlwx rounded\" onload=\"this.__e=event\" onerror=\"this.__e=event\"\/>C&rsquo;est aussi la reprise pour Frontignan<\/p>\n<p>Un autre club de l&rsquo;H\u00e9rault jouera \u00e9galement ce mardi soir en\u00a0<a target=\"_blank\" rel=\"nofollow noopener noreferrer\" class=\"IciLink ici-link IciArticleLink g-ici-body-regular-1 underline brand svelte-lu7k6w\" href=\"https:\/\/www.ffhandball.fr\/competitions\/saison-2025-2026-21\/coupe-de-france\/coupe-de-france-nationale-masculine-2025-2026-28376\/\">Coupe de France<\/a>\u00a0: Frontignan, pensionnaire de Proligue, la 2e division, qui re\u00e7oit Istres \u00e0 20h30, une \u00e9quipe de Starligue, l&rsquo;\u00e9lite.<\/p>\n<ul class=\"SocialNetworks svelte-bt5901\">\n<li class=\"svelte-bt5901\"><\/li>\n<li class=\"svelte-bt5901\"><\/li>\n<li class=\"svelte-bt5901\"><\/li>\n<li class=\"svelte-bt5901\"><\/li>\n<li class=\"svelte-bt5901\"><\/li>\n<\/ul>\n<p class=\"g-ici-body-regular-3 description svelte-1vha4t1\">Tous les vendredis, recevez le meilleur de la semaine d\u2019ici H\u00e9rault\u00a0: certifi\u00e9 100% local\u00a0!<\/p>\n<p>En cliquant sur \u00ab\u00a0S\u2019abonner\u00a0\u00bb, j&rsquo;accepte que les donn\u00e9es recueillies par<br \/>\n        Radio France soient destin\u00e9es \u00e0 l&rsquo;envoi par courrier \u00e9lectronique de<br \/>\n        contenus et d&rsquo;informations relatifs aux programmes. Plus d&rsquo;informations.<\/p>\n<p>Les \u00e9pisodes de l\u2019\u00e9mission\u00a0: ici sport, ici H\u00e9rault<\/p>\n<p>Sur le m\u00eame th\u00e8me<\/p>\n<ul slot=\"container\" class=\"content svelte-bu824\">\n<li class=\"IciCard  standard svelte-19qbux1\">\n<p class=\"standfirst g-ici-body-regular-2 svelte-19qbux1\">Trois clubs d&rsquo;Occitanie dont deux de l&rsquo;H\u00e9rault jouent en premi\u00e8re division du baseball en France. Les Barracudas de Montpellier, finalistes, en Coupe d&rsquo;Europe, visent le titre, tandis que les Pirates de B\u00e9ziers veulent avant tout valider le maintien. Reportage lors du derby, dimanche 22 juin 2025.<\/p>\n<\/li>\n<li class=\"IciCard  standard svelte-19qbux1\">\n<p class=\"standfirst g-ici-body-regular-2 svelte-19qbux1\">Une nouvelle m\u00e9daille \u00e0 venir pour les stars montpelli\u00e9raines du tennis de table\u00a0? Felix et Alexis Lebrun se sont hiss\u00e9s en finale du championnat de France par \u00e9quipes avec leur club de N\u00eemes-Montpellier. Une \u00e9tape importante pour l&rsquo;Alliance, fond\u00e9e en 2017.<\/p>\n<\/li>\n<li class=\"IciCard  standard svelte-19qbux1\">\n<p class=\"standfirst g-ici-body-regular-2 svelte-19qbux1\">Clap de fin pour les championnats de France de natation \u00e0 Montpellier. Une belle moisson pour les nageurs et nageuses licenci\u00e9s au MUC Natation, puisqu&rsquo;ils remportent six m\u00e9dailles d&rsquo;or. Quatre sont qualifi\u00e9s pour les championnats du monde cet \u00e9t\u00e9 \u00e0 Singapour. <\/p>\n<\/li>\n<li class=\"IciCard  standard svelte-19qbux1\">\n<p class=\"standfirst g-ici-body-regular-2 svelte-19qbux1\">Alors que l&rsquo;incertitude r\u00e8gne encore sur le visage du MHSC f\u00e9minin pour la saison prochaine, le club montpelli\u00e9rain peut se targuer d&rsquo;\u00eatre repr\u00e9sent\u00e9 en \u00e9quipe de France. Une joueuse actuelle et quatre anciennes sont avec les Bleues pour l&rsquo;Euro en Suisse au mois de juillet. <\/p>\n<\/li>\n<\/ul>\n<p>  \\\\n\\\\n\\\u00a0\u00bb,\\\u00a0\u00bbprovider\\\u00a0\u00bb:\\\u00a0\u00bbtwitter\\\u00a0\u00bb,\\\u00a0\u00bbdidomiPurposes\\\u00a0\u00bb:\\\u00a0\u00bbPour afficher ce contenu X (anciennement Twitter), vous devez accepter les cookies \\u003Cb>R\u00e9seaux Sociaux\\u003C\/b>.\\u003Cbr>\\u003Cbr>Ces cookies permettent de partager ou r\u00e9agir directement sur les r\u00e9seaux sociaux auxquels vous \u00eates connect\u00e9s ou d&rsquo;int\u00e9grer du contenu initialement post\u00e9 sur ces r\u00e9seaux sociaux. Ils permettent aussi aux r\u00e9seaux sociaux d&rsquo;utiliser vos visites sur nos sites et applications \u00e0 des fins de personnalisation et de ciblage publicitaire.\\\u00a0\u00bb,\\\u00a0\u00bbdidomiVendorId\\\u00a0\u00bb:\\\u00a0\u00bbc:twitter-rNGnjKz6\\\u00a0\u00bb}},{\\\u00a0\u00bbtype\\\u00a0\u00bb:\\\u00a0\u00bbbounce\\\u00a0\u00bb,\\\u00a0\u00bbdata\\\u00a0\u00bb:{\\\u00a0\u00bbuuid\\\u00a0\u00bb:\\\u00a0\u00bb891ea3fe-a2ad-4e30-9e95-69cf1cb97a26\\\u00a0\u00bb,\\\u00a0\u00bbpath\\\u00a0\u00bb:\\\u00a0\u00bbsports\/basket-handball-volley\/handball-objectifs-eleves-nouvelle-salle-ou-pas-et-kendji-girac-les-nouveautes-de-la-rentree-au-mhb-6843262\\\u00a0\u00bb,\\\u00a0\u00bbtitle\\\u00a0\u00bb:\\\u00a0\u00bbMontpellier Handball\u00a0: objectifs \u00e9lev\u00e9s, nouvelle salle (ou pas) et Kendji Girac, les nouveaut\u00e9s de la rentr\u00e9e\\\u00a0\u00bb,\\\u00a0\u00bbconceptTitle\\\u00a0\u00bb:null,\\\u00a0\u00bbconceptUuid\\\u00a0\u00bb:null,\\\u00a0\u00bbtype\\\u00a0\u00bb:\\\u00a0\u00bbarticle\\\u00a0\u00bb,\\\u00a0\u00bbmodel\\\u00a0\u00bb:\\\u00a0\u00bbarticle\\\u00a0\u00bb,\\\u00a0\u00bblabel\\\u00a0\u00bb:\\\u00a0\u00bb\u00c0 lire aussi\\\u00a0\u00bb,\\\u00a0\u00bbmigrated\\\u00a0\u00bb:true,\\\u00a0\u00bbstationId\\\u00a0\u00bb:28,\\\u00a0\u00bbvisual\\\u00a0\u00bb:{\\\u00a0\u00bbsquare\\\u00a0\u00bb:{\\\u00a0\u00bbjpg\\\u00a0\u00bb:[{\\\u00a0\u00bbw\\\u00a0\u00bb:200,\\\u00a0\u00bburl\\\u00a0\u00bb:\\\u00a0\u00bbhttps:\/\/www.francebleu.fr\/s3\/cruiser-production-eu3\/2025\/08\/68d37e8a-15a3-4ba3-894f-922bef011832\/200x200_sc_conf-reprise.jpg\\\u00a0\u00bb}],\\\u00a0\u00bbwebp\\\u00a0\u00bb:[{\\\u00a0\u00bbw\\\u00a0\u00bb:200,\\\u00a0\u00bburl\\\u00a0\u00bb:\\\u00a0\u00bbhttps:\/\/www.francebleu.fr\/s3\/cruiser-production-eu3\/2025\/08\/68d37e8a-15a3-4ba3-894f-922bef011832\/200x200_sc_conf-reprise.webp\\\u00a0\u00bb}]},\\\u00a0\u00bbnormal\\\u00a0\u00bb:{\\\u00a0\u00bbjpg\\\u00a0\u00bb:[],\\\u00a0\u00bbwebp\\\u00a0\u00bb:[]},\\\u00a0\u00bbpreview\\\u00a0\u00bb:\\\u00a0\u00bbdata:image\/jpeg;base64,\/9j\/2wBDACgcHiMeGSgjISMtKygwPGRBPDc3PHtYXUlkkYCZlo+AjIqgtObDoKrarYqMyP\/L2u71\/\/\/\/m8H\/\/\/\/6\/+b9\/\/j\/2wBDASstLTw1PHZBQXb4pYyl+Pj4+Pj4+Pj4+Pj4+Pj4+Pj4+Pj4+Pj4+Pj4+Pj4+Pj4+Pj4+Pj4+Pj4+Pj4+Pj4+Pj\/wAARCAAqACoDASIAAhEBAxEB\/8QAFwAAAwEAAAAAAAAAAAAAAAAAAQIDAP\/EABgQAQEBAQEAAAAAAAAAAAAAAAABERIC\/8QAFgEAAwAAAAAAAAAAAAAAAAAAAAEC\/8QAFhEBAQEAAAAAAAAAAAAAAAAAABEB\/9oADAMBAAIRAxEAPwCujKl03SYpbW6S6boQlL6DpK+g1eYVJ0Op6IgUlbSw0EDAbBxeJQNCw0SZpDyFh4ZDIOBBBv\/Z\\\u00a0\u00bb,\\\u00a0\u00bblegend\\\u00a0\u00bb:\\\u00a0\u00bbValentin Porte, \u00c9rick Math\u00e9, Julien Deljarry et Arthur Lenne lors de la conf\u00e9rence de presse de reprise\\\u00a0\u00bb},\\\u00a0\u00bbvisualEmbed\\\u00a0\u00bb:{\\\u00a0\u00bbtype\\\u00a0\u00bb:\\\u00a0\u00bbimage\\\u00a0\u00bb,\\\u00a0\u00bbversion\\\u00a0\u00bb:\\\u00a0\u00bb1.0\\\u00a0\u00bb,\\\u00a0\u00bbauthor\\\u00a0\u00bb:\\\u00a0\u00bbAdrien Beria\\\u00a0\u00bb,\\\u00a0\u00bblegend\\\u00a0\u00bb:\\\u00a0\u00bbValentin Porte, \u00c9rick Math\u00e9, Julien Deljarry et Arthur Lenne lors de la conf\u00e9rence de presse de reprise\\\u00a0\u00bb,\\\u00a0\u00bbcopyright\\\u00a0\u00bb:\\\u00a0\u00bbRadio France\\\u00a0\u00bb,\\\u00a0\u00bbcreated\\\u00a0\u00bb:1756312426,\\\u00a0\u00bbdominant\\\u00a0\u00bb:\\\u00a0\u00bb#485878\\\u00a0\u00bb,\\\u00a0\u00bboriginal_width\\\u00a0\u00bb:1920,\\\u00a0\u00bboriginal_height\\\u00a0\u00bb:1440,\\\u00a0\u00bburl\\\u00a0\u00bb:\\\u00a0\u00bbhttps:\/\/www.francebleu.fr\/s3\/cruiser-production-eu3\/2025\/08\/68d37e8a-15a3-4ba3-894f-922bef011832\/200x200_sc_conf-reprise.jpg\\\u00a0\u00bb,\\\u00a0\u00bburl_webp\\\u00a0\u00bb:\\\u00a0\u00bbhttps:\/\/www.francebleu.fr\/s3\/cruiser-production-eu3\/2025\/08\/68d37e8a-15a3-4ba3-894f-922bef011832\/200x200_sc_conf-reprise.webp\\\u00a0\u00bb,\\\u00a0\u00bbwidth\\\u00a0\u00bb:200,\\\u00a0\u00bbheight\\\u00a0\u00bb:200,\\\u00a0\u00bbpreview\\\u00a0\u00bb:\\\u00a0\u00bb\/9j\/2wBDACgcHiMeGSgjISMtKygwPGRBPDc3PHtYXUlkkYCZlo+AjIqgtObDoKrarYqMyP\/L2u71\/\/\/\/m8H\/\/\/\/6\/+b9\/\/j\/2wBDASstLTw1PHZBQXb4pYyl+Pj4+Pj4+Pj4+Pj4+Pj4+Pj4+Pj4+Pj4+Pj4+Pj4+Pj4+Pj4+Pj4+Pj4+Pj4+Pj4+Pj\/wAARCAAqACoDASIAAhEBAxEB\/8QAFwAAAwEAAAAAAAAAAAAAAAAAAQIDAP\/EABgQAQEBAQEAAAAAAAAAAAAAAAABERIC\/8QAFgEAAwAAAAAAAAAAAAAAAAAAAAEC\/8QAFhEBAQEAAAAAAAAAAAAAAAAAABEB\/9oADAMBAAIRAxEAPwCujKl03SYpbW6S6boQlL6DpK+g1eYVJ0Op6IgUlbSw0EDAbBxeJQNCw0SZpDyFh4ZDIOBBBv\/Z\\\u00a0\u00bb,\\\u00a0\u00bbquery\\\u00a0\u00bb:{\\\u00a0\u00bbuuid\\\u00a0\u00bb:\\\u00a0\u00bb68d37e8a-15a3-4ba3-894f-922bef011832\\\u00a0\u00bb,\\\u00a0\u00bbtype\\\u00a0\u00bb:\\\u00a0\u00bbimages\\\u00a0\u00bb,\\\u00a0\u00bbpreset\\\u00a0\u00bb:\\\u00a0\u00bb200&#215;200\\\u00a0\u00bb}},\\\u00a0\u00bbconceptVisual\\\u00a0\u00bb:\\\u00a0\u00bb\\\u00a0\u00bb,\\\u00a0\u00bbconceptVisualEmbed\\\u00a0\u00bb:null,\\\u00a0\u00bbmanifestationUrl\\\u00a0\u00bb:null,\\\u00a0\u00bbpublishedDate\\\u00a0\u00bb:\\\u00a0\u00bb27\/08\/2025\\\u00a0\u00bb,\\\u00a0\u00bbupdatedDate\\\u00a0\u00bb:\\\u00a0\u00bbLe 28\/08\/2025 \u00e0 09:57\\\u00a0\u00bb,\\\u00a0\u00bbstartDate\\\u00a0\u00bb:null,\\\u00a0\u00bbduration\\\u00a0\u00bb:null,\\\u00a0\u00bbgeopoints\\\u00a0\u00bb:[{\\\u00a0\u00bbcity\\\u00a0\u00bb:\\\u00a0\u00bbMontpellier\\\u00a0\u00bb,\\\u00a0\u00bbtype\\\u00a0\u00bb:\\\u00a0\u00bbeverything\\\u00a0\u00bb,\\\u00a0\u00bbregion\\\u00a0\u00bb:\\\u00a0\u00bbOccitanie\\\u00a0\u00bb,\\\u00a0\u00bbaddress\\\u00a0\u00bb:\\\u00a0\u00bbMontpellier, France\\\u00a0\u00bb,\\\u00a0\u00bbgeometry\\\u00a0\u00bb:{\\\u00a0\u00bbtype\\\u00a0\u00bb:\\\u00a0\u00bbPoint\\\u00a0\u00bb,\\\u00a0\u00bbcoordinates\\\u00a0\u00bb:[\\\u00a0\u00bb43.6108535\\\u00a0\u00bb,\\\u00a0\u00bb3.8761323\\\u00a0\u00bb]},\\\u00a0\u00bbdepartment\\\u00a0\u00bb:\\\u00a0\u00bbH\u00e9rault\\\u00a0\u00bb}],\\\u00a0\u00bbmedia\\\u00a0\u00bb:null,\\\u00a0\u00bblocation\\\u00a0\u00bb:\\\u00a0\u00bbMontpellier\\\u00a0\u00bb}},{\\\u00a0\u00bbtype\\\u00a0\u00bb:\\\u00a0\u00bbheading\\\u00a0\u00bb,\\\u00a0\u00bblevel\\\u00a0\u00bb:2,\\\u00a0\u00bbvalue\\\u00a0\u00bb:\\\u00a0\u00bbC&rsquo;est aussi la reprise pour Frontignan\\\u00a0\u00bb},{\\\u00a0\u00bbtype\\\u00a0\u00bb:\\\u00a0\u00bbtext\\\u00a0\u00bb,\\\u00a0\u00bbchildren\\\u00a0\u00bb:[{\\\u00a0\u00bbtype\\\u00a0\u00bb:\\\u00a0\u00bbtext\\\u00a0\u00bb,\\\u00a0\u00bbvalue\\\u00a0\u00bb:\\\u00a0\u00bbUn autre club de l&rsquo;H\u00e9rault jouera \u00e9galement ce mardi soir en\u00a0\\\u00a0\u00bb},{\\\u00a0\u00bbtype\\\u00a0\u00bb:\\\u00a0\u00bblink\\\u00a0\u00bb,\\\u00a0\u00bbdata\\\u00a0\u00bb:{\\\u00a0\u00bbhref\\\u00a0\u00bb:\\\u00a0\u00bbhttps:\/\/www.ffhandball.fr\/competitions\/saison-2025-2026-21\/coupe-de-france\/coupe-de-france-nationale-masculine-2025-2026-28376\/\\\u00a0\u00bb},\\\u00a0\u00bbvalue\\\u00a0\u00bb:\\\u00a0\u00bbCoupe de France\\\u00a0\u00bb},{\\\u00a0\u00bbtype\\\u00a0\u00bb:\\\u00a0\u00bbtext\\\u00a0\u00bb,\\\u00a0\u00bbvalue\\\u00a0\u00bb:\\\u00a0\u00bb\u00a0: Frontignan, pensionnaire de Proligue, la 2e division, qui re\u00e7oit Istres \u00e0 20h30, une \u00e9quipe de Starligue, l&rsquo;\u00e9lite.\\\u00a0\u00bb}]},{\\\u00a0\u00bbtype\\\u00a0\u00bb:\\\u00a0\u00bbembed\\\u00a0\u00bb,\\\u00a0\u00bbdata\\\u00a0\u00bb:{\\\u00a0\u00bbhtml\\\u00a0\u00bb:\\\u00a0\u00bb\\u003Cdiv class=\\\\\\\u00a0\u00bbfb-post\\\\\\\u00a0\u00bb data-href=\\\\\\\u00a0\u00bbhttps:\/\/www.facebook.com\/photo?fbid=1262648202543327\\\\\\\u00a0\u00bb data-width=\\\\\\\u00a0\u00bb560\\\\\\\u00a0\u00bb data-show-text=\\\\\\\u00a0\u00bbtrue\\\\\\\u00a0\u00bb >\\u003C\/div> \\u003Cscript> (function(w, d) {     if (w.FB &#038;&#038; w.FB.XFBML &#038;&#038; w.FB.XFBML.parse) {         if (&lsquo;undefined&rsquo; == typeof w.__fbTimeout) {             w.__fbTimeout = setTimeout(function() {                 w.FB.XFBML.parse();                 w.__fbTimeout = undefined;             }, 1000);         }     } else if (&lsquo;undefined&rsquo; == typeof w.__fbTimeout) {         if (d.querySelectorAll(&lsquo;#fb-root&rsquo;).length === 0) {             var fbRoot = d.createElement(&lsquo;div&rsquo;);             fbRoot.id = &lsquo;fb-root&rsquo;;             d.querySelector(&lsquo;body&rsquo;).append(fbRoot);         }         if (d.querySelectorAll(&lsquo;#facebook-jssdk&rsquo;).length === 0) {             var fbScript = d.createElement(&lsquo;script&rsquo;);             fbScript.id = &lsquo;facebook-jssdk&rsquo;;             fbScript.src=\u00a0\u00bb\/\/connect.facebook.net\/fr_FR\/sdk.js#xfbml=1&#038;version=v2.8&#038;appId=593991304071705&Prime;;             fbScript.async = 1;             d.querySelector(&lsquo;head&rsquo;).append(fbScript);         }     } })(window, window.document); \\u003C\/script>\\\u00a0\u00bb,\\\u00a0\u00bbprovider\\\u00a0\u00bb:\\\u00a0\u00bbfacebook\\\u00a0\u00bb,\\\u00a0\u00bbdidomiPurposes\\\u00a0\u00bb:\\\u00a0\u00bbPour afficher ce contenu Facebook, vous devez accepter les cookies \\u003Cb>R\u00e9seaux Sociaux\\u003C\/b>.\\u003Cbr>\\u003Cbr>Ces cookies permettent de partager ou r\u00e9agir directement sur les r\u00e9seaux sociaux auxquels vous \u00eates connect\u00e9s ou d&rsquo;int\u00e9grer du contenu initialement post\u00e9 sur ces r\u00e9seaux sociaux. Ils permettent aussi aux r\u00e9seaux sociaux d&rsquo;utiliser vos visites sur nos sites et applications \u00e0 des fins de personnalisation et de ciblage publicitaire.\\\u00a0\u00bb,\\\u00a0\u00bbdidomiVendorId\\\u00a0\u00bb:\\\u00a0\u00bbc:facebookc-rgacRMQm\\\u00a0\u00bb}}],\\\u00a0\u00bbpath\\\u00a0\u00bb:\\\u00a0\u00bbemissions\/ici-sport-ici-herault\/ici-sport-apres-la-victoire-dans-le-trophee-des-champions-la-saison-est-bien-lancee-pour-le-montpellier-handball-7631352\\\u00a0\u00bb,\\\u00a0\u00bbvisual\\\u00a0\u00bb:{\\\u00a0\u00bbsquare\\\u00a0\u00bb:{\\\u00a0\u00bbjpg\\\u00a0\u00bb:[{\\\u00a0\u00bbw\\\u00a0\u00bb:120,\\\u00a0\u00bburl\\\u00a0\u00bb:\\\u00a0\u00bbhttps:\/\/www.francebleu.fr\/s3\/cruiser-production-eu3\/2025\/01\/62e88e75-c790-477c-beeb-90730be6380b\/120x120_sc_3000-3000.jpg\\\u00a0\u00bb},{\\\u00a0\u00bbw\\\u00a0\u00bb:200,\\\u00a0\u00bburl\\\u00a0\u00bb:\\\u00a0\u00bbhttps:\/\/www.francebleu.fr\/s3\/cruiser-production-eu3\/2025\/01\/62e88e75-c790-477c-beeb-90730be6380b\/200x200_sc_3000-3000.jpg\\\u00a0\u00bb},{\\\u00a0\u00bbw\\\u00a0\u00bb:400,\\\u00a0\u00bburl\\\u00a0\u00bb:\\\u00a0\u00bbhttps:\/\/www.francebleu.fr\/s3\/cruiser-production-eu3\/2025\/01\/62e88e75-c790-477c-beeb-90730be6380b\/400x400_sc_3000-3000.jpg\\\u00a0\u00bb}],\\\u00a0\u00bbwebp\\\u00a0\u00bb:[{\\\u00a0\u00bbw\\\u00a0\u00bb:120,\\\u00a0\u00bburl\\\u00a0\u00bb:\\\u00a0\u00bbhttps:\/\/www.francebleu.fr\/s3\/cruiser-production-eu3\/2025\/01\/62e88e75-c790-477c-beeb-90730be6380b\/120x120_sc_3000-3000.webp\\\u00a0\u00bb},{\\\u00a0\u00bbw\\\u00a0\u00bb:200,\\\u00a0\u00bburl\\\u00a0\u00bb:\\\u00a0\u00bbhttps:\/\/www.francebleu.fr\/s3\/cruiser-production-eu3\/2025\/01\/62e88e75-c790-477c-beeb-90730be6380b\/200x200_sc_3000-3000.webp\\\u00a0\u00bb},{\\\u00a0\u00bbw\\\u00a0\u00bb:400,\\\u00a0\u00bburl\\\u00a0\u00bb:\\\u00a0\u00bbhttps:\/\/www.francebleu.fr\/s3\/cruiser-production-eu3\/2025\/01\/62e88e75-c790-477c-beeb-90730be6380b\/400x400_sc_3000-3000.webp\\\u00a0\u00bb}]},\\\u00a0\u00bbnormal\\\u00a0\u00bb:{\\\u00a0\u00bbjpg\\\u00a0\u00bb:[{\\\u00a0\u00bbw\\\u00a0\u00bb:320,\\\u00a0\u00bburl\\\u00a0\u00bb:\\\u00a0\u00bbhttps:\/\/www.francebleu.fr\/s3\/cruiser-production-eu3\/2025\/09\/5ce47add-7533-4c41-9497-68d52eb73d5c\/320x170_sc_maxnewsspecialtwo318831.jpg\\\u00a0\u00bb},{\\\u00a0\u00bbw\\\u00a0\u00bb:560,\\\u00a0\u00bburl\\\u00a0\u00bb:\\\u00a0\u00bbhttps:\/\/www.francebleu.fr\/s3\/cruiser-production-eu3\/2025\/09\/5ce47add-7533-4c41-9497-68d52eb73d5c\/560x315_sc_maxnewsspecialtwo318831.jpg\\\u00a0\u00bb},{\\\u00a0\u00bbw\\\u00a0\u00bb:1200,\\\u00a0\u00bburl\\\u00a0\u00bb:\\\u00a0\u00bbhttps:\/\/www.francebleu.fr\/s3\/cruiser-production-eu3\/2025\/09\/5ce47add-7533-4c41-9497-68d52eb73d5c\/1200x680_sc_maxnewsspecialtwo318831.jpg\\\u00a0\u00bb}],\\\u00a0\u00bbwebp\\\u00a0\u00bb:[{\\\u00a0\u00bbw\\\u00a0\u00bb:320,\\\u00a0\u00bburl\\\u00a0\u00bb:\\\u00a0\u00bbhttps:\/\/www.francebleu.fr\/s3\/cruiser-production-eu3\/2025\/09\/5ce47add-7533-4c41-9497-68d52eb73d5c\/320x170_sc_maxnewsspecialtwo318831.webp\\\u00a0\u00bb},{\\\u00a0\u00bbw\\\u00a0\u00bb:560,\\\u00a0\u00bburl\\\u00a0\u00bb:\\\u00a0\u00bbhttps:\/\/www.francebleu.fr\/s3\/cruiser-production-eu3\/2025\/09\/5ce47add-7533-4c41-9497-68d52eb73d5c\/560x315_sc_maxnewsspecialtwo318831.webp\\\u00a0\u00bb},{\\\u00a0\u00bbw\\\u00a0\u00bb:1200,\\\u00a0\u00bburl\\\u00a0\u00bb:\\\u00a0\u00bbhttps:\/\/www.francebleu.fr\/s3\/cruiser-production-eu3\/2025\/09\/5ce47add-7533-4c41-9497-68d52eb73d5c\/1200x680_sc_maxnewsspecialtwo318831.webp\\\u00a0\u00bb}]},\\\u00a0\u00bbpreview\\\u00a0\u00bb:\\\u00a0\u00bbdata:image\/jpeg;base64,\/9j\/2wBDACgcHiMeGSgjISMtKygwPGRBPDc3PHtYXUlkkYCZlo+AjIqgtObDoKrarYqMyP\/L2u71\/\/\/\/m8H\/\/\/\/6\/+b9\/\/j\/2wBDASstLTw1PHZBQXb4pYyl+Pj4+Pj4+Pj4+Pj4+Pj4+Pj4+Pj4+Pj4+Pj4+Pj4+Pj4+Pj4+Pj4+Pj4+Pj4+Pj4+Pj\/wAARCAAqACoDASIAAhEBAxEB\/8QAGAAAAwEBAAAAAAAAAAAAAAAAAQIDAAT\/xAAYEAEBAQEBAAAAAAAAAAAAAAAAARESAv\/EABYBAQEBAAAAAAAAAAAAAAAAAAABAv\/EABURAQEAAAAAAAAAAAAAAAAAAAAR\/9oADAMBAAIRAxEAPwCGBivLci1LAxSwLEKnjYfluSFdN8hfK18lsaYqNgcqWNgtT5blTB5Eq9hLFKT0CdA1BUGQcCGFf\/\/Z\\\u00a0\u00bb,\\\u00a0\u00bblegend\\\u00a0\u00bb:\\\u00a0\u00bbLe MHB a commenc\u00e9 sa saison par une superbe victoire contre le PSG\\\u00a0\u00bb,\\\u00a0\u00bbcopyright\\\u00a0\u00bb:\\\u00a0\u00bbMaxppp\\\u00a0\u00bb,\\\u00a0\u00bbauthor\\\u00a0\u00bb:\\\u00a0\u00bbPHOTOPQR\/LA NOUVELLE REPUBLIQUE\/MAXPPP\\\u00a0\u00bb},\\\u00a0\u00bbmedia\\\u00a0\u00bb:{},\\\u00a0\u00bbconcept\\\u00a0\u00bb:{\\\u00a0\u00bbtitle\\\u00a0\u00bb:\\\u00a0\u00bbici sport, ici H\u00e9rault\\\u00a0\u00bb,\\\u00a0\u00bbpath\\\u00a0\u00bb:\\\u00a0\u00bbemissions\/ici-sport\\\u00a0\u00bb,\\\u00a0\u00bbid\\\u00a0\u00bb:\\\u00a0\u00bb045dab18-3b75-4008-8a82-d5e401eb5c87\\\u00a0\u00bb}}},\\\u00a0\u00bbdisplay\\\u00a0\u00bb:{\\\u00a0\u00bbnewsFlash\\\u00a0\u00bb:[],\\\u00a0\u00bbhighBanner\\\u00a0\u00bb:false}}\u00a0\u00bb}<\/p>\n","protected":false},"excerpt":{"rendered":"Le MHB a commenc\u00e9 sa saison par une superbe victoire contre le PSG \u00a9 Maxppp &#8211; PHOTOPQR\/LA NOUVELLE&hellip;\n","protected":false},"author":2,"featured_media":359966,"comment_status":"","ping_status":"","sticky":false,"template":"","format":"standard","meta":{"footnotes":""},"categories":[9599],"tags":[1111,11,1777,674,1011,27,2208,12,2680,25],"class_list":{"0":"post-359965","1":"post","2":"type-post","3":"status-publish","4":"format-standard","5":"has-post-thumbnail","7":"category-montpellier","8":"tag-actu","9":"tag-actualites","10":"tag-eu","11":"tag-europe","12":"tag-fr","13":"tag-france","14":"tag-montpellier","15":"tag-news","16":"tag-occitanie","17":"tag-republique-francaise"},"share_on_mastodon":{"url":"https:\/\/pubeurope.com\/@fr\/115132925878714390","error":""},"_links":{"self":[{"href":"https:\/\/www.europesays.com\/fr\/wp-json\/wp\/v2\/posts\/359965","targetHints":{"allow":["GET"]}}],"collection":[{"href":"https:\/\/www.europesays.com\/fr\/wp-json\/wp\/v2\/posts"}],"about":[{"href":"https:\/\/www.europesays.com\/fr\/wp-json\/wp\/v2\/types\/post"}],"author":[{"embeddable":true,"href":"https:\/\/www.europesays.com\/fr\/wp-json\/wp\/v2\/users\/2"}],"replies":[{"embeddable":true,"href":"https:\/\/www.europesays.com\/fr\/wp-json\/wp\/v2\/comments?post=359965"}],"version-history":[{"count":0,"href":"https:\/\/www.europesays.com\/fr\/wp-json\/wp\/v2\/posts\/359965\/revisions"}],"wp:featuredmedia":[{"embeddable":true,"href":"https:\/\/www.europesays.com\/fr\/wp-json\/wp\/v2\/media\/359966"}],"wp:attachment":[{"href":"https:\/\/www.europesays.com\/fr\/wp-json\/wp\/v2\/media?parent=359965"}],"wp:term":[{"taxonomy":"category","embeddable":true,"href":"https:\/\/www.europesays.com\/fr\/wp-json\/wp\/v2\/categories?post=359965"},{"taxonomy":"post_tag","embeddable":true,"href":"https:\/\/www.europesays.com\/fr\/wp-json\/wp\/v2\/tags?post=359965"}],"curies":[{"name":"wp","href":"https:\/\/api.w.org\/{rel}","templated":true}]}}