{"id":359967,"date":"2025-09-02T04:56:32","date_gmt":"2025-09-02T04:56:32","guid":{"rendered":"https:\/\/www.europesays.com\/fr\/359967\/"},"modified":"2025-09-02T04:56:32","modified_gmt":"2025-09-02T04:56:32","slug":"les-transports-en-commun-gratuits-pour-les-moins-de-18-ans","status":"publish","type":"post","link":"https:\/\/www.europesays.com\/fr\/359967\/","title":{"rendered":"les transports en commun gratuits pour les moins de 18 ans"},"content":{"rendered":"\n<p style=\"text-align: left;\">Ce lundi 1er septembre rime avec gratuit\u00e9 dans les transports en commun de la m\u00e9tropole de Rouen pour les jeunes \u00e2g\u00e9s de moins de 18 ans. <strong>Cette mesure, vot\u00e9e en juin, s&rsquo;ajoute \u00e0 la gratuit\u00e9 partielle d&rsquo;ores et d\u00e9j\u00e0 appliqu\u00e9e les samedis, lors de grands \u00e9v\u00e9nements et au cours des pics de pollution<\/strong>. \u00ab\u00a0Il y a eu beaucoup de publicit\u00e9 par rapport \u00e0 \u00e7a\u00a0\u00bb glisse Yannis, qui fait partie des b\u00e9n\u00e9ficiaires de cette gratuit\u00e9, tout comme les enfants d&rsquo;\u00c9glantine, une maman qui voit en ce changement une possibilit\u00e9 de renforcer le lien social entre les jeunes. \u00ab\u00a0Je trouve \u00e7a bien, ils vont pouvoir plus sortir entre copains et copines, se retrouver \u00e0 l&rsquo;ext\u00e9rieur plus facilement&#8230; C&rsquo;est chouette !\u00a0\u00bb.<\/p>\n<p> <strong>Une \u00e9conomie pour les familles<\/strong><\/p>\n<p>Mais cette op\u00e9ration, qui co\u00fbte 4,3 millions d&rsquo;euros \u00e0 la collectivit\u00e9, est \u00ab\u00a0avant tout sociale et \u00e9cologique\u00a0\u00bb, souligne le maire et pr\u00e9sident de la m\u00e9tropole de Rouen, Nicolas Mayer-Rossignol. \u00ab\u00a0Le cas typique, c&rsquo;est une maman, parce qu&rsquo;en pratique, c&rsquo;est plut\u00f4t les mamans toutes seules. Mettons qu&rsquo;elle ait trois enfants, trois ados de 13, 15 et 17 ans. <strong>Un abonnement, c&rsquo;est combien aujourd&rsquo;hui\u00a0? C&rsquo;est un peu moins de <\/strong><strong>200 euros par an. \u00c7a fait 100 euros ? Et bien<\/strong><strong>, c&rsquo;est beaucoup<\/strong>. Donc c&rsquo;est bien s\u00fbr une mesure de pouvoir d&rsquo;achat. Et c&rsquo;est aussi une mesure \u00e9cologique, \u00e9videmment. Je dirais aussi de sant\u00e9 publique\u00a0\u00bb.<\/p>\n<p><strong>Pr\u00e9senter une carte reste obligatoire<\/strong><\/p>\n<p>Pour Annick et ses enfants qui habitent \u00e0 Maromme, l&rsquo;\u00e9conomie devrait s&rsquo;\u00e9lever \u00e0 un peu plus d&rsquo;une centaine d&rsquo;euros \u00e0 l&rsquo;ann\u00e9e. \u00ab\u00a0\u00c9coutez, c&rsquo;est g\u00e9nial. <strong>\u00c7a nous \u00e9vite de recharger, parce que moi, j&rsquo;ai deux <\/strong><strong>enfants, \u00e7a fait quand m\u00eame un budget<\/strong>\u00ab\u00a0. Mais pour pouvoir voyager gratuitement, les usagers mineurs doivent tout de m\u00eame \u00eatre en possession d&rsquo;une carte mentionnant leur \u00e2ge, disponible en agence ou sur internet, sur le site du r\u00e9seau Astuce.<\/p>\n","protected":false},"excerpt":{"rendered":"Ce lundi 1er septembre rime avec gratuit\u00e9 dans les transports en commun de la m\u00e9tropole de Rouen pour&hellip;\n","protected":false},"author":2,"featured_media":359968,"comment_status":"","ping_status":"","sticky":false,"template":"","format":"standard","meta":{"footnotes":""},"categories":[9587],"tags":[1111,11,49548,1777,674,1011,27,49550,36169,22461,12,5161,25,36173,49549,9590,2216,49551,36172],"class_list":{"0":"post-359967","1":"post","2":"type-post","3":"status-publish","4":"format-standard","5":"has-post-thumbnail","7":"category-rouen","8":"tag-actu","9":"tag-actualites","10":"tag-bus-gratuits-rouen","11":"tag-eu","12":"tag-europe","13":"tag-fr","14":"tag-france","15":"tag-gratuite-moins-de-18-ans-rouen","16":"tag-gratuite-transports-rouen","17":"tag-infos-rouen","18":"tag-news","19":"tag-normandie","20":"tag-republique-francaise","21":"tag-reseau-astuce","22":"tag-reseau-astuce-gratuit","23":"tag-rouen","24":"tag-transports-en-commun","25":"tag-transports-gratuits-rouen","26":"tag-transports-rouen"},"share_on_mastodon":{"url":"https:\/\/pubeurope.com\/@fr\/115132929436977939","error":""},"_links":{"self":[{"href":"https:\/\/www.europesays.com\/fr\/wp-json\/wp\/v2\/posts\/359967","targetHints":{"allow":["GET"]}}],"collection":[{"href":"https:\/\/www.europesays.com\/fr\/wp-json\/wp\/v2\/posts"}],"about":[{"href":"https:\/\/www.europesays.com\/fr\/wp-json\/wp\/v2\/types\/post"}],"author":[{"embeddable":true,"href":"https:\/\/www.europesays.com\/fr\/wp-json\/wp\/v2\/users\/2"}],"replies":[{"embeddable":true,"href":"https:\/\/www.europesays.com\/fr\/wp-json\/wp\/v2\/comments?post=359967"}],"version-history":[{"count":0,"href":"https:\/\/www.europesays.com\/fr\/wp-json\/wp\/v2\/posts\/359967\/revisions"}],"wp:featuredmedia":[{"embeddable":true,"href":"https:\/\/www.europesays.com\/fr\/wp-json\/wp\/v2\/media\/359968"}],"wp:attachment":[{"href":"https:\/\/www.europesays.com\/fr\/wp-json\/wp\/v2\/media?parent=359967"}],"wp:term":[{"taxonomy":"category","embeddable":true,"href":"https:\/\/www.europesays.com\/fr\/wp-json\/wp\/v2\/categories?post=359967"},{"taxonomy":"post_tag","embeddable":true,"href":"https:\/\/www.europesays.com\/fr\/wp-json\/wp\/v2\/tags?post=359967"}],"curies":[{"name":"wp","href":"https:\/\/api.w.org\/{rel}","templated":true}]}}