{"id":359969,"date":"2025-09-02T04:57:59","date_gmt":"2025-09-02T04:57:59","guid":{"rendered":"https:\/\/www.europesays.com\/fr\/359969\/"},"modified":"2025-09-02T04:57:59","modified_gmt":"2025-09-02T04:57:59","slug":"le-mode-demploi-pour-les-abonnements-gratuits-des-moins-de-18-ans","status":"publish","type":"post","link":"https:\/\/www.europesays.com\/fr\/359969\/","title":{"rendered":"Le mode d&#8217;emploi pour les abonnements gratuits des moins de 18 ans"},"content":{"rendered":"\n<p>         Publi\u00e9 le\u00a0:\u00a0       <\/p>\n<p>Jeudi 28 ao\u00fbt 2025 &#8211; 09h30<\/p>\n<p>         Th\u00e8me d\u2019actualit\u00e9\u00a0:\u00a0       <\/p>\n<p>                            <img loading=\"lazy\" decoding=\"async\" typeof=\"foaf:Image\" src=\"https:\/\/www.europesays.com\/fr\/wp-content\/uploads\/2025\/09\/517577878_1145494397609546_584805782355373177_n.jpg\" width=\"640\" height=\"640\" alt=\"\"\/>                          <\/p>\n<p>\u00c0 partir du lundi 1er septembre 2025, les transports en commun sont gratuits pour les moins de 18 ans. Qu&rsquo;ils habitent sur le territoire m\u00e9tropolitain ou non. En revanche, il est n\u00e9cessaire d&rsquo;avoir son titre de transport et le valider \u00e0 chaque mont\u00e9e.<\/p>\n<p>Quelles est la marche \u00e0 suivre pour les moins de 18 ans qui ont d\u00e9j\u00e0 une carte Astuce ?<\/p>\n<ul>\n<li><strong>Pr\u00e9l\u00e8vement automatique<\/strong> : vous n&rsquo;avez aucune d\u00e9marche \u00e0 faire. Les pr\u00e9l\u00e8vements seront automatiquement stopp\u00e9s \u00e0 partir de septembre et le titre sera prolong\u00e9 gratuitement jusqu\u2019\u00e0 la veille des 18 ans.<\/li>\n<li><strong>Paiement comptant <\/strong>: un remboursement des mois entiers de septembre \u00e0 d\u00e9cembre 2025 sera effectu\u00e9 en fin d\u2019ann\u00e9e 2025. Il n&rsquo;y a pas besoin de se d\u00e9placer en agence, le titre sera prolong\u00e9 gratuitement jusqu\u2019\u00e0 la veille des 18 ans. Pour b\u00e9n\u00e9ficier de ce remboursement, un formulaire en ligne sera bient\u00f4t disponible.<\/li>\n<\/ul>\n<p>Pour mettre \u00e0 jour sa carte Astuce, il suffit d&rsquo;effectuer une validation prolong\u00e9e de la carte (au moins 3 secondes) sur l&rsquo;un des valideurs ou distributeurs automatiques de titres du r\u00e9seau. En cas de difficult\u00e9s \u00e0 la validation de la carte Astuce, il est \u00e9galement possible de la scanner sur l&rsquo;\u00e9quipement d\u00e9di\u00e9, situ\u00e9 \u00e0 droite dans le sas d&rsquo;entr\u00e9e de l&rsquo;agence des mobilit\u00e9s (9 rue Jeanne-d&rsquo;Arc).<\/p>\n<p>Via l&rsquo;application ou le site<\/p>\n<ul>\n<li><strong>Pr\u00e9l\u00e8vement automatique<\/strong> : les pr\u00e9l\u00e8vements seront automatiquement stopp\u00e9s \u00e0 partir de septembre. Il est cependant n\u00e9cessaire de vous procurer l&rsquo;abonnement gratuit -18 ans depuis le site web ou l\u2019application mobile My Astuce (offre disponible d\u00e8s maintenant).<\/li>\n<li><strong>Paiement comptant <\/strong>: un remboursement des mois entiers de septembre \u00e0 d\u00e9cembre 2025 sera effectu\u00e9 en fin d\u2019ann\u00e9e 2025. Il est cependant n\u00e9cessaire de vous procurer l&rsquo;abonnement gratuit -18 ans depuis le site web ou l\u2019application mobile My Astuce (offre disponible d\u00e8s maintenant).<\/li>\n<\/ul>\n<p>Pas encore abonn\u00e9 ?<\/p>\n<p>Pour b\u00e9n\u00e9ficier de cette gratuit\u00e9, il est obligatoire d\u2019\u00eatre muni d&rsquo;un titre de transport nominatif ou M-Ticket. Plusieurs options possibles :<\/p>\n<ul>\n<li>Carte Astuce : en agence des mobilit\u00e9s ; sur la e-boutique My Astuce, bient\u00f4t disponible.<\/li>\n<li>Titre d\u00e9mat\u00e9rialis\u00e9 (M-Ticket) : via l\u2019application ou le site My Astuce<\/li>\n<li>Pi\u00e8ces \u00e0 fournir : pi\u00e8ce d\u2019identit\u00e9, photo d\u2019identit\u00e9, justificatif de domicile.<\/li>\n<\/ul>\n<p><strong>Il est obligatoire de valider son titre de transport \u00e0 chaque mont\u00e9e.<\/strong><\/p>\n<p>Plus d&rsquo;informations sur <a href=\"https:\/\/www.myastuce.fr\/fr\/actualites\/Abonnement%20gratuit%20%E2%80%93%2018%20ans%C2%A0:%20comment%20%C3%A7a%20marche%C2%A0%3F\" target=\"_blank\" class=\"elf-external elf-icon\" rel=\"nofollow noopener\">myastuce.fr<\/a>.<\/p>\n","protected":false},"excerpt":{"rendered":"Publi\u00e9 le\u00a0:\u00a0 Jeudi 28 ao\u00fbt 2025 &#8211; 09h30 Th\u00e8me d\u2019actualit\u00e9\u00a0:\u00a0 \u00c0 partir du lundi 1er septembre 2025, les&hellip;\n","protected":false},"author":2,"featured_media":359970,"comment_status":"","ping_status":"","sticky":false,"template":"","format":"standard","meta":{"footnotes":""},"categories":[9587],"tags":[1111,11,1777,674,1011,27,12,5161,25,9590],"class_list":{"0":"post-359969","1":"post","2":"type-post","3":"status-publish","4":"format-standard","5":"has-post-thumbnail","7":"category-rouen","8":"tag-actu","9":"tag-actualites","10":"tag-eu","11":"tag-europe","12":"tag-fr","13":"tag-france","14":"tag-news","15":"tag-normandie","16":"tag-republique-francaise","17":"tag-rouen"},"share_on_mastodon":{"url":"https:\/\/pubeurope.com\/@fr\/115132937214286796","error":""},"_links":{"self":[{"href":"https:\/\/www.europesays.com\/fr\/wp-json\/wp\/v2\/posts\/359969","targetHints":{"allow":["GET"]}}],"collection":[{"href":"https:\/\/www.europesays.com\/fr\/wp-json\/wp\/v2\/posts"}],"about":[{"href":"https:\/\/www.europesays.com\/fr\/wp-json\/wp\/v2\/types\/post"}],"author":[{"embeddable":true,"href":"https:\/\/www.europesays.com\/fr\/wp-json\/wp\/v2\/users\/2"}],"replies":[{"embeddable":true,"href":"https:\/\/www.europesays.com\/fr\/wp-json\/wp\/v2\/comments?post=359969"}],"version-history":[{"count":0,"href":"https:\/\/www.europesays.com\/fr\/wp-json\/wp\/v2\/posts\/359969\/revisions"}],"wp:featuredmedia":[{"embeddable":true,"href":"https:\/\/www.europesays.com\/fr\/wp-json\/wp\/v2\/media\/359970"}],"wp:attachment":[{"href":"https:\/\/www.europesays.com\/fr\/wp-json\/wp\/v2\/media?parent=359969"}],"wp:term":[{"taxonomy":"category","embeddable":true,"href":"https:\/\/www.europesays.com\/fr\/wp-json\/wp\/v2\/categories?post=359969"},{"taxonomy":"post_tag","embeddable":true,"href":"https:\/\/www.europesays.com\/fr\/wp-json\/wp\/v2\/tags?post=359969"}],"curies":[{"name":"wp","href":"https:\/\/api.w.org\/{rel}","templated":true}]}}