{"id":359971,"date":"2025-09-02T05:00:11","date_gmt":"2025-09-02T05:00:11","guid":{"rendered":"https:\/\/www.europesays.com\/fr\/359971\/"},"modified":"2025-09-02T05:00:11","modified_gmt":"2025-09-02T05:00:11","slug":"trois-personnes-recherchees-apres-lagression-dun-boulanger","status":"publish","type":"post","link":"https:\/\/www.europesays.com\/fr\/359971\/","title":{"rendered":"trois personnes recherch\u00e9es apr\u00e8s l&rsquo;agression d&rsquo;un boulanger"},"content":{"rendered":"<p><img decoding=\"async\" fetchpriority=\"high\" src=\"https:\/\/www.europesays.com\/fr\/wp-content\/uploads\/2025\/04\/placeholder_lcp_video.05bf4656ae0a2da173edc7ce90e1a7d8.webp\" width=\"800\" height=\"450\" alt=\"placeholder video\"\/><\/p>\n<p>Un boulanger a \u00e9t\u00e9 agress\u00e9 par trois personnes alors qu&rsquo;il ouvrait son commerce \u00e0 Grenoble en ce lundi de rentr\u00e9e scolaire. L&rsquo;homme, \u00e2g\u00e9 de 25 ans, a \u00e9t\u00e9 frapp\u00e9 de plusieurs coups de couteau par trois personnes, qui ont toutes pris la fuite. Il a \u00e9t\u00e9 transport\u00e9 avec un pronostic vital engag\u00e9 vers le centre hospitalier de Grenoble (Is\u00e8re). Une enqu\u00eate a \u00e9t\u00e9 ouverte par le parquet de Grenoble. <\/p>\n<p>Aujourd&rsquo;hui \u00e0 06h50 | Dur\u00e9e : 1:26<\/p>\n","protected":false},"excerpt":{"rendered":"Un boulanger a \u00e9t\u00e9 agress\u00e9 par trois personnes alors qu&rsquo;il ouvrait son commerce \u00e0 Grenoble en ce lundi&hellip;\n","protected":false},"author":2,"featured_media":359972,"comment_status":"","ping_status":"","sticky":false,"template":"","format":"standard","meta":{"footnotes":""},"categories":[9566],"tags":[1111,11,2430,1777,674,1011,27,2731,12,25],"class_list":{"0":"post-359971","1":"post","2":"type-post","3":"status-publish","4":"format-standard","5":"has-post-thumbnail","7":"category-grenoble","8":"tag-actu","9":"tag-actualites","10":"tag-auvergne-rhone-alpes","11":"tag-eu","12":"tag-europe","13":"tag-fr","14":"tag-france","15":"tag-grenoble","16":"tag-news","17":"tag-republique-francaise"},"share_on_mastodon":{"url":"https:\/\/pubeurope.com\/@fr\/115132945165083792","error":""},"_links":{"self":[{"href":"https:\/\/www.europesays.com\/fr\/wp-json\/wp\/v2\/posts\/359971","targetHints":{"allow":["GET"]}}],"collection":[{"href":"https:\/\/www.europesays.com\/fr\/wp-json\/wp\/v2\/posts"}],"about":[{"href":"https:\/\/www.europesays.com\/fr\/wp-json\/wp\/v2\/types\/post"}],"author":[{"embeddable":true,"href":"https:\/\/www.europesays.com\/fr\/wp-json\/wp\/v2\/users\/2"}],"replies":[{"embeddable":true,"href":"https:\/\/www.europesays.com\/fr\/wp-json\/wp\/v2\/comments?post=359971"}],"version-history":[{"count":0,"href":"https:\/\/www.europesays.com\/fr\/wp-json\/wp\/v2\/posts\/359971\/revisions"}],"wp:featuredmedia":[{"embeddable":true,"href":"https:\/\/www.europesays.com\/fr\/wp-json\/wp\/v2\/media\/359972"}],"wp:attachment":[{"href":"https:\/\/www.europesays.com\/fr\/wp-json\/wp\/v2\/media?parent=359971"}],"wp:term":[{"taxonomy":"category","embeddable":true,"href":"https:\/\/www.europesays.com\/fr\/wp-json\/wp\/v2\/categories?post=359971"},{"taxonomy":"post_tag","embeddable":true,"href":"https:\/\/www.europesays.com\/fr\/wp-json\/wp\/v2\/tags?post=359971"}],"curies":[{"name":"wp","href":"https:\/\/api.w.org\/{rel}","templated":true}]}}