{"id":359973,"date":"2025-09-02T05:01:11","date_gmt":"2025-09-02T05:01:11","guid":{"rendered":"https:\/\/www.europesays.com\/fr\/359973\/"},"modified":"2025-09-02T05:01:11","modified_gmt":"2025-09-02T05:01:11","slug":"avec-actu-rennes-le-job-dating-tour-de-retour-a-la-glaz-arena-mardi-14-octobre","status":"publish","type":"post","link":"https:\/\/www.europesays.com\/fr\/359973\/","title":{"rendered":"avec actu Rennes, le Job Dating Tour de retour \u00e0 la Glaz Arena mardi 14 octobre"},"content":{"rendered":"<p>            Par<br \/>\n        <strong><br \/>\n            <a href=\"https:\/\/actu.fr\/auteur\/redaction-rennes\" title=\"Consulter tous les articles de R\u00e9daction Rennes\" rel=\"nofollow noopener\" target=\"_blank\">R\u00e9daction Rennes<\/a><br \/>\n        <\/strong><\/p>\n<p>        Publi\u00e9 le<\/p>\n<p>            2 sept. 2025 \u00e0 6h32        <\/p>\n<p>Apr\u00e8s une belle \u00e9dition en 2024 \u00e0 <strong>Rennes<\/strong> (Ille-et-Vilaine), <a href=\"https:\/\/actu.fr\/rennes\/\" rel=\"nofollow noopener\" target=\"_blank\">actu Rennes<\/a> se mobilise \u00e0 nouveau pour l\u2019emploi et accueille des entreprises locales, pour le <a href=\"https:\/\/jobdating.actu.fr\" rel=\"nofollow noopener\" target=\"_blank\">Job Dating Tour d\u2019actu.fr<\/a>, jeudi 17\u00a0octobre 2024, de 10h \u00e0 17h, \u00e0 la <strong>Glaz Arena<\/strong>, \u00e0 Cesson-S\u00e9vign\u00e9 (pr\u00e8s de Carrefour).<\/p>\n<p class=\" wall-content\">\u00c0 l\u2019occasion de cet \u00e9v\u00e9nement, de nombreuses offres d\u2019emploi seront propos\u00e9es par des <strong>entreprises de la r\u00e9gion rennaise<\/strong> dans des domaines vari\u00e9s, qui s\u2019adressent \u00e0 l\u2019ensemble des cat\u00e9gories socio-professionnelles.<\/p>\n<p>Journ\u00e9e continue<\/p>\n<p class=\" wall-content\">De 9h30 \u00e0 17h30, les recruteurs seront pr\u00e9sents pour \u00e9changer avec les <strong>chercheurs d\u2019emploi<\/strong>, mais aussi les salari\u00e9s qui voudraient donner un <strong>nouvel \u00e9lan \u00e0 leur carri\u00e8re<\/strong>.<\/p>\n<p class=\" wall-content\">Le <strong>cr\u00e9neau de midi<\/strong> restera <strong>ouvert<\/strong>, pour capter un public qui ne peut poser de RTT ou de vacances, mais qui peut se d\u00e9gager un peu de temps sur la pause d\u00e9jeuner.<\/p>\n<p>Facilit\u00e9 d\u2019acc\u00e8s<\/p>\n<p class=\" wall-content\">Le principe, tr\u00e8s simple, est celui d\u2019un job dating traditionnel\u2009: le candidat, int\u00e9ress\u00e9 par une entreprise ou un poste, peut s\u2019adresser directement \u00e0 la personne en charge du recrutement afin d\u2019avoir toutes les pr\u00e9cisions n\u00e9cessaires.<\/p>\n<p>Atelier conseils CV<\/p>\n<p class=\" wall-content\">Dans un grand espace, \u00e0 la Glaz Arena, qui favorise la circulation, le contact sera direct, rapide et efficace.<\/p>\n<p>Votre r\u00e9gion, votre actu !<\/p>\n<p>Recevez chaque jour les infos qui comptent pour vous.<\/p>\n<p>\t<a href=\"https:\/\/actu.fr\/newsletter\" class=\"ac-btn ac-btn--corner ac-btn--medium ac-btn--blue800\" rel=\"nofollow noopener\" target=\"_blank\">S&rsquo;incrire<\/a><\/p>\n<p>    <img   decoding=\"async\" loading=\"lazy\" src=\"https:\/\/www.europesays.com\/fr\/wp-content\/uploads\/2025\/09\/job-dating-rennes-2024-photo-5-960x640.jpg\" alt=\"xxxx\" width=\"960\" height=\"640\"\/><br \/>\n    Conf\u00e9rences et ateliers sont au programme comme lors de l\u2019\u00e9dition 2024 (\u00a9Laur\u00e8ne Fertin \u2013 actu Rennes)<\/p>\n<p class=\" wall-content\">\u00ab\u2009Comme l\u2019ann\u00e9e derni\u00e8re, nous pr\u00e9parons un programme de conf\u00e9rences, des ateliers dont un atelier conseils CV propos\u00e9 par Action Emploi Cesson\u2009\u00bb, rappelle Estelle Pasquer, responsable des \u00e9v\u00e9nements du Groupe.<\/p>\n<p class=\" wall-content\">Le site a \u00e9galement \u00e9t\u00e9 choisi pour sa facilit\u00e9 d\u2019acc\u00e8s, que ce soit en voiture ou en transports en commun.<\/p>\n<p class=\" wall-content\">Avis aux recruteurs et aux futurs candidats, c\u2019est l\u2019occasion id\u00e9ale de croiser vos chemins\u2009!<\/p>\n<p>Contactez votre commercial (e) de proximit\u00e9 pour plus de renseignements\u2009: Estelle Pasquer, <a href=\"https:\/\/actu.fr\/cdn-cgi\/l\/email-protection\" class=\"__cf_email__\" data-cfemail=\"c1a4b2b5a4adada4efb1a0b2b0b4a4b381a0a2b5b4efa7b3\" rel=\"nofollow noopener\" target=\"_blank\">[email\u00a0protected]<\/a><\/p>\n<p class=\" wall-content\">Personnalisez votre actualit\u00e9 en ajoutant vos villes et m\u00e9dias en favori avec <a href=\"https:\/\/moncompte.actu.fr\" title=\"D\u00e9couvez Mon Actu\" rel=\"nofollow noopener\" data-trk=\"{&quot;cta&quot;:{&quot;action&quot;:&quot;https:\\\/\\\/moncompte.actu.fr&quot;,&quot;category&quot;:&quot;mon compte&quot;,&quot;from&quot;:&quot;article footer&quot;,&quot;name&quot;:&quot;Mon actu&quot;,&quot;type&quot;:&quot;cta&quot;}}\" target=\"_blank\">Mon Actu<\/a>.<\/p>\n","protected":false},"excerpt":{"rendered":"Par R\u00e9daction Rennes Publi\u00e9 le 2 sept. 2025 \u00e0 6h32 Apr\u00e8s une belle \u00e9dition en 2024 \u00e0 Rennes&hellip;\n","protected":false},"author":2,"featured_media":359974,"comment_status":"","ping_status":"","sticky":false,"template":"","format":"standard","meta":{"footnotes":""},"categories":[2821],"tags":[1111,11,829,33,341,1777,674,1011,27,5113,12,584,25],"class_list":{"0":"post-359973","1":"post","2":"type-post","3":"status-publish","4":"format-standard","5":"has-post-thumbnail","7":"category-rennes","8":"tag-actu","9":"tag-actualites","10":"tag-bretagne","11":"tag-economie","12":"tag-emploi","13":"tag-eu","14":"tag-europe","15":"tag-fr","16":"tag-france","17":"tag-job-dating","18":"tag-news","19":"tag-rennes","20":"tag-republique-francaise"},"share_on_mastodon":{"url":"https:\/\/pubeurope.com\/@fr\/115132949125492344","error":""},"_links":{"self":[{"href":"https:\/\/www.europesays.com\/fr\/wp-json\/wp\/v2\/posts\/359973","targetHints":{"allow":["GET"]}}],"collection":[{"href":"https:\/\/www.europesays.com\/fr\/wp-json\/wp\/v2\/posts"}],"about":[{"href":"https:\/\/www.europesays.com\/fr\/wp-json\/wp\/v2\/types\/post"}],"author":[{"embeddable":true,"href":"https:\/\/www.europesays.com\/fr\/wp-json\/wp\/v2\/users\/2"}],"replies":[{"embeddable":true,"href":"https:\/\/www.europesays.com\/fr\/wp-json\/wp\/v2\/comments?post=359973"}],"version-history":[{"count":0,"href":"https:\/\/www.europesays.com\/fr\/wp-json\/wp\/v2\/posts\/359973\/revisions"}],"wp:featuredmedia":[{"embeddable":true,"href":"https:\/\/www.europesays.com\/fr\/wp-json\/wp\/v2\/media\/359974"}],"wp:attachment":[{"href":"https:\/\/www.europesays.com\/fr\/wp-json\/wp\/v2\/media?parent=359973"}],"wp:term":[{"taxonomy":"category","embeddable":true,"href":"https:\/\/www.europesays.com\/fr\/wp-json\/wp\/v2\/categories?post=359973"},{"taxonomy":"post_tag","embeddable":true,"href":"https:\/\/www.europesays.com\/fr\/wp-json\/wp\/v2\/tags?post=359973"}],"curies":[{"name":"wp","href":"https:\/\/api.w.org\/{rel}","templated":true}]}}