{"id":359977,"date":"2025-09-02T05:03:37","date_gmt":"2025-09-02T05:03:37","guid":{"rendered":"https:\/\/www.europesays.com\/fr\/359977\/"},"modified":"2025-09-02T05:03:37","modified_gmt":"2025-09-02T05:03:37","slug":"6-aides-et-bons-plans-logement-quand-on-est-etudiante","status":"publish","type":"post","link":"https:\/\/www.europesays.com\/fr\/359977\/","title":{"rendered":"6 aides et bons plans logement quand on est \u00e9tudiant(e)"},"content":{"rendered":"<p><b>Ces derni\u00e8res ann\u00e9es, le prix des loyers n\u2019a cess\u00e9 d\u2019augmenter et la crise du logement \u00e9tudiant frappe s\u00e9v\u00e8rement Strasbourg. Studio en r\u00e9sidence, chambre partag\u00e9e en foyer ou grande coloc\u2019, tous les moyens sont bons pour r\u00e9duire la note. Voici nos pr\u00e9cieux conseils pour trouver enfin le nid douillet parfait et profiter au mieux de ces belles ann\u00e9es d\u2019\u00e9tudes.<\/b><\/p>\n<p>Les r\u00e9sidences universitaires <\/p>\n<p>Le Crous propose <b>10 r\u00e9sidences \u00e0 Strasbourg, deux \u00e0 Illkirch et une \u00e0 Schiltigheim.<\/b> En r\u00e8gle g\u00e9n\u00e9rale, on peut louer une chambre ou un studio meubl\u00e9 avec tout \u00e0 disposition. Les prix varient <b>entre 197\u20ac et 686\u20ac<\/b>, selon ta situation (boursier\/\u00e8re ou non par exemple), le nombre de m2, l\u2019emplacement, etc. \u00c0 toi de trouver celle qui te convient. Attention cependant, pour pouvoir pr\u00e9tendre \u00e0 un logement Crous, il faut <b>avoir finalis\u00e9 son Dossier social \u00e9tudiant avant chaque rentr\u00e9e, le 31 mai au plus tard.<\/b> \u00c0 l\u2019exception des \u00e9tudiant(e)s internationaux\/les, qui n\u2019ont pas l\u2019obligation de constituer ce dossier.<\/p>\n<p>En cas de d\u00e9placement pour un stage, une alternance, ou un simple week-end d\u00e9tente, la cit\u00e9 U Gallia et la r\u00e9sidence Les Alternants situ\u00e9e \u00e0 Illkirch <a href=\"https:\/\/www.crous-strasbourg.fr\/se-loger\/je-cherche-un-logement\/hebergement-courts-sejours-des-logements-a-tarif-crous-pour-une-courte-duree\/\" target=\"_blank\" rel=\"noopener\"><b>sont r\u00e9serv\u00e9es aux courts s\u00e9jours.<\/b><\/a> Seules les r\u00e9servations de <b>trois mois maximum<\/b> sont accept\u00e9es et il faudra d\u00e9bourser au minimum <strong>43<\/strong><strong>\u20ac<\/strong> pour un logement au sein de la cit\u00e9 U Gallia et <b>33\u20ac<\/b> minimum pour Les Alternants (par nuit).\u00a0<\/p>\n<p>    <img width=\"800\" height=\"533\" src=\"https:\/\/www.europesays.com\/fr\/wp-content\/uploads\/2025\/09\/etudiants-reportage-photos-covid-laurent-khram-thea-7-scaled.jpg\" class=\"attachment-image-size-L size-image-size-L\" alt=\"etudiants-reportage-photos-covid-laurent-khram-thea-7\" decoding=\"async\" loading=\"lazy\"  \/>         \u00a9 Laurent Khram \/ Document remis <\/p>\n<p><a href=\"https:\/\/www.residencesjeunes.org\/\" target=\"_blank\" rel=\"noopener\"><b>L\u2019association Foyer Notre Dame<\/b> <b>propose elle aussi des studios au sein de quatre r\u00e9sidences<\/b><\/a> situ\u00e9es \u00e0 Hautepierre, Illkirch et Schiltigheim. Elles sont accessibles \u00e0 toute personne entre 18 et 25 ans et les loyers varient <b>entre 400\u20ac et 563\u20ac.<\/b> Engag\u00e9e aupr\u00e8s des jeunes, la structure propose un <b>accompagnement pour toutes les d\u00e9marches administratives<\/b> et pour obtenir des aides financi\u00e8res. En plus, un(e) animateur\/rice est pr\u00e9sent(e) sur les quatre r\u00e9sidences pour organiser des \u00e9v\u00e9nements avec les r\u00e9sident(e)s comme <b>des barbecues, des randos ou encore des semaines th\u00e9matiques.\u00a0<\/b><\/p>\n<p>Cette rentr\u00e9e, <a href=\"https:\/\/pokaa.fr\/2025\/06\/23\/strasbourg-une-nouvelle-residence-etudiante-de-57-logements-ouvrira-en-septembre\/\" target=\"_blank\" rel=\"noopener\"><b>une toute nouvelle r\u00e9sidence \u00e9tudiante ouvre \u00e9galement ses portes<\/b> dans les anciens bureaux de la Chambre r\u00e9gionale des comptes<\/a>. <b>57 logements \u00e9tudiants suppl\u00e9mentaires<\/b> sont donc propos\u00e9s \u00e0 la location rue du Faubourg-de-Pierre, avec des surfaces allant de 13 \u00e0 40 m2.<\/p>\n<p>Face au besoin croissant de logements \u00e9tudiants, <a href=\"https:\/\/pokaa.fr\/2024\/03\/11\/a-strasbourg-la-place-dislande-accueillera-500-nouveaux-logements-etudiants-en-2027\/\" target=\"_blank\" rel=\"noopener\"><b>une r\u00e9sidence Crous de 500 logements devrait sortir de terre place d\u2019Islande.<\/b><\/a> Mais il faudra patienter jusqu\u2019\u00e0 la rentr\u00e9e 2027 pour qu\u2019elle ouvre enfin ses portes.<\/p>\n<p>    <img width=\"800\" height=\"533\" src=\"https:\/\/www.europesays.com\/fr\/wp-content\/uploads\/2025\/09\/residence-etudiante-strasbourg-2-960x640-1-800x533.jpg\" class=\"attachment-image-size-L size-image-size-L\" alt=\"r\u00e9sidence universitaire faubourg de pierre\" decoding=\"async\" loading=\"lazy\"  \/>         La nouvelle r\u00e9sidence rue du Faubourg-de-Pierre. \u00a9\u00a0Domial \/ Document remis <\/p>\n<p>Les foyers \u00e9tudiants<\/p>\n<p>Pour celles et ceux qui veulent facilement s\u2019int\u00e9grer et faire des rencontres, vivre en foyer, c\u2019est s\u00fbrement une bonne id\u00e9e. Des animations sont g\u00e9n\u00e9ralement organis\u00e9es tout au long de l\u2019ann\u00e9e et<strong> l<\/strong><b>es \u00e9tudiant(e)s sont invit\u00e9(e)s \u00e0 prendre part \u00e0 la vie en communaut\u00e9.<\/b><\/p>\n<p>Install\u00e9 sur la place Saint-\u00c9tienne, \u00e0 seulement quelques pas de la cath\u00e9drale, <a href=\"https:\/\/www.fec-strasbourg.org\/hebergement\/\" target=\"_blank\" rel=\"noopener\"><b>le Foyer de l\u2019\u00e9tudiant catholique (FEC) accueille des \u00e9tudiant(e)s depuis 1925.<\/b><\/a> En tout, <b>161 places sont disponibles<\/b>, dans des chambres simples et doubles meubl\u00e9es et \u00e9quip\u00e9es chacune d\u2019une cabine douche-toilette. Parmi les espaces communs, une laverie, une salle de sport, une salle t\u00e9l\u00e9, une salle de lecture, une salle de travail et une cuisine collective sont mises \u00e0 disposition des \u00e9tudiant(e)s. Au rez-de-chauss\u00e9e se trouve aussi <a href=\"https:\/\/www.fec-strasbourg.org\/le-restaurant-universitaire\/\" target=\"_blank\" rel=\"noopener\"><b>un restaurant universitaire agr\u00e9\u00e9 par le Crous<\/b><\/a><b>, accessible \u00e0 toutes et tous<\/b>, sans obligation de loger au sein du foyer. Il faudra compter <b>313\u20ac pour une chambre double et 488\u20ac pour une chambre simple (par mois).\u00a0<\/b><\/p>\n<p>                <img width=\"667\" height=\"500\" src=\"https:\/\/www.europesays.com\/fr\/wp-content\/uploads\/2025\/09\/img-5908-667x500.jpeg\" class=\"attachment-gallery size-gallery\" alt=\"foyer \u00e9tudiant catholique fec\" data-full-url=\"https:\/\/pokaa.fr\/wp-content\/uploads\/2025\/01\/13\/img-5908.jpeg\" decoding=\"async\" loading=\"lazy\"  \/>            <\/p>\n<p>                <img width=\"667\" height=\"500\" src=\"https:\/\/www.europesays.com\/fr\/wp-content\/uploads\/2025\/09\/img-5911-667x500.jpeg\" class=\"attachment-gallery size-gallery\" alt=\"foyer \u00e9tudiant catholique fec\" data-full-url=\"https:\/\/pokaa.fr\/wp-content\/uploads\/2025\/01\/13\/img-5911.jpeg\" decoding=\"async\" loading=\"lazy\"  \/>            <\/p>\n<p>                    Le Foyer de l&rsquo;\u00e9tudiant catholique. \u00a9 Nicolas Kaspar \/ Pokaa<\/p>\n<p>    <img width=\"800\" height=\"533\" src=\"https:\/\/www.europesays.com\/fr\/wp-content\/uploads\/2025\/09\/etudiants-reportage-photos-covid-laurent-khram-maellis-6-scaled.jpg\" class=\"attachment-image-size-L size-image-size-L\" alt=\"etudiants-reportage-photos-covid-laurent-khram-maellis-6\" decoding=\"async\" loading=\"lazy\"  \/>         \u00a9 Laurent Khram \/ Document remis <\/p>\n<p><b>Le Chapitre de Saint-Thomas<\/b>, d\u2019ob\u00e9dience protestante, propose quant \u00e0 lui <b>295 chambres \u00e9tudiantes<\/b>\u00a0<a href=\"https:\/\/www.foyers-etudiants-strasbourg.org\/foyer-etudiant-strasbourg\/\" target=\"_blank\" rel=\"noopener\">dans quatre foyers r\u00e9partis sur 10 sites diff\u00e9rents du centre-ville<\/a> : le foyer du Stift, le foyer Jean-Sturm, le Sept et le foyer Saint-Guillaume. Le prix le plus bas pour <b>une chambre est de 363\u20ac et peut monter jusqu\u2019\u00e0 775\u20ac (par mois). <\/b>Le Stift dispose \u00e9galement <a href=\"https:\/\/www.foyers-etudiants-strasbourg.org\/resto-u-strasbourg\/\" target=\"_blank\" rel=\"noopener\"><b>d\u2019un restaurant universitaire<\/b><\/a> agr\u00e9\u00e9 par le Crous qui est lui aussi accessible \u00e0 tout le monde.<\/p>\n<p>Les r\u00e9sidences priv\u00e9es<\/p>\n<p>D\u2019autres r\u00e9sidences sont aussi propos\u00e9es par des organismes priv\u00e9s. Certaines ont m\u00eame des services en plus, comme <a href=\"https:\/\/www.nexity-studea.com\/locations-etudiantes\/strasbourg\" target=\"_blank\" rel=\"noopener\"><b>les r\u00e9sidences du r\u00e9seau Nexity Stud\u00e9a<\/b><\/a> qui proposent \u00e0 ses locataires une laverie, un forfait petit-d\u00e9jeuner, des cours de sport, de cuisine, ou encore des ateliers DIY. <b>Trois r\u00e9sidences sont r\u00e9parties dans Strasbourg et proposent des studios \u00e0 partir de 528\u20ac (par mois).\u00a0<\/b><\/p>\n<p>Sp\u00e9cialis\u00e9 dans l\u2019accompagnement des jeunes, <a href=\"https:\/\/www.amitel.eu\/#\" target=\"_blank\" rel=\"noopener\"><b>Amitel<\/b><\/a><b> dispose de huit r\u00e9sidences \u00e0 Strasbourg<\/b>. En tout, 490 places sont disponibles et il faut compter <b>449\u20ac <\/b>au minimum <b>pour une chambre <\/b>et <b>915\u20ac pour un studio (par mois).\u00a0<\/b><\/p>\n<p>                <img width=\"750\" height=\"500\" src=\"https:\/\/www.europesays.com\/fr\/wp-content\/uploads\/2025\/09\/img_6359-e1568037401268.jpg\" class=\"attachment-gallery size-gallery\" alt=\"R\u00e9sidence Winston 2\" data-full-url=\"https:\/\/www.europesays.com\/fr\/wp-content\/uploads\/2025\/09\/img_6359-e1568037401268.jpg\" decoding=\"async\" loading=\"lazy\"\/>            <\/p>\n<p>                <img width=\"750\" height=\"500\" src=\"https:\/\/www.europesays.com\/fr\/wp-content\/uploads\/2025\/09\/img_6398.jpg\" class=\"attachment-gallery size-gallery\" alt=\"R\u00e9sidence Winston 2\" data-full-url=\"https:\/\/www.europesays.com\/fr\/wp-content\/uploads\/2025\/09\/img_6398.jpg\" decoding=\"async\" loading=\"lazy\"  \/>            <\/p>\n<p>                    \u00a9 Caroline Alonso Alvarez \/ Pokaa<\/p>\n<p>Enfin, <a href=\"https:\/\/www.estudines.com\/logement-etudiant-strasbourg\" target=\"_blank\" rel=\"noopener\"><b>Les Estudines<\/b><\/a><b> proposent trois r\u00e9sidences<\/b> : l\u2019une en plein c\u0153ur du centre-ville \u00e0 proximit\u00e9 de la place Kl\u00e9ber, l\u2019autre dans le quartier Gare et la derni\u00e8re sur la presqu\u2019\u00eele Malraux. Les prix varient <b>entre<\/b> <b>600\u20ac et 640\u20ac (par mois).<\/b> Elles proposent chacune des services suppl\u00e9mentaires comme le pr\u00eat d\u2019aspirateur ou de fer \u00e0 repasser, <b>un service m\u00e9nage et un acc\u00e8s \u00e0 une laverie en suppl\u00e9ment.<\/b><\/p>\n<p>Prendre son studio en solo<\/p>\n<p>Ces derni\u00e8res ann\u00e9es, le prix des loyers n\u2019a cess\u00e9 d\u2019augmenter et <b>la crise du logement \u00e9tudiant frappe s\u00e9v\u00e8rement la ville<\/b><b>.<\/b> Voil\u00e0 pourquoi trouver un appart\u2019 \u00e0 Strasbourg rel\u00e8ve aujourd\u2019hui d\u2019un v\u00e9ritable parcours du combattant.<\/p>\n<p>    <img width=\"800\" height=\"600\" src=\"https:\/\/www.europesays.com\/fr\/wp-content\/uploads\/2025\/06\/img-4134-800x600.jpeg\" class=\"attachment-image-size-L size-image-size-L\" alt=\"cath\u00e9drale rue merci\u00e8re\" decoding=\"async\" loading=\"lazy\"  \/>         \u00a9 Anthony Jilli \/ Pokaa <\/p>\n<p>Sinon, le principe est plut\u00f4t le m\u00eame dans chaque ville : <b>plus tu t\u2019\u00e9loignes du centre, plus ton loyer baisse. <\/b>M\u00eame s\u2019il existe des exceptions et que les prix varient selon les propri\u00e9taires, ton loyer sera bien souvent plus \u00e9lev\u00e9 si tu choisis d\u2019habiter dans le quartier de la Petite France, de la Krutenau ou encore \u00e0 l\u2019Orangerie.<\/p>\n<p>Mais tu trouveras <b>des offres avec des loyers plus bas dans les quartiers Gare, Esplanade, Cronenbourg, Meinau, Robertsau, Montagne Verte ou au Neudorf. <\/b>Tu peux aussi voir les annonces du c\u00f4t\u00e9 d\u2019Illkirch-Graffenstaden et de Schiltigheim, qui sont desservies en tram. Attention aussi aux frais d\u2019agence lorsque la location n\u2019est pas directement mise en ligne par un particulier.<\/p>\n<p>    <img width=\"800\" height=\"533\" src=\"https:\/\/www.europesays.com\/fr\/wp-content\/uploads\/2025\/09\/dsc01685.jpg\" class=\"attachment-image-size-L size-image-size-L\" alt=\"balcon logement immobilier appartement\" decoding=\"async\" loading=\"lazy\"  \/>         \u00a9 Hugo Favre &#8211; Napoli \/ Pokaa <\/p>\n<p>De mani\u00e8re g\u00e9n\u00e9rale, on te conseille de <b>prendre le temps de bien ficeler ton dossier de location avant m\u00eame de commencer tes visites.<\/b> Une version papier et une version num\u00e9rique avec toutes les pi\u00e8ces justificatives te seront bien utiles. Dans cette course effr\u00e9n\u00e9e,<b> mieux vaut \u00eatre le premier ou la premi\u00e8re<\/b> \u00e0 d\u00e9poser son dossier si tu as un coup de c\u0153ur.<\/p>\n<p>Sur les groupes ou les plateformes de location, <a href=\"https:\/\/pokaa.fr\/2022\/08\/23\/lappartement-etait-parfait-je-nai-pas-hesite-les-arnaques-a-la-location-immobiliere-etudiante\/\" target=\"_blank\" rel=\"noopener\"><b>les arnaques se multiplient<\/b><\/a><b>.<\/b> Si tu penses avoir \u00e9t\u00e9 victime d\u2019une arnaque ou si tu <a href=\"https:\/\/pokaa.fr\/2022\/08\/24\/survivre-dans-9m2-a-strasbourg-les-marchands-de-sommeil-prennent-pied\/\" target=\"_blank\" rel=\"noopener\">loues un appart\u2019 en-dessous de 9 m2<\/a> (ce qui est ill\u00e9gal),<b> n\u2019h\u00e9site pas \u00e0 contacter <\/b><a href=\"https:\/\/www.adil67.org\/\" target=\"_blank\" rel=\"noopener\"><b>l\u2019ADIL 67<\/b>, l\u2019association de d\u00e9fense au logement<\/a>, situ\u00e9e au 5 rue Hannong (au 03 88 21 07 06).\u00a0 <\/p>\n<p>    <img width=\"800\" height=\"533\" src=\"https:\/\/www.europesays.com\/fr\/wp-content\/uploads\/2025\/09\/etudiants-reportage-photos-covid-laurent-khram-martin-7-scaled.jpg\" class=\"attachment-image-size-L size-image-size-L\" alt=\"etudiants-reportage-photos-covid-laurent-khram-martin-7\" decoding=\"async\" loading=\"lazy\"  \/>         \u00a9 Laurent Khram \/ Document remis <\/p>\n<p>Trouver la coloc&rsquo; qui te correspond <\/p>\n<p>Se r\u00e9unir avec plusieurs locataires pour partager les frais, <b>c\u2019est LA bonne id\u00e9e pour r\u00e9duire la note. <\/b>Et avec l\u2019explosion des prix, on ne saurait que trop te le conseiller. D\u2019autant plus que cela permet de faire des rencontres rapidement pour celles et ceux qui viennent tout juste d\u2019arriver \u00e0 Strasbourg.<\/p>\n<p>Il existe de nombreux sites pour trouver la coloc\u2019 id\u00e9ale, mais les plus connus sont : <b>Leboncoin.fr et La Carte des colocs. Les groupes Facebook <\/b><a href=\"https:\/\/www.facebook.com\/groups\/657582630945379\/\" target=\"_blank\" rel=\"noopener\">Colocation Strasbourg | La Carte des Colocs<\/a> +\u00a0<a href=\"https:\/\/www.facebook.com\/groups\/2203609879872332\/\" target=\"_blank\" rel=\"noopener\">Logement Etudiant Strasbourg | Colocation, Appart, Chambres, Location<\/a> +\u00a0<a href=\"https:\/\/www.facebook.com\/groups\/326859842135821\/\" target=\"_blank\" rel=\"noopener\">Strasbourg Logement: lieux\/chambre\/appartement \u00e0 louer<\/a> +\u00a0<a href=\"https:\/\/www.facebook.com\/groups\/820051131447802\/\" target=\"_blank\" rel=\"noopener\">Strasbourg Appartement, Chambre, Sous-location, Colocation, Maison \u00e0 louer<\/a> +\u00a0<a href=\"https:\/\/www.facebook.com\/groups\/630786189084934\/\" target=\"_blank\" rel=\"noopener\">Louer un Appart \u00e0 Strasbourg \u2013 Annonces immobili\u00e8res<\/a> +\u00a0<a href=\"https:\/\/www.facebook.com\/groups\/810861127461234\/\" target=\"_blank\" rel=\"noopener\">ANNONCE LOCATION Bas-Rhin 67 ( particulier &amp; professionnel )<\/a> pourront aussi t\u2019aiguiller dans tes recherches.<\/p>\n<p>    <img width=\"800\" height=\"600\" src=\"https:\/\/www.europesays.com\/fr\/wp-content\/uploads\/2025\/09\/colocation-pokaa-strasbourg-decouverte-ce-que-les-colocs-ont-a-mapporterimage00001.jpeg\" class=\"attachment-image-size-L size-image-size-L\" alt=\"colocation\" decoding=\"async\" loading=\"lazy\"  \/>         \u00a9 Bastien Pietronave \/ Pokaa <\/p>\n<p>Si tu es pr\u00eat(e) \u00e0 tenter l\u2019aventure, <b>tu peux aussi te tourner vers la colocation interg\u00e9n\u00e9rationnelle.<\/b> Cette solution est de plus en plus pris\u00e9e et permet de faire de belles rencontres. <a href=\"https:\/\/pokaa.fr\/2023\/02\/20\/habitat-intergenerationnel-ces-strasbourgeoises-qui-bouleversent-les-codes-du-logement\/\" target=\"_blank\" rel=\"noopener\"><b>L\u2019association locale Un toit 2 g\u00e9n\u00e9rations<\/b><\/a> pourra t\u2019aider dans tes recherches.<\/p>\n<p>    <img width=\"800\" height=\"600\" src=\"https:\/\/www.europesays.com\/fr\/wp-content\/uploads\/2025\/09\/colocation-pokaa-strasbourg-decouverte-ce-que-les-colocs-ont-a-mapporterimage00039.jpeg\" class=\"attachment-image-size-L size-image-size-L\" alt=\"colocation\" decoding=\"async\" loading=\"lazy\"  \/>         \u00a9 Bastien Pietronave \/ Pokaa <\/p>\n<p>Les dispositifs d\u2019aide quand on loue un appart\u2019<\/p>\n<p>Besoin d\u2019un garant pour le dossier de location ?<b> Action Logement se porte garant gratuitement, pour toute personne entre 18 et 30 ans<\/b>, quelle que soit sa situation professionnelle gr\u00e2ce \u00e0 <a href=\"https:\/\/www.visale.fr\/visale-pour-les-locataires\/avantages\/\" target=\"_blank\" rel=\"noopener\">son dispositif Visale.\u00a0<\/a><\/p>\n<p>Quant aux \u00e9tudiant(e)s boursiers\/\u00e8res ou bien salari\u00e9(e)s, ils\/elles peuvent b\u00e9n\u00e9ficier <b>de l\u2019Avance de <\/b><a href=\"https:\/\/locapass.actionlogement.fr\/\" target=\"_blank\" rel=\"noopener\"><b>d\u00e9p\u00f4t de garantie Loca-pass<\/b><\/a> propos\u00e9e par Action Logement. Autrement dit, <b>un pr\u00eat \u00e0 0% <\/b>qui permet de d\u00e9bloquer l\u2019argent n\u00e9cessaire pour payer sa garantie rapidement.<\/p>\n<p>    <img width=\"800\" height=\"533\" src=\"https:\/\/www.europesays.com\/fr\/wp-content\/uploads\/2025\/09\/etudiants-reportage-photos-covid-laurent-khram-xavier-3-scaled.jpg\" class=\"attachment-image-size-L size-image-size-L\" alt=\"etudiants-reportage-photos-covid-laurent-khram-xavier-3\" decoding=\"async\" loading=\"lazy\"  \/>         \u00a9 Laurent Khram \/ Document remis <\/p>\n<p>Pour celles et ceux en alternance ou en contrat d\u2019apprentissage qui ont moins de 30 ans, il est possible de pr\u00e9tendre \u00e0 <a href=\"https:\/\/www.actionlogement.fr\/l-aide-mobili-jeune\" target=\"_blank\" rel=\"noopener\"><b>l\u2019aide Mobili-Jeune d\u2019Action Logement<\/b><\/a><b>.<\/b> Cette aide permet de prendre en charge une petite partie du loyer tous les mois pendant <b>1 an (entre 10 et 100\u20ac). <\/b>D\u2019autres aides r\u00e9serv\u00e9es aux alternant(e)s sont accessibles et le site <a href=\"https:\/\/www.actionlogement.fr\/salarie\/alternant\" target=\"_blank\" rel=\"noopener\">Action Logement propose justement<b> un test pour conna\u00eetre ses droits.<\/b><\/a><b>\u00a0<\/b><\/p>\n<p>Le gouvernement a aussi mis en place <b>la plateforme <\/b><a href=\"https:\/\/www.dossierfacile.logement.gouv.fr\/\" target=\"_blank\" rel=\"noopener\"><b>Dossier facile<\/b><\/a><b>,<\/b> pour t\u2019aider \u00e0 constituer <b>un dossier de location num\u00e9rique complet <\/b>\u00e0 fournir aux propri\u00e9taires.<\/p>\n<p>    <img width=\"800\" height=\"533\" src=\"https:\/\/www.europesays.com\/fr\/wp-content\/uploads\/2025\/09\/etudiants-reportage-photos-covid-laurent-khram-marina-10-scaled.jpg\" class=\"attachment-image-size-L size-image-size-L\" alt=\"etudiants-reportage-photos-covid-laurent-khram-marina-10\" decoding=\"async\" loading=\"lazy\"  \/>         \u00a9 Laurent Khram \/ Document remis <\/p>\n<p>Une fois son nid douillet trouv\u00e9, mieux vaut se renseigner aupr\u00e8s de l\u2019agence ou du propri\u00e9taire pour savoir si le logement est conventionn\u00e9. <b>Il est possible de pr\u00e9tendre \u00e0 deux types d\u2019aides, l\u2019APL ou l\u2019ALS.<\/b> Par exemple, les logements du Crous sont en g\u00e9n\u00e9ral conventionn\u00e9s APL. <a href=\"https:\/\/wwwd.caf.fr\/wps\/portal\/caffr\/aidesetdemarches\/mesdemarches\/faireunesimulation\/lelogement#\/preparation\" target=\"_blank\" rel=\"noopener\">La demande ou une simulation peuvent se faire directement sur le site de la CAF<\/a>.<\/p>\n<p>Par ailleurs, <b>les mutuelles \u00e9tudiantes pr\u00e9sentes \u00e0 Strasbourg partagent de pr\u00e9cieux conseils<\/b> et accompagnent leurs adh\u00e9rent(e)s pour trouver un logement ou les informer sur les diff\u00e9rentes aides. Pour en savoir plus, il faut contacter <b>la <\/b><a href=\"https:\/\/www.lmde.fr\/blog\/vie-etudiante\/comment-trouver-un-logement-etudiant\/\" target=\"_blank\" rel=\"noopener\"><b>LMDE<\/b><\/a> dont les locaux se trouvent 6C place d\u2019Austerlitz, ou bien <b>la <\/b><a href=\"https:\/\/mgellogement.fr\/search-result-page\/?location%5B%5D=strasbourg&amp;states%5B%5D=&amp;areas%5B%5D=&amp;type%5B%5D=\" target=\"_blank\" rel=\"noopener\"><b>MGEL<\/b><\/a> situ\u00e9e au 4 rue de Londres.<\/p>\n<p>                <a href=\"https:\/\/pokaa.fr\/2025\/08\/31\/pres-de-15000-guides-a-strasbourg-pokaa-sort-son-3e-papier-destine-aux-etudiantes\/\" target=\"_blank\" rel=\"noopener\"><br \/>\n                    <img width=\"450\" height=\"270\" src=\"https:\/\/www.europesays.com\/fr\/wp-content\/uploads\/2025\/09\/packshotetudiant3-33-450x270.png\" class=\"attachment-card-horizontal--same-subject size-card-horizontal--same-subject wp-post-image\" alt=\"\" decoding=\"async\" loading=\"lazy\"  \/>                <\/a><\/p>\n","protected":false},"excerpt":{"rendered":"Ces derni\u00e8res ann\u00e9es, le prix des loyers n\u2019a cess\u00e9 d\u2019augmenter et la crise du logement \u00e9tudiant frappe s\u00e9v\u00e8rement&hellip;\n","protected":false},"author":2,"featured_media":359978,"comment_status":"","ping_status":"","sticky":false,"template":"","format":"standard","meta":{"footnotes":""},"categories":[2820],"tags":[1111,11,13684,6379,1777,674,1011,27,775,49264,1908,12,25,640,5768],"class_list":{"0":"post-359977","1":"post","2":"type-post","3":"status-publish","4":"format-standard","5":"has-post-thumbnail","7":"category-strasbourg","8":"tag-actu","9":"tag-actualites","10":"tag-crous","11":"tag-etudiants","12":"tag-eu","13":"tag-europe","14":"tag-fr","15":"tag-france","16":"tag-grand-est","17":"tag-guide-etudiant","18":"tag-logement","19":"tag-news","20":"tag-republique-francaise","21":"tag-strasbourg","22":"tag-universite"},"share_on_mastodon":{"url":"https:\/\/pubeurope.com\/@fr\/115132957577680340","error":""},"_links":{"self":[{"href":"https:\/\/www.europesays.com\/fr\/wp-json\/wp\/v2\/posts\/359977","targetHints":{"allow":["GET"]}}],"collection":[{"href":"https:\/\/www.europesays.com\/fr\/wp-json\/wp\/v2\/posts"}],"about":[{"href":"https:\/\/www.europesays.com\/fr\/wp-json\/wp\/v2\/types\/post"}],"author":[{"embeddable":true,"href":"https:\/\/www.europesays.com\/fr\/wp-json\/wp\/v2\/users\/2"}],"replies":[{"embeddable":true,"href":"https:\/\/www.europesays.com\/fr\/wp-json\/wp\/v2\/comments?post=359977"}],"version-history":[{"count":0,"href":"https:\/\/www.europesays.com\/fr\/wp-json\/wp\/v2\/posts\/359977\/revisions"}],"wp:featuredmedia":[{"embeddable":true,"href":"https:\/\/www.europesays.com\/fr\/wp-json\/wp\/v2\/media\/359978"}],"wp:attachment":[{"href":"https:\/\/www.europesays.com\/fr\/wp-json\/wp\/v2\/media?parent=359977"}],"wp:term":[{"taxonomy":"category","embeddable":true,"href":"https:\/\/www.europesays.com\/fr\/wp-json\/wp\/v2\/categories?post=359977"},{"taxonomy":"post_tag","embeddable":true,"href":"https:\/\/www.europesays.com\/fr\/wp-json\/wp\/v2\/tags?post=359977"}],"curies":[{"name":"wp","href":"https:\/\/api.w.org\/{rel}","templated":true}]}}