{"id":35998,"date":"2025-04-19T08:03:08","date_gmt":"2025-04-19T08:03:08","guid":{"rendered":"https:\/\/www.europesays.com\/fr\/35998\/"},"modified":"2025-04-19T08:03:08","modified_gmt":"2025-04-19T08:03:08","slug":"le-carrousel-du-louvre-met-lallemagne-a-lhonneur-en-photos","status":"publish","type":"post","link":"https:\/\/www.europesays.com\/fr\/35998\/","title":{"rendered":"Le Carrousel du Louvre met l&rsquo;Allemagne \u00e0 l&rsquo;honneur en photos"},"content":{"rendered":"<p><img loading=\"lazy\" decoding=\"async\" alt=\"\u00a9 Shutterstock - Le Carrousel du Louvre accueillera l\u2019exposition &quot;La Saxe \u00e0 Paris&quot; \u00e0 partir du 13 mai.\" data-zoom-src=\"https:\/\/www.europesays.com\/fr\/wp-content\/uploads\/2025\/04\/initial-dresde-expo-louvre.jpg\" data-zoomable=\"\" height=\"702\" src=\"https:\/\/www.europesays.com\/fr\/wp-content\/uploads\/2025\/04\/initial-dresde-expo-louvre.jpg\" width=\"1248\"\/>  <\/p>\n<p class=\"article-desc\">\u00a9 Shutterstock &#8211; Le Carrousel du Louvre accueillera l\u2019exposition \u00ab\u00a0La Saxe \u00e0 Paris\u00a0\u00bb \u00e0 partir du 13 mai. <\/p>\n<p>Le <strong>Carrousel du Louvre<\/strong> deviendra la vitrine de l\u2019une des plus embl\u00e9matiques r\u00e9gions d\u2019Allemagne avec l\u2019exposition gratuite \u00ab\u00a0La Saxe \u00e0 Paris\u00a0\u00bb, du 13 mai au 10 juin. Organis\u00e9e dans le cadre de la 15e \u00e9dition du <strong>Festival de la diversit\u00e9 culturelle<\/strong>, cette exposition photographique met \u00e0 l\u2019honneur la richesse culturelle, architecturale et historique de la ville de Dresde et du Land de Saxe. <\/p>\n<p>Dresde, la \u00ab\u00a0perle baroque allemand\u00a0\u00bb <\/p>\n<p>Lieu embl\u00e9matique au c\u0153ur de la capitale, le Carrousel du <a href=\"https:\/\/mesinfos.fr\/75000-paris\/musee-du-louvre-nos-cinq-coups-de-coeur-dans-l-exposition-louvre-couture-215693.html\" rel=\"noopener\" target=\"_blank\">Louvre<\/a> r\u00e9affirme ainsi sa volont\u00e9 de faire rayonner les patrimoines internationaux en les rendant accessibles \u00e0 tous. \u00ab\u00a0La Saxe \u00e0 Paris\u00a0\u00bb s\u2019inscrit dans cette d\u00e9marche d\u2019ouverture, port\u00e9e par le Comit\u00e9 d\u2019animation culturelle Paris 1, sous le patronage de la Commission nationale fran\u00e7aise pour l\u2019UNESCO et avec le soutien de la mairie de Paris Centre. <\/p>\n<p>Situ\u00e9e \u00e0 l\u2019est de l\u2019Allemagne, la Saxe est une r\u00e9gion profond\u00e9ment ancr\u00e9e dans l\u2019h\u00e9ritage europ\u00e9en. <strong>Dresde<\/strong>, sa capitale, surnomm\u00e9e la \u00ab\u00a0perle du baroque allemand\u00a0\u00bb, d\u00e9ploie ici ses charmes \u00e0 travers une sc\u00e9nographie immersive, imagin\u00e9e en collaboration avec les institutions locales : la r\u00e9gion de Saxe, la ville de Dresde, mais aussi Top Magazin Dresden, le minist\u00e8re d\u2019\u00c9tat de la Science, de la Culture et du Tourisme de Saxe, la mairie de Dresde, et Royal-Group. L\u2019exposition est plac\u00e9e sous l\u2019\u00e9gide du Ministre-Pr\u00e9sident du Land de Saxe.<\/p>\n<p>Le public est ainsi invit\u00e9 \u00e0 d\u00e9couvrir, en acc\u00e8s libre, les savoir-faire, les paysages, l\u2019histoire et les joyaux architecturaux d\u2019un territoire au patrimoine dense et vivant. \u00ab\u00a0La Saxe \u00e0 Paris\u00a0\u00bb offrrira une passerelle culturelle entre <a href=\"https:\/\/mesinfos.fr\/75000-paris\/paris-voyage-celeste-avec-le-petit-prince-a-l-atelier-des-lumieres-220458.html\" rel=\"noopener\" target=\"_blank\">Paris<\/a> et Dresde, dans un espace prestigieux au rayonnement international. <\/p>\n<p>Informations pratiques <\/p>\n<ul type=\"disc\">\n<li><strong>Dates<\/strong> : du 13 mai au 10 juin 2025 <\/li>\n<li><strong>Lieu<\/strong> : Carrousel du Louvre, All\u00e9e de Rivoli et All\u00e9e du Carrousel, Paris 1er <\/li>\n<li><strong>Acc\u00e8s<\/strong> : gratuit<\/li>\n<\/ul>\n","protected":false},"excerpt":{"rendered":"\u00a9 Shutterstock &#8211; Le Carrousel du Louvre accueillera l\u2019exposition \u00ab\u00a0La Saxe \u00e0 Paris\u00a0\u00bb \u00e0 partir du 13 mai.&hellip;\n","protected":false},"author":2,"featured_media":35999,"comment_status":"","ping_status":"","sticky":false,"template":"","format":"standard","meta":{"footnotes":""},"categories":[1587],"tags":[11,672,1804,1805,1803,1777,674,1801,11625,12,1802],"class_list":{"0":"post-35998","1":"post","2":"type-post","3":"status-publish","4":"format-standard","5":"has-post-thumbnail","7":"category-allemagne","8":"tag-actualites","9":"tag-allemagne","10":"tag-bundesrepublik-deutschland","11":"tag-de","12":"tag-deutschland","13":"tag-eu","14":"tag-europe","15":"tag-germany","16":"tag-musu00e9es","17":"tag-news","18":"tag-republique-federale-dallemagne"},"share_on_mastodon":{"url":"https:\/\/pubeurope.com\/@fr\/114363590524268129","error":""},"_links":{"self":[{"href":"https:\/\/www.europesays.com\/fr\/wp-json\/wp\/v2\/posts\/35998","targetHints":{"allow":["GET"]}}],"collection":[{"href":"https:\/\/www.europesays.com\/fr\/wp-json\/wp\/v2\/posts"}],"about":[{"href":"https:\/\/www.europesays.com\/fr\/wp-json\/wp\/v2\/types\/post"}],"author":[{"embeddable":true,"href":"https:\/\/www.europesays.com\/fr\/wp-json\/wp\/v2\/users\/2"}],"replies":[{"embeddable":true,"href":"https:\/\/www.europesays.com\/fr\/wp-json\/wp\/v2\/comments?post=35998"}],"version-history":[{"count":0,"href":"https:\/\/www.europesays.com\/fr\/wp-json\/wp\/v2\/posts\/35998\/revisions"}],"wp:featuredmedia":[{"embeddable":true,"href":"https:\/\/www.europesays.com\/fr\/wp-json\/wp\/v2\/media\/35999"}],"wp:attachment":[{"href":"https:\/\/www.europesays.com\/fr\/wp-json\/wp\/v2\/media?parent=35998"}],"wp:term":[{"taxonomy":"category","embeddable":true,"href":"https:\/\/www.europesays.com\/fr\/wp-json\/wp\/v2\/categories?post=35998"},{"taxonomy":"post_tag","embeddable":true,"href":"https:\/\/www.europesays.com\/fr\/wp-json\/wp\/v2\/tags?post=35998"}],"curies":[{"name":"wp","href":"https:\/\/api.w.org\/{rel}","templated":true}]}}