{"id":359981,"date":"2025-09-02T05:05:10","date_gmt":"2025-09-02T05:05:10","guid":{"rendered":"https:\/\/www.europesays.com\/fr\/359981\/"},"modified":"2025-09-02T05:05:10","modified_gmt":"2025-09-02T05:05:10","slug":"personne-nest-a-labri-des-manoeuvres-accidentelles-apres-la-photo-choc-une-petition-pour-reguler-les-battues-aux-sangliers-pres-de-nice","status":"publish","type":"post","link":"https:\/\/www.europesays.com\/fr\/359981\/","title":{"rendered":"\u00ab\u00a0Personne n\u2019est \u00e0 l\u2019abri des man\u0153uvres accidentelles\u00a0\u00bb: apr\u00e8s la photo choc, une p\u00e9tition pour r\u00e9guler les battues aux sangliers pr\u00e8s de Nice"},"content":{"rendered":"<p>\u00ab\u00a0Nous sommes conscients de la n\u00e9cessit\u00e9 de g\u00e9rer la prolif\u00e9ration de ces animaux mais nous voulons attirer l\u2019attention de la municipalit\u00e9 sur les conditions et le nombre de battues.\u00a0\u00bb<\/p>\n<p>Patrick Failla, professionnel de sant\u00e9 install\u00e9 \u00e0 Colomars, est \u00e0 l\u2019origine de la p\u00e9tition r\u00e9clamant moins de battues administratives r\u00e9gulant la population de sangliers et des conditions de s\u00e9curit\u00e9 accrues. Depuis sa mise en ligne le 20 ao\u00fbt sur Change.org, le texte a r\u00e9colt\u00e9 plus de 400 signatures dans cette commune de 3.500 habitants dont 60% du territoire se trouve en zone naturelle.<\/p>\n<p>\u00ab\u00a0Vous autorisez trop de battues (15 pour la saison 24-25), reproche l\u2019auteur de la p\u00e9tition \u00e0 la maire Isabelle Br\u00e8s. Elles sont effectu\u00e9es par des louvetiers qui op\u00e8rent dans des secteurs urbanis\u00e9s, ont le droit de p\u00e9n\u00e9trer sur tous terrains non cl\u00f4tur\u00e9s et se retrouvent, dans tous les cas de figure, \u00e0 quelques m\u00e8tres de nos habitations, en situation de tir, avec tous les dangers que cela comporte.\u00a0\u00bb<\/p>\n<p>Allant jusqu\u2019\u00e0 \u00e9voquer une \u00ab\u00a0une mise en danger de la vie d\u2019autrui\u00a0\u00bb, le texte rappelle que \u00ab\u00a0personne n\u2019est \u00e0 l\u2019abri des man\u0153uvres accidentelles\u00a0\u00bb.<\/p>\n<p>Formations de s\u00e9curit\u00e9<\/p>\n<p>Sollicit\u00e9e, la municipalit\u00e9 rappelle que seule la compagnie des Louvetiers, g\u00e9r\u00e9e par la pr\u00e9fecture, est habilit\u00e9e \u00e0 chasser dans la commune depuis la dissolution de la soci\u00e9t\u00e9 de chasse, en 2017. Et qu\u2019il ne s\u2019agit pas l\u00e0 de \u00ab\u00a0chasse plaisir\u00a0\u00bb mais d\u2019un devoir assum\u00e9 de r\u00e9sultats afin de prot\u00e9ger biens et personnes de ces animaux class\u00e9s nuisibles par la loi depuis 1988, de mani\u00e8re temporaire et locale, \u00e0 la discr\u00e9tion du pr\u00e9fet.<\/p>\n<p>Ces louvetiers, ajoute la mairie, font l\u2019objet de formations r\u00e9guli\u00e8res adapt\u00e9es au milieu p\u00e9riurbain, prodigu\u00e9es par l\u2019Office national de la chasse et de la faune sauvage. L\u2019entretien des sentiers fait \u00e9galement partie de leur mission.<\/p>\n<p>Ces battues, souligne enfin l\u2019ex\u00e9cutif local, sont le plus souvent d\u00e9clench\u00e9es \u00e0 la suite de plaintes d\u2019habitants, exc\u00e9d\u00e9s de voir leurs terrains d\u00e9vast\u00e9s par les hardes, comme tr\u00e8s r\u00e9cemment dans les vignes de Bellet.<\/p>\n<p>Une photo choc \u00e0 l\u2019origine de l\u2019\u00e9moi?<\/p>\n<p>Un \u00e9pisode r\u00e9cent a sans doute contribu\u00e9 \u00e0 susciter l\u2019\u00e9motion et incit\u00e9 \u00e0 signer la p\u00e9tition: la photo d\u2019un marcassin, retrouv\u00e9 une fl\u00e8che plant\u00e9e dans la t\u00eate, qui a circul\u00e9 sur les r\u00e9seaux sociaux. L\u2019acte isol\u00e9 d\u2019un cruel archer du dimanche, sans lien avec la r\u00e9gulation officielle, d\u2019apr\u00e8s nos informations.<\/p>\n<p>Selon plusieurs sources, l\u2019animal \u00e9tait familier et nourri \u2013 ce que proscrit la loi, rappelle la mairie \u2013 par des riverains, faisant de ce marcassin une cible facile.<\/p>\n","protected":false},"excerpt":{"rendered":"\u00ab\u00a0Nous sommes conscients de la n\u00e9cessit\u00e9 de g\u00e9rer la prolif\u00e9ration de ces animaux mais nous voulons attirer l\u2019attention&hellip;\n","protected":false},"author":2,"featured_media":359982,"comment_status":"","ping_status":"","sticky":false,"template":"","format":"standard","meta":{"footnotes":""},"categories":[2819],"tags":[1111,11,1777,674,332,1011,27,12,2401,882,25],"class_list":{"0":"post-359981","1":"post","2":"type-post","3":"status-publish","4":"format-standard","5":"has-post-thumbnail","7":"category-nice","8":"tag-actu","9":"tag-actualites","10":"tag-eu","11":"tag-europe","12":"tag-faits-de-societe","13":"tag-fr","14":"tag-france","15":"tag-news","16":"tag-nice","17":"tag-provence-alpes-cote-dazur","18":"tag-republique-francaise"},"share_on_mastodon":{"url":"https:\/\/pubeurope.com\/@fr\/115132964765673481","error":""},"_links":{"self":[{"href":"https:\/\/www.europesays.com\/fr\/wp-json\/wp\/v2\/posts\/359981","targetHints":{"allow":["GET"]}}],"collection":[{"href":"https:\/\/www.europesays.com\/fr\/wp-json\/wp\/v2\/posts"}],"about":[{"href":"https:\/\/www.europesays.com\/fr\/wp-json\/wp\/v2\/types\/post"}],"author":[{"embeddable":true,"href":"https:\/\/www.europesays.com\/fr\/wp-json\/wp\/v2\/users\/2"}],"replies":[{"embeddable":true,"href":"https:\/\/www.europesays.com\/fr\/wp-json\/wp\/v2\/comments?post=359981"}],"version-history":[{"count":0,"href":"https:\/\/www.europesays.com\/fr\/wp-json\/wp\/v2\/posts\/359981\/revisions"}],"wp:featuredmedia":[{"embeddable":true,"href":"https:\/\/www.europesays.com\/fr\/wp-json\/wp\/v2\/media\/359982"}],"wp:attachment":[{"href":"https:\/\/www.europesays.com\/fr\/wp-json\/wp\/v2\/media?parent=359981"}],"wp:term":[{"taxonomy":"category","embeddable":true,"href":"https:\/\/www.europesays.com\/fr\/wp-json\/wp\/v2\/categories?post=359981"},{"taxonomy":"post_tag","embeddable":true,"href":"https:\/\/www.europesays.com\/fr\/wp-json\/wp\/v2\/tags?post=359981"}],"curies":[{"name":"wp","href":"https:\/\/api.w.org\/{rel}","templated":true}]}}