{"id":359983,"date":"2025-09-02T05:06:11","date_gmt":"2025-09-02T05:06:11","guid":{"rendered":"https:\/\/www.europesays.com\/fr\/359983\/"},"modified":"2025-09-02T05:06:11","modified_gmt":"2025-09-02T05:06:11","slug":"la-minute-rouge-et-noir-un-mercato-illisible-et-incoherent","status":"publish","type":"post","link":"https:\/\/www.europesays.com\/fr\/359983\/","title":{"rendered":"La minute Rouge et Noir\u00a0: un mercato illisible et incoh\u00e9rent"},"content":{"rendered":"<p>L&rsquo;arriv\u00e9e sur le gong ce lundi du milieu de terrain Charles Vanhoutte a mis un point final \u00e0 un mercato rouge et noir laborieux, souvent \u00e0 contre-temps et parfois incoh\u00e9rent et qui semble avoir affaibli les Aiglons. <\/p>\n<p>Pas de blague belge pour finir. Le milieu Charles Vanhoutte (26 ans) a bien sign\u00e9 ce lundi son contrat avec les Aiglons avant de repartir en s\u00e9lection pour devenir la neuvi\u00e8me recrue et incarner malgr\u00e9 lui un mercato agit\u00e9, laborieux et finalement peu convaincant. Le Belge \u00e9tait r\u00e9clam\u00e9 par Franck Haise pour compl\u00e9ter un secteur qui manquait d&rsquo;un profil travailleur comme le sien. Sauf que le Gym s&rsquo;est positionn\u00e9 sur le tard et a bien cru que le nouvel international belge allait encore lui filer sous le nez. Comme Mahdi Camara ou Sinayoko. Heureusement cette fois les Aiglons ont mis la patte dans la porte pour finaliser ce deal sur le gong.<\/p>\n<p>Pourquoi faire simple quand on peut faire compliqu\u00e9&#8230; Une phrase qui r\u00e9sume bien ce mercato rouge et noir totalement illisible. Les montants, le timing, les profils cibl\u00e9s et ceux finalement recrut\u00e9s&#8230; On n&rsquo;a pas tout compris, \u00e0 part que le principal objectif \u00e9tait de remplir au maximum les caisses d&rsquo;un proprio qui r\u00e9duit la voilure depuis des mois sans se demander comment va rouler sa voiture et en donnant m\u00eame l&rsquo;impression de l&rsquo;envoyer dans le mur.<\/p>\n<p>\u00c0 \u00e9couter aussi   <img decoding=\"async\" src=\"https:\/\/www.europesays.com\/fr\/wp-content\/uploads\/2025\/09\/1756789571_633_200x200\" alt=\"L'\u00e9quipe ce soir : Benjamin Pierson (animateur), Maxime Bacqui\u00e9 (journaliste), Patrice Alberganti (consultant), Victor Juttner (consultant), LouRay (supporter)\" style=\"--_image-preview:url('data:image\/jpeg;base64,\/9j\/2wBDACgcHiMeGSgjISMtKygwPGRBPDc3PHtYXUlkkYCZlo+AjIqgtObDoKrarYqMyP\/L2u71\/\/\/\/m8H\/\/\/\/6\/+b9\/\/j\/2wBDASstLTw1PHZBQXb4pYyl+Pj4+Pj4+Pj4+Pj4+Pj4+Pj4+Pj4+Pj4+Pj4+Pj4+Pj4+Pj4+Pj4+Pj4+Pj4+Pj4+Pj\/wAARCAAqACoDASIAAhEBAxEB\/8QAGAABAQEBAQAAAAAAAAAAAAAAAgEDAAT\/xAAYEAEBAQEBAAAAAAAAAAAAAAAAARIRAv\/EABYBAQEBAAAAAAAAAAAAAAAAAAABAv\/EABQRAQAAAAAAAAAAAAAAAAAAAAD\/2gAMAwEAAhEDEQA\/APT1OhammVadXrLS6Bp13Wek0A2ja6hVQtJoLUtBptNsr6HSK9PRrnANCnQ9IoWj1fQqP\/\/Z');\" loading=\"lazy\" fetchpriority=\"low\" aria-hidden=\"true\" class=\"svelte-1pnmlwx rounded\" onload=\"this.__e=event\" onerror=\"this.__e=event\"\/><\/p>\n<p>Sans attaquant valide pour attaquer la saison. En envoyant finalement 6 millions sur un rempla\u00e7ant du FC B\u00e2le alors que la premi\u00e8re cible Odsonne Edouard coutait moins cher. En vendant un Bouanani certes d\u00e9cevant, mais qui devait incarner le nouveau visage des Aiglons cette saison. Sans le remplacer. Enfin si par un Portugais, Tiago Gouveia, cens\u00e9 au d\u00e9part doubler le poste de Clauss comme piston. Puis m\u00eame remplacer l&rsquo;international fran\u00e7ais sur le d\u00e9part. Pour finalement \u00eatre le successeur de Bouanani un cran au-dessus.<\/p>\n<p>Un manque de clart\u00e9, d&rsquo;anticipation, alors que le Gym devait au contraire \u00eatre pr\u00eat avant les autres cet \u00e9t\u00e9 et n&rsquo;a en plus jamais encaiss\u00e9 autant d&rsquo;argent, autour de 75 millions d&rsquo;euros. Et en a d\u00e9pens\u00e9 aussi, plus de 30 millions, mais sans coh\u00e9rence on l&rsquo;a dit. Sans vraiment cr\u00e9er non plus de la valeur pour le futur et avec la d\u00e9sagr\u00e9able impression que le groupe s&rsquo;est affaibli alors qu&rsquo;il veut faire mieux que la saison derni\u00e8re notamment en Europe&#8230;<\/p>\n","protected":false},"excerpt":{"rendered":"L&rsquo;arriv\u00e9e sur le gong ce lundi du milieu de terrain Charles Vanhoutte a mis un point final \u00e0&hellip;\n","protected":false},"author":2,"featured_media":359984,"comment_status":"","ping_status":"","sticky":false,"template":"","format":"standard","meta":{"footnotes":""},"categories":[2819],"tags":[1111,11,1777,674,1011,27,12,2401,882,25],"class_list":{"0":"post-359983","1":"post","2":"type-post","3":"status-publish","4":"format-standard","5":"has-post-thumbnail","7":"category-nice","8":"tag-actu","9":"tag-actualites","10":"tag-eu","11":"tag-europe","12":"tag-fr","13":"tag-france","14":"tag-news","15":"tag-nice","16":"tag-provence-alpes-cote-dazur","17":"tag-republique-francaise"},"share_on_mastodon":{"url":"https:\/\/pubeurope.com\/@fr\/115132968782676597","error":""},"_links":{"self":[{"href":"https:\/\/www.europesays.com\/fr\/wp-json\/wp\/v2\/posts\/359983","targetHints":{"allow":["GET"]}}],"collection":[{"href":"https:\/\/www.europesays.com\/fr\/wp-json\/wp\/v2\/posts"}],"about":[{"href":"https:\/\/www.europesays.com\/fr\/wp-json\/wp\/v2\/types\/post"}],"author":[{"embeddable":true,"href":"https:\/\/www.europesays.com\/fr\/wp-json\/wp\/v2\/users\/2"}],"replies":[{"embeddable":true,"href":"https:\/\/www.europesays.com\/fr\/wp-json\/wp\/v2\/comments?post=359983"}],"version-history":[{"count":0,"href":"https:\/\/www.europesays.com\/fr\/wp-json\/wp\/v2\/posts\/359983\/revisions"}],"wp:featuredmedia":[{"embeddable":true,"href":"https:\/\/www.europesays.com\/fr\/wp-json\/wp\/v2\/media\/359984"}],"wp:attachment":[{"href":"https:\/\/www.europesays.com\/fr\/wp-json\/wp\/v2\/media?parent=359983"}],"wp:term":[{"taxonomy":"category","embeddable":true,"href":"https:\/\/www.europesays.com\/fr\/wp-json\/wp\/v2\/categories?post=359983"},{"taxonomy":"post_tag","embeddable":true,"href":"https:\/\/www.europesays.com\/fr\/wp-json\/wp\/v2\/tags?post=359983"}],"curies":[{"name":"wp","href":"https:\/\/api.w.org\/{rel}","templated":true}]}}