{"id":359985,"date":"2025-09-02T05:07:13","date_gmt":"2025-09-02T05:07:13","guid":{"rendered":"https:\/\/www.europesays.com\/fr\/359985\/"},"modified":"2025-09-02T05:07:13","modified_gmt":"2025-09-02T05:07:13","slug":"cette-maison-du-batiment-est-un-symbole-de-renouveau-pour-les-pros-du-btp","status":"publish","type":"post","link":"https:\/\/www.europesays.com\/fr\/359985\/","title":{"rendered":"Cette Maison du B\u00e2timent est \u00ab\u00a0un symbole de renouveau\u00a0\u00bb pour les pros du BTP"},"content":{"rendered":"<p>            Par<br \/>\n        <strong><br \/>\n            <a href=\"https:\/\/actu.fr\/auteur\/journaliste-lp\" title=\"Consulter tous les articles de R\u00e9daction Lamballe\" target=\"_blank\" rel=\"noopener\">R\u00e9daction Lamballe<\/a><br \/>\n        <\/strong><\/p>\n<p>        Publi\u00e9 le<\/p>\n<p>            2 sept. 2025 \u00e0 6h50        <\/p>\n<p>C\u2019est un secteur en petite forme : hausse des taux d\u2019int\u00e9r\u00eats, co\u00fbts des mati\u00e8res premi\u00e8res, inqui\u00e9tude due \u00e0 la situation politique\u2026 <b>Le BTP n\u2019est toujours pas sorti d\u2019une crise<\/b> dans laquelle il est en englu\u00e9 depuis plus de deux ans.<\/p>\n<p>\u00ab\u00a0Un symbole de renouveau\u00a0\u00bb<\/p>\n<p class=\" wall-content\">Pourtant, \u00e0 <a href=\"https:\/\/actu.fr\/bretagne\/plerin_22187\" target=\"_blank\" rel=\"noopener\">Pl\u00e9rin<\/a> <b>(C\u00f4tes-d\u2019Armor),<\/b> la f\u00e9d\u00e9ration fran\u00e7aise du b\u00e2timent (FFB) s\u2019est dot\u00e9e d\u2019une nouvelle Maison du B\u00e2timent, en face de la Chambre d\u2019agriculture. Un lieu \u00ab d\u00e9di\u00e9 \u00e0 l\u2019ensemble des acteurs du b\u00e2timent et des travaux publics costarmoricains \u00bb.<\/p>\n<p class=\" wall-content\">L\u2019\u00e9difice, datant de 1984, a re\u00e7u un s\u00e9rieux coup de propre. Les locaux ont \u00e9t\u00e9 <b>enti\u00e8rement remis \u00e0 neuf<\/b>, de fa\u00e7on \u00e0 faire de cette maison \u00ab\u00a0un lieu de rencontre, de services et de synergies\u00a0\u00bb.<\/p>\n<p class=\" wall-content\">Une <b>modernisation<\/b> vue comme \u00ab\u00a0un symbole de renouveau pour notre domaine, \u00e0 l\u2019\u00e9chelle d\u00e9partementale\u00a0\u00bb,\u00a0pour Bruno Catros, vice-pr\u00e9sident de la FFB 22.<\/p>\n<blockquote class=\"ac-article-quote wall-content\">\n<p>Elle sera un v\u00e9ritable point d\u2019ancrage pour les professionnels, favorisant les \u00e9changes, l\u2019innovation et la coop\u00e9ration entre entreprises du secteur.<\/p>\n<p>La FFBTP 22<\/p><\/blockquote>\n<p>Vid\u00e9os : en ce moment sur Actu\u00c0 quoi sert-elle ?<\/p>\n<p class=\" wall-content\">Une premi\u00e8re r\u00e9novation avait eu lieu en 2011. Aujourd\u2019hui, <b>deux grandes salles modulables<\/b> permettent d\u2019accueillir davantage de formations et de r\u00e9unions.<\/p>\n<p class=\" wall-content\">\u00a0Il s\u2019agit d\u2019un endroit \u00ab\u00a0o\u00f9 les <b>chefs d\u2019entreprises<\/b> : se confient sur leurs trucs et astuces, aident les plus jeunes, font part de leurs difficult\u00e9s et de leurs r\u00e9ussites\u00a0\u00bb, d\u00e9taille Bruno Catros.<\/p>\n<p>Votre r\u00e9gion, votre actu !<\/p>\n<p>Recevez chaque jour les infos qui comptent pour vous.<\/p>\n<p>\t<a href=\"https:\/\/actu.fr\/newsletter\" class=\"ac-btn ac-btn--corner ac-btn--medium ac-btn--blue800\" target=\"_blank\" rel=\"noopener\">S&rsquo;incrire<\/a><\/p>\n<p>    <img   decoding=\"async\" loading=\"lazy\" class=\"size-large\" src=\"https:\/\/www.europesays.com\/fr\/wp-content\/uploads\/2025\/09\/d9367cb9f76860e367cb9f768a1467v-960x640.jpg\" alt=\"La FFBTP 22 compte plus de 900 adh\u00e9rents.\" width=\"960\" height=\"640\"\/><br \/>\n    La f\u00e9d\u00e9ration compte plus de 900 adh\u00e9rents dans les C\u00f4tes-d\u2019Armor. \u00a9Germain Michelet<\/p>\n<p class=\" wall-content\">Avec ce nouveau centre, l\u2019organisation esp\u00e8re obtenir des <b>avanc\u00e9es professionnelles<\/b> et recruter d\u2019autres adh\u00e9rents.<\/p>\n<p class=\" wall-content\">Dans les C\u00f4tes-d\u2019Armor, la FFB compte 900 chefs d\u2019entreprises membres, repr\u00e9sentant<b> plus de 9 700 salari\u00e9s.<\/b><\/p>\n<p>La Maison du B\u00e2timent 14, rue du Rocher Cornet \u00e0 Pl\u00e9rin. T\u00e9l. 02 96 74 40 80.<\/p>\n<p class=\" wall-content\">Personnalisez votre actualit\u00e9 en ajoutant vos villes et m\u00e9dias en favori avec <a href=\"https:\/\/moncompte.actu.fr\" title=\"D\u00e9couvez Mon Actu\" rel=\"nofollow noopener\" data-trk=\"{&quot;cta&quot;:{&quot;action&quot;:&quot;https:\\\/\\\/moncompte.actu.fr&quot;,&quot;category&quot;:&quot;mon compte&quot;,&quot;from&quot;:&quot;article footer&quot;,&quot;name&quot;:&quot;Mon actu&quot;,&quot;type&quot;:&quot;cta&quot;}}\" target=\"_blank\">Mon Actu<\/a>.<\/p>\n","protected":false},"excerpt":{"rendered":"Par R\u00e9daction Lamballe Publi\u00e9 le 2 sept. 2025 \u00e0 6h50 C\u2019est un secteur en petite forme : hausse&hellip;\n","protected":false},"author":2,"featured_media":359986,"comment_status":"","ping_status":"","sticky":false,"template":"","format":"standard","meta":{"footnotes":""},"categories":[2818],"tags":[1111,11,2739,1771,1777,674,1011,27,766,12,2636,25,104],"class_list":{"0":"post-359985","1":"post","2":"type-post","3":"status-publish","4":"format-standard","5":"has-post-thumbnail","7":"category-nantes","8":"tag-actu","9":"tag-actualites","10":"tag-baie-de-saint-brieuc","11":"tag-btp","12":"tag-eu","13":"tag-europe","14":"tag-fr","15":"tag-france","16":"tag-nantes","17":"tag-news","18":"tag-pays-de-la-loire","19":"tag-republique-francaise","20":"tag-societe"},"share_on_mastodon":{"url":"https:\/\/pubeurope.com\/@fr\/115132972975023660","error":""},"_links":{"self":[{"href":"https:\/\/www.europesays.com\/fr\/wp-json\/wp\/v2\/posts\/359985","targetHints":{"allow":["GET"]}}],"collection":[{"href":"https:\/\/www.europesays.com\/fr\/wp-json\/wp\/v2\/posts"}],"about":[{"href":"https:\/\/www.europesays.com\/fr\/wp-json\/wp\/v2\/types\/post"}],"author":[{"embeddable":true,"href":"https:\/\/www.europesays.com\/fr\/wp-json\/wp\/v2\/users\/2"}],"replies":[{"embeddable":true,"href":"https:\/\/www.europesays.com\/fr\/wp-json\/wp\/v2\/comments?post=359985"}],"version-history":[{"count":0,"href":"https:\/\/www.europesays.com\/fr\/wp-json\/wp\/v2\/posts\/359985\/revisions"}],"wp:featuredmedia":[{"embeddable":true,"href":"https:\/\/www.europesays.com\/fr\/wp-json\/wp\/v2\/media\/359986"}],"wp:attachment":[{"href":"https:\/\/www.europesays.com\/fr\/wp-json\/wp\/v2\/media?parent=359985"}],"wp:term":[{"taxonomy":"category","embeddable":true,"href":"https:\/\/www.europesays.com\/fr\/wp-json\/wp\/v2\/categories?post=359985"},{"taxonomy":"post_tag","embeddable":true,"href":"https:\/\/www.europesays.com\/fr\/wp-json\/wp\/v2\/tags?post=359985"}],"curies":[{"name":"wp","href":"https:\/\/api.w.org\/{rel}","templated":true}]}}