{"id":359987,"date":"2025-09-02T05:08:14","date_gmt":"2025-09-02T05:08:14","guid":{"rendered":"https:\/\/www.europesays.com\/fr\/359987\/"},"modified":"2025-09-02T05:08:14","modified_gmt":"2025-09-02T05:08:14","slug":"on-le-surnommait-le-tateur-une-victime-et-ancien-eleve-du-college-prive-saint-stanislas-temoigne","status":"publish","type":"post","link":"https:\/\/www.europesays.com\/fr\/359987\/","title":{"rendered":"\u00ab\u00a0On le surnommait le t\u00e2teur\u00a0\u00bb\u2026 Une victime et ancien \u00e9l\u00e8ve du coll\u00e8ge priv\u00e9 Saint-Stanislas t\u00e9moigne"},"content":{"rendered":"<p>Vendredi, l\u2019enseignement catholique de <a href=\"https:\/\/www.20minutes.fr\/societe\/loire-atlantique\/\" target=\"_blank\" class=\"c-link c-link--is-underlined\" rel=\"nofollow noopener\">Loire-Atlantique<\/a> a annonc\u00e9 avoir recueilli plusieurs t\u00e9moignages de violences sexuelles au sein du coll\u00e8ge-lyc\u00e9e de Saint-Stanislas \u00e0 <a href=\"https:\/\/www.20minutes.fr\/nantes\/\" target=\"_blank\" class=\"c-link c-link--is-underlined\" rel=\"nofollow noopener\">Nantes<\/a> entre\u00a01958 et\u00a01995. Les t\u00e9moignages, \u00e9manant des victimes ou de leurs familles, d\u00e9crivent des <a href=\"https:\/\/www.20minutes.fr\/dossier\/viol\" class=\"c-link c-link--is-underlined\" rel=\"nofollow noopener\" target=\"_blank\">viols<\/a>, des agressions sexuelles et des attouchements commis au sein de l\u2019internat et pour \u00ab\u00a0au moins une victime\u00a0\u00bb des faits survenus lors de vacances organis\u00e9es par l\u2019\u00e9tablissement. Cinq des pr\u00eatres ainsi qu\u2019au moins un membre du personnel \u00e9ducatif sont mis en cause. Apr\u00e8s avoir appris la nouvelle, une victime et ancien \u00e9l\u00e8ve de l\u2019\u00e9tablissement priv\u00e9 nous livre son t\u00e9moignage.<\/p>\n<p>Philippe int\u00e8gre <a href=\"https:\/\/www.20minutes.fr\/societe\/4170483-20250901-nantes-choc-psychologique-rentree-ambiance-pesante-eleves-saint-stanislas\" target=\"_blank\" class=\"c-link c-link--is-underlined\" rel=\"nofollow noopener\">Saint-Stanislas<\/a> en classe de 6e en\u00a01958. Malgr\u00e9 les bruits de couloir, le coll\u00e9gien passe deux ann\u00e9es \u00ab\u00a0sans aucun probl\u00e8me\u00a0\u00bb. A l\u2019\u00e9poque, la quasi-totalit\u00e9 de ses professeurs sont des hommes de foi. \u00ab\u00a0Leurs chambres \u00e9taient situ\u00e9es juste au-dessus des dortoirs\u00a0\u00bb, se rappelle Philippe. C\u2019est le cas de son professeur de latin*, \u00e9galement abb\u00e9 au sein du dioc\u00e8se. \u00ab\u00a0Un jour, il me convoque dans sa chambre pour discuter de mon dernier devoir. Le ton employ\u00e9 \u00e9tait tel, que je me suis mis \u00e0 pleurer. Pour me consoler, il m\u2019a pris sur ses genoux\u00a0\u00bb, raconte le septuag\u00e9naire. L\u2019abb\u00e9 aurait alors commenc\u00e9 \u00e0 lui caresser les parties g\u00e9nitales. \u00ab\u00a0Il s\u2019est arr\u00eat\u00e9 avant une possible \u00e9jaculation et je suis parti, retrace le retrait\u00e9 avec pr\u00e9cision. Quand on est jeune, on se souvient de tout.\u00a0\u00bb<\/p>\n<p>\u00ab\u00a0Baille pas si fort, on voit la marque de ton slip\u00a0\u00bb<\/p>\n<p>Jusqu\u2019\u00e0 la terminale, Philippe continue sa scolarit\u00e9 au sein de l\u2019\u00e9tablissement catholique. \u00ab\u00a0Je n\u2019appr\u00e9hendais pas d\u2019aller \u00e0 l\u2019\u00e9cole, je voulais juste travailler. J\u2019ai toujours \u00e9t\u00e9 un \u00e9l\u00e8ve moyen et je le suis rest\u00e9\u00a0\u00bb, confie-t-il.<\/p>\n<p>Pendant ces ann\u00e9es, l\u2019adolescent dit ne pas \u00eatre confront\u00e9 \u00e0 une seconde <a href=\"https:\/\/www.20minutes.fr\/dossier\/agression_sexuelle\" target=\"_blank\" class=\"c-link c-link--is-underlined\" rel=\"nofollow noopener\">agression sexuelle <\/a>de la part de cet abb\u00e9 ni d\u2019un autre enseignant mais cite un professeur de math\u00e9matiques* au temp\u00e9rament \u00ab\u00a0discutable\u00a0\u00bb. \u00ab\u00a0Il nous disait, \u00ab\u00a0baille pas si fort, on voit la marque de ton slip\u00a0\u00bb.\u00a0\u00bb Un jour, un camarade lui r\u00e9v\u00e8le avoir \u00e9t\u00e9 emmen\u00e9 de force dans une chambre par cet homme, ce dernier aurait r\u00e9ussi \u00e0 s\u2019enfuir \u00ab\u00a0en voyant que l\u2019abb\u00e9 essayait de le toucher\u00a0\u00bb.<\/p>\n<p>G\u00e9n\u00e9ration omerta<\/p>\n<p>Malgr\u00e9 les quelques \u00e9chos qui r\u00e9sonnent dans les couloirs de \u00ab\u00a0Saint-Stan\u00a0\u00bb, Philippe se mure dans le silence. \u00ab\u00a0Je n\u2019en ai pas parl\u00e9 \u00e0 mes parents ni \u00e0 mes copains\u00a0\u00bb, assure le Nantais dont les parents sont d\u00e9c\u00e9d\u00e9s sans avoir connaissance de cet \u00e9v\u00e8nement. \u00ab\u00a0J\u2019en ai parl\u00e9 pour la premi\u00e8re fois \u00e0 des amies de bureau quand j\u2019\u00e9tais adulte\u00a0\u00bb, reconna\u00eet celui qui se r\u00e9jouit des r\u00e9centes prises de conscience au sujet des <a href=\"https:\/\/www.20minutes.fr\/societe\/4128824-20241212-abus-sexuels-eglise-nouveau-scandale-pretres-francais-missionnaires-asie\" target=\"_blank\" class=\"c-link c-link--is-underlined\" rel=\"nofollow noopener\">viols dans l\u2019Eglise<\/a>. \u00ab\u00a0\u00c7a me fait du bien de voir que d\u2019autres prennent la parole, c\u2019est remarquable. Entre \u00e9l\u00e8ves, nous n\u2019en parlions pas beaucoup, surtout, nous ne savions pas ce qu\u2019\u00e9tait une agression sexuelle.\u00a0\u00bb<\/p>\n<\/p>\n<p>Ce n\u2019est que tr\u00e8s r\u00e9cemment que Philippe d\u00e9couvre ne pas avoir \u00e9t\u00e9 la seule victime de son agresseur. \u00ab\u00a0J\u2019ai appris bien plus tard par le biais d\u2019anciens \u00e9l\u00e8ves qu\u2019on le surnommait \u00ab\u00a0le T\u00e2teur\u00a0\u00bb\u00a0\u00bb. Apr\u00e8s avoir pris connaissance des derni\u00e8res annonces du dioc\u00e8se vendredi, Philippe s\u2019est senti \u00ab\u00a0soulag\u00e9, mais pas \u00e9tonn\u00e9 du tout\u00a0\u00bb. Concern\u00e9, il mentionne cependant ne pas avoir t\u00e9moign\u00e9 aupr\u00e8s du dioc\u00e8se \u00e0 cause, notamment, d\u2019un manque d\u2019acc\u00e8s \u00e0 Internet.<\/p>\n<p>Dans une conf\u00e9rence de presse tenue vendredi, l\u2019\u00e9v\u00eaque de Nantes, Laurent Percerou, a lanc\u00e9 un <a href=\"https:\/\/www.saintstanislas.eu\/nos-actualites\/appel-temoins\" target=\"_blank\" class=\"c-link c-link--is-underlined\" rel=\"nofollow noopener\">appel \u00e0 t\u00e9moignages<\/a> \u00ab\u00a0avec l\u2019espoir que se fassent conna\u00eetre celles et ceux qui auraient \u00e9t\u00e9 victimes d\u2019agressions physiques ou sexuelles \u00e0 Saint-Stanislas ainsi que dans les \u00e9tablissements scolaires de l\u2019enseignement catholique de Loire-Atlantique\u00a0\u00bb.<\/p>\n<p>*En l\u2019absence de proc\u00e8s, les personnes mentionn\u00e9es sont pr\u00e9sum\u00e9es innocentes.<\/p>\n","protected":false},"excerpt":{"rendered":"Vendredi, l\u2019enseignement catholique de Loire-Atlantique a annonc\u00e9 avoir recueilli plusieurs t\u00e9moignages de violences sexuelles au sein du coll\u00e8ge-lyc\u00e9e&hellip;\n","protected":false},"author":2,"featured_media":359988,"comment_status":"","ping_status":"","sticky":false,"template":"","format":"standard","meta":{"footnotes":""},"categories":[2818],"tags":[1111,47,11,1267,1122,16102,12336,1777,674,118,6944,1011,27,3047,766,12,2636,1306,25,240,1265,34347],"class_list":{"0":"post-359987","1":"post","2":"type-post","3":"status-publish","4":"format-standard","5":"has-post-thumbnail","7":"category-nantes","8":"tag-actu","9":"tag-actualite","10":"tag-actualites","11":"tag-agression-sexuelle","12":"tag-ecole","13":"tag-ecole-privee","14":"tag-eglise","15":"tag-eu","16":"tag-europe","17":"tag-faits-divers","18":"tag-faits-divers-nantes","19":"tag-fr","20":"tag-france","21":"tag-loire-atlantique","22":"tag-nantes","23":"tag-news","24":"tag-pays-de-la-loire","25":"tag-regions","26":"tag-republique-francaise","27":"tag-temoignage","28":"tag-viol","29":"tag-violences-sur-mineurs"},"share_on_mastodon":{"url":"https:\/\/pubeurope.com\/@fr\/115132976700383058","error":""},"_links":{"self":[{"href":"https:\/\/www.europesays.com\/fr\/wp-json\/wp\/v2\/posts\/359987","targetHints":{"allow":["GET"]}}],"collection":[{"href":"https:\/\/www.europesays.com\/fr\/wp-json\/wp\/v2\/posts"}],"about":[{"href":"https:\/\/www.europesays.com\/fr\/wp-json\/wp\/v2\/types\/post"}],"author":[{"embeddable":true,"href":"https:\/\/www.europesays.com\/fr\/wp-json\/wp\/v2\/users\/2"}],"replies":[{"embeddable":true,"href":"https:\/\/www.europesays.com\/fr\/wp-json\/wp\/v2\/comments?post=359987"}],"version-history":[{"count":0,"href":"https:\/\/www.europesays.com\/fr\/wp-json\/wp\/v2\/posts\/359987\/revisions"}],"wp:featuredmedia":[{"embeddable":true,"href":"https:\/\/www.europesays.com\/fr\/wp-json\/wp\/v2\/media\/359988"}],"wp:attachment":[{"href":"https:\/\/www.europesays.com\/fr\/wp-json\/wp\/v2\/media?parent=359987"}],"wp:term":[{"taxonomy":"category","embeddable":true,"href":"https:\/\/www.europesays.com\/fr\/wp-json\/wp\/v2\/categories?post=359987"},{"taxonomy":"post_tag","embeddable":true,"href":"https:\/\/www.europesays.com\/fr\/wp-json\/wp\/v2\/tags?post=359987"}],"curies":[{"name":"wp","href":"https:\/\/api.w.org\/{rel}","templated":true}]}}