{"id":359991,"date":"2025-09-02T05:10:10","date_gmt":"2025-09-02T05:10:10","guid":{"rendered":"https:\/\/www.europesays.com\/fr\/359991\/"},"modified":"2025-09-02T05:10:10","modified_gmt":"2025-09-02T05:10:10","slug":"symbole-dun-urbanisme-alternatif-deux-hangars-de-lecosysteme-darwin-sauves-par-la-mairie","status":"publish","type":"post","link":"https:\/\/www.europesays.com\/fr\/359991\/","title":{"rendered":"symbole d\u2019un urbanisme \u00abalternatif\u00bb, deux hangars de l\u2019\u00e9cosyst\u00e8me Darwin sauv\u00e9s par la mairie"},"content":{"rendered":"<p>Longtemps menac\u00e9s de d\u00e9molition au profit de logements sociaux et d\u2019un parking, deux hangars embl\u00e9matiques de Darwin, accueillant un skate-park et une brocante Emma\u00fcs, viennent d\u2019\u00eatre p\u00e9rennis\u00e9s gr\u00e2ce \u00e0 un accord avec la Ville de Bordeaux.<\/p>\n<p class=\"fig-paragraph\">La mairie de\u00a0<a href=\"http:\/\/www.lefigaro.fr\/bordeaux\/on-vient-chercher-un-chien-comme-on-achete-la-salade-au-marche-pres-de-bordeaux-l-organisation-d-un-salon-du-chiot-cree-la-polemique-20250830\" data-fig-type=\"NewsFlash\" data-gtm-custom-categorie=\"navigation\" data-gtm-custom-action=\"crossclick\" data-gtm-custom-label=\"Contextuel\" data-gtm-event=\"customEventSPE\" data-fig-domain=\"LEFIGARO\" rel=\"nofollow noopener\" target=\"_blank\">Bordeaux<\/a>\u00a0franchi une nouvelle \u00e9tape dans son coup de pouce \u00e0 Darwin. Mercredi dernier, le 27 ao\u00fbt, la Ville a sign\u00e9 un bail emphyt\u00e9otique administratif (BEA) de 33 ans avec la Fonci\u00e8re solidaire de\u00a0<a href=\"https:\/\/www.lefigaro.fr\/bordeaux\/bordeaux-l-ecosysteme-darwin-sur-la-rive-droite-pourrait-il-disparaitre-20230608?msockid=258c4318a154643d05395665a0ed65f9\" target=\"_blank\" data-fig-type=\"NewsFlash\" rel=\"sponsored noopener nofollow\" data-gtm-custom-categorie=\"navigation\" data-gtm-custom-action=\"crossclick\" data-gtm-custom-label=\"Contextuel\" data-gtm-event=\"customEventSPE\" data-fig-domain=\"LEFIGARO\">l\u2019\u00e9cosyst\u00e8me<\/a>.<\/p>\n<p class=\"fig-paragraph\">Depuis leur ouverture au public en 2009, les hangars de Darwin, situ\u00e9 sur la rive droite du\u00a0<a href=\"https:\/\/www.lefigaro.fr\/bordeaux\/longtemps-reputee-pour-son-calme-bordeaux-est-elle-vraiment-en-train-de-devenir-un-coupe-gorge-20250423?msockid=258c4318a154643d05395665a0ed65f9\" target=\"_blank\" data-fig-type=\"NewsFlash\" rel=\"sponsored noopener nofollow\" data-gtm-custom-categorie=\"navigation\" data-gtm-custom-action=\"crossclick\" data-gtm-custom-label=\"Contextuel\" data-gtm-event=\"customEventSPE\" data-fig-domain=\"LEFIGARO\">port de la Lune<\/a>, ont accueilli une multitude d\u2019initiatives associatives, culturelles et festives. Parmi elles, un skate-park couvert unique en France, mais aussi une brocante Emma\u00fcs. Devenus le symbole d\u2019un urbanisme \u00abalternatif\u00bb, les deux hangars qui les abritaient \u00e9taient cependant menac\u00e9s par le vaste projet d\u2019am\u00e9nagement de la Bastide qui pr\u00e9voyait de les remplacer par des logements sociaux. \u00abCes espaces, strat\u00e9giquement situ\u00e9s au c\u0153ur de la Bastide en plein d\u00e9veloppement, et au sein de l\u2019\u00c9cosyst\u00e8me sont devenus de v\u00e9ritables communs\u00bb, selon la mairie de Bordeaux.<\/p>\n<p>                                    <a class=\"fig-a11y-skip a11y-hidden\" href=\"#fig-a11y-skip-main-inarticle\"><br \/>\n        Passer la publicit\u00e9<br \/>\n    <\/a><\/p>\n<p class=\"fig-paragraph\">Le plan initial de la ZAC Niel pr\u00e9voyait la destruction de ces entrep\u00f4ts pour y \u00e9riger des immeubles et un parking. Mais leur r\u00f4le dans la vie du quartier, \u00e0 la fois social et culturel, a fini par convaincre la municipalit\u00e9 de les pr\u00e9server. \u00abIls contribuent significativement \u00e0 la dynamique et au lien social du quartier, gr\u00e2ce \u00e0 leurs activit\u00e9s associatives que la Ville et Darwin tiennent \u00e0 pr\u00e9server. Ainsi, les hangars associatifs sont p\u00e9rennis\u00e9s, et les logements sociaux initialement pr\u00e9vus \u00e0 cet emplacement sont repositionn\u00e9s ailleurs dans la ZAC.\u00bb<\/p>\n<p>65% de la surface d\u00e9di\u00e9es aux associations<\/p>\n<p class=\"fig-paragraph\">Fin 2024, Bordeaux a donc d\u00e9cid\u00e9 de racheter ces deux hangars, soit pr\u00e8s de 6000 m\u00b2, aupr\u00e8s de la SAS Bastide Niel. Ce contrat long terme de 33 ans confie donc \u00e0 Darwin la gestion et la r\u00e9novation des lieux. Au moins 65 % des surfaces devront rester d\u00e9di\u00e9es aux associations. Les 35 % pourront accueillir commerces et artisans pour garantir l\u2019\u00e9quilibre financier.<\/p>\n<p class=\"fig-paragraph\">Darwin dispose d\u00e9sormais de trois ans pour engager des travaux de mise aux normes et de r\u00e9novation. Une fois ce d\u00e9lai \u00e9coul\u00e9, l\u2019\u00e9cosyst\u00e8me s\u2019acquittera d\u2019une redevance annuelle de 35.000 euros, avec un point d\u2019\u00e9tape financier pr\u00e9vu tous les dix ans.<\/p>\n","protected":false},"excerpt":{"rendered":"Longtemps menac\u00e9s de d\u00e9molition au profit de logements sociaux et d\u2019un parking, deux hangars embl\u00e9matiques de Darwin, accueillant&hellip;\n","protected":false},"author":2,"featured_media":359992,"comment_status":"","ping_status":"","sticky":false,"template":"","format":"standard","meta":{"footnotes":""},"categories":[2817],"tags":[1111,11,1997,51,1777,674,1011,27,12,2219,25,1352],"class_list":{"0":"post-359991","1":"post","2":"type-post","3":"status-publish","4":"format-standard","5":"has-post-thumbnail","7":"category-bordeaux","8":"tag-actu","9":"tag-actualites","10":"tag-bordeaux","11":"tag-ecologie","12":"tag-eu","13":"tag-europe","14":"tag-fr","15":"tag-france","16":"tag-news","17":"tag-nouvelle-aquitaine","18":"tag-republique-francaise","19":"tag-urbanisme"},"share_on_mastodon":{"url":"https:\/\/pubeurope.com\/@fr\/115132984499714947","error":""},"_links":{"self":[{"href":"https:\/\/www.europesays.com\/fr\/wp-json\/wp\/v2\/posts\/359991","targetHints":{"allow":["GET"]}}],"collection":[{"href":"https:\/\/www.europesays.com\/fr\/wp-json\/wp\/v2\/posts"}],"about":[{"href":"https:\/\/www.europesays.com\/fr\/wp-json\/wp\/v2\/types\/post"}],"author":[{"embeddable":true,"href":"https:\/\/www.europesays.com\/fr\/wp-json\/wp\/v2\/users\/2"}],"replies":[{"embeddable":true,"href":"https:\/\/www.europesays.com\/fr\/wp-json\/wp\/v2\/comments?post=359991"}],"version-history":[{"count":0,"href":"https:\/\/www.europesays.com\/fr\/wp-json\/wp\/v2\/posts\/359991\/revisions"}],"wp:featuredmedia":[{"embeddable":true,"href":"https:\/\/www.europesays.com\/fr\/wp-json\/wp\/v2\/media\/359992"}],"wp:attachment":[{"href":"https:\/\/www.europesays.com\/fr\/wp-json\/wp\/v2\/media?parent=359991"}],"wp:term":[{"taxonomy":"category","embeddable":true,"href":"https:\/\/www.europesays.com\/fr\/wp-json\/wp\/v2\/categories?post=359991"},{"taxonomy":"post_tag","embeddable":true,"href":"https:\/\/www.europesays.com\/fr\/wp-json\/wp\/v2\/tags?post=359991"}],"curies":[{"name":"wp","href":"https:\/\/api.w.org\/{rel}","templated":true}]}}