{"id":359993,"date":"2025-09-02T05:11:12","date_gmt":"2025-09-02T05:11:12","guid":{"rendered":"https:\/\/www.europesays.com\/fr\/359993\/"},"modified":"2025-09-02T05:11:12","modified_gmt":"2025-09-02T05:11:12","slug":"faute-daesh-les-enfants-restent-a-la-maison-lappel-de-reso-hand-family-a-toulouse","status":"publish","type":"post","link":"https:\/\/www.europesays.com\/fr\/359993\/","title":{"rendered":"\u00ab\u00a0Faute d\u2019AESH, les enfants restent \u00e0 la maison\u00a0\u00bb\u00a0: l\u2019appel de Res\u00d4 H\u2019and Family \u00e0 Toulouse"},"content":{"rendered":"<p>\n                                                                    l&rsquo;essentiel<br \/>\n                                                                En Haute-Garonne, de nombreux\u00a0enfants en situation de handicap ne font pas leur rentr\u00e9e scolaire. En cause\u00a0: le manque d\u2019accompagnants d\u2019\u00e9l\u00e8ves en situation de handicap (AESH) et l\u2019absence de places dans les instituts sp\u00e9cialis\u00e9s. Depuis mai\u00a02022, l\u2019association toulousaine Res\u00d4 H\u2019and Family\u00a0accompagne gratuitement une vingtaine de familles par an gr\u00e2ce au soutien des pouvoirs publics.\n                            <\/p>\n<p>Chaque rentr\u00e9e scolaire, en Haute-Garonne, des enfants en situation de handicap ne trouvent pas leur place \u00e0 l\u2019\u00e9cole. \u00c0 Toulouse, l\u2019association Res\u00d4 H\u2019and Family accompagne une vingtaine de familles par an laiss\u00e9es sans solution, faute d\u2019AESH ou d\u2019accueil en \u00e9tablissement sp\u00e9cialis\u00e9.<\/p>\n<p>Rompre l\u2019isolement des familles<\/p>\n<p>\u00ab\u00a0On va accompagner des familles dont les enfants n\u2019ont pas de place \u00e0 l\u2019\u00e9cole parce que leur handicap est trop lourd, ou parce qu\u2019il faudrait une aide humaine qui n\u2019est pas attribu\u00e9e\u00a0\u00bb, explique Marianne Rami, coordinatrice de l\u2019association. R\u00e9sultat\u00a0: certains enfants attendent des semaines, parfois des mois, avant de rejoindre leur classe.<br data-end=\"1980\" data-start=\"1977\"\/><br \/>\n\u00ab\u00a0Il n\u2019y a pas de rentr\u00e9e, ou alors elle est \u00e9chelonn\u00e9e sans qu\u2019on sache quand\u00a0\u00bb, r\u00e9sume-t-elle.<\/p>\n<p class=\"std-elt__inline\">\n        <strong>\u00c0 lire aussi :<\/strong><br \/>\n        <a href=\"https:\/\/www.ladepeche.fr\/2025\/06\/17\/carte-scolaire-2025-en-haute-garonne-152-classes-fermees-a-la-rentree-dont-13-a-toulouse-et-beaucoup-dans-la-peripherie-12768060.php\" rel=\"nofollow noopener\" target=\"_blank\">Carte scolaire 2025 en Haute-Garonne\u00a0: 152 classes ferm\u00e9es \u00e0 la rentr\u00e9e, dont 13 \u00e0 Toulouse et beaucoup dans la p\u00e9riph\u00e9rie<\/a>\n    <\/p>\n<p>Chaque ann\u00e9e, une vingtaine de familles b\u00e9n\u00e9ficient de visites r\u00e9guli\u00e8res \u00e0 domicile\u00a0: \u00ab\u00a0l\u2019id\u00e9e, c\u2019est que malgr\u00e9 l\u2019absence d\u2019\u00e9cole, les familles ne soient pas toutes seules. On les met en lien avec des ludoth\u00e8ques, des associations de parents, tout ce qui peut recr\u00e9er du lien social\u00a0\u00bb, pr\u00e9cise-t-elle.<\/p>\n<p>Une action gratuite et professionnelle<\/p>\n<p>Compos\u00e9e de deux professionnelles, l\u2019association intervient toutes les semaines ou tous les quinze jours directement chez les familles, \u00e9vitant des d\u00e9placements souvent compliqu\u00e9s. \u00ab\u00a0On\u00a0ne demande pas de participation financi\u00e8re, ce qui permet d\u2019accompagner aussi les familles les plus d\u00e9munies\u00a0\u00bb, souligne Marianne Rami.<\/p>\n<p>        <img decoding=\"async\" class=\"std-img__img responsive-img\" src=\"https:\/\/www.europesays.com\/fr\/wp-content\/uploads\/2025\/09\/1756789872_236_image.jpg\" alt=\"Les enfants cr\u00e9ent du lien entre eux.\"\/><\/p>\n<p>                Les enfants cr\u00e9ent du lien entre eux.<br \/>\n                                    Res\u00d4 H&rsquo;and Family<\/p>\n<p>Pour Marianne Rami, la mesure prioritaire serait de renforcer les moyens humains et sp\u00e9cialis\u00e9s. \u00ab\u00a0Il faut d\u00e9velopper la prise en charge en \u00e9tablissement et attribuer davantage d\u2019aides humaines pour que les classes soient moins en souffrance\u00a0\u00bb, plaide-t-elle.<\/p>\n<p class=\"std-elt__inline\">\n        <strong>\u00c0 lire aussi :<\/strong><br \/>\n        <a href=\"https:\/\/www.ladepeche.fr\/2025\/09\/02\/rentree-scolaire-roundnet-lutte-historique-hobby-horse-ces-trois-sports-originaux-sont-a-decouvrir-pres-de-toulouse-12892449.php\" rel=\"nofollow noopener\" target=\"_blank\">Rentr\u00e9e scolaire\u00a0: roundnet, lutte historique, hobby horse\u2026 Ces trois sports originaux sont \u00e0 d\u00e9couvrir pr\u00e8s de Toulouse<\/a>\n    <\/p>\n<p>En attendant, l\u2019association continue son travail de terrain. \u00ab\u00a0Notre objectif, c\u2019est que chaque famille qui nous est adress\u00e9e, puisse \u00eatre soutenue et ne reste jamais seule\u00a0\u00bb, conclut la coordinatrice.<\/p>\n","protected":false},"excerpt":{"rendered":"l&rsquo;essentiel En Haute-Garonne, de nombreux\u00a0enfants en situation de handicap ne font pas leur rentr\u00e9e scolaire. En cause\u00a0: le&hellip;\n","protected":false},"author":2,"featured_media":359994,"comment_status":"","ping_status":"","sticky":false,"template":"","format":"standard","meta":{"footnotes":""},"categories":[2816],"tags":[1111,11,1777,674,1011,27,12,2680,25,2312],"class_list":{"0":"post-359993","1":"post","2":"type-post","3":"status-publish","4":"format-standard","5":"has-post-thumbnail","7":"category-toulouse","8":"tag-actu","9":"tag-actualites","10":"tag-eu","11":"tag-europe","12":"tag-fr","13":"tag-france","14":"tag-news","15":"tag-occitanie","16":"tag-republique-francaise","17":"tag-toulouse"},"share_on_mastodon":{"url":"https:\/\/pubeurope.com\/@fr\/115132988472867110","error":""},"_links":{"self":[{"href":"https:\/\/www.europesays.com\/fr\/wp-json\/wp\/v2\/posts\/359993","targetHints":{"allow":["GET"]}}],"collection":[{"href":"https:\/\/www.europesays.com\/fr\/wp-json\/wp\/v2\/posts"}],"about":[{"href":"https:\/\/www.europesays.com\/fr\/wp-json\/wp\/v2\/types\/post"}],"author":[{"embeddable":true,"href":"https:\/\/www.europesays.com\/fr\/wp-json\/wp\/v2\/users\/2"}],"replies":[{"embeddable":true,"href":"https:\/\/www.europesays.com\/fr\/wp-json\/wp\/v2\/comments?post=359993"}],"version-history":[{"count":0,"href":"https:\/\/www.europesays.com\/fr\/wp-json\/wp\/v2\/posts\/359993\/revisions"}],"wp:featuredmedia":[{"embeddable":true,"href":"https:\/\/www.europesays.com\/fr\/wp-json\/wp\/v2\/media\/359994"}],"wp:attachment":[{"href":"https:\/\/www.europesays.com\/fr\/wp-json\/wp\/v2\/media?parent=359993"}],"wp:term":[{"taxonomy":"category","embeddable":true,"href":"https:\/\/www.europesays.com\/fr\/wp-json\/wp\/v2\/categories?post=359993"},{"taxonomy":"post_tag","embeddable":true,"href":"https:\/\/www.europesays.com\/fr\/wp-json\/wp\/v2\/tags?post=359993"}],"curies":[{"name":"wp","href":"https:\/\/api.w.org\/{rel}","templated":true}]}}