{"id":359997,"date":"2025-09-02T05:13:10","date_gmt":"2025-09-02T05:13:10","guid":{"rendered":"https:\/\/www.europesays.com\/fr\/359997\/"},"modified":"2025-09-02T05:13:10","modified_gmt":"2025-09-02T05:13:10","slug":"lille-cest-quoi-a-s-adventure-nouvelle-enseigne-qui-sinstalle-a-la-place-dhabitat-rue-de-bethune","status":"publish","type":"post","link":"https:\/\/www.europesays.com\/fr\/359997\/","title":{"rendered":"Lille. C&rsquo;est quoi A.S.Adventure, nouvelle enseigne qui s&rsquo;installe \u00e0 la place d&rsquo;Habitat rue de B\u00e9thune\u00a0?"},"content":{"rendered":"<p>            Par<br \/>\n        <strong><br \/>\n            <a href=\"https:\/\/actu.fr\/auteur\/hervine-mahaud\" title=\"Consulter tous les articles de Hervine Mahaud\" target=\"_blank\" rel=\"noopener\">Hervine Mahaud<\/a><br \/>\n        <\/strong><\/p>\n<p>        Publi\u00e9 le<\/p>\n<p>            2 sept. 2025 \u00e0 6h12        <\/p>\n<p>Vous l\u2019avez sans doute vu en passant par cette <b>rue commer\u00e7ante de Lille<\/b>. Un <b>nouveau magasin<\/b> ouvre ses portes ce mardi 2 septembre 2025 au <b>19-22 rue de B\u00e9thune<\/b>, \u00e0 la place d\u2019Habitat. Il s\u2019agit d\u2019<b>A.S.Adventure<\/b>, une enseigne qui installe son concept \u00ab\u00a0<b>outdoor et lifestyle<\/b>\u00a0\u00bb sur <b>1500 m\u00b2<\/b>. Mais que pourra-t-on y trouver ? On vous en dit plus sur ce nouveau venu, qui a choisi la capitale des Flandres pour ouvrir son <b>4\u00e8me magasin en France<\/b>.<\/p>\n<p>De la mode et des \u00e9quipements pour le camping dans un m\u00eame point de vente<\/p>\n<p class=\" wall-content\">Si le nom A.S.Adventure ne vous dit rien, il est pourtant connu en Belgique, pays o\u00f9 l\u2019enseigne est n\u00e9e il y a 30 ans. Apr\u00e8s avoir ouvert des magasins \u00e0 Reims, Bordeaux et Nice, A.S.Adventure poursuit son expansion en France avec son arriv\u00e9e \u00e0 <a href=\"https:\/\/actu.fr\/lille\/\" target=\"_blank\" rel=\"noopener\">Lille<\/a>.<\/p>\n<p class=\" wall-content\">\u00ab\u00a0Le d\u00e9taillant belge y d\u00e9ploiera son concept outdoor et lifestyle bien connu. Le magasin proposera un large \u00e9ventail de d\u00e9partements (<a href=\"https:\/\/actu.fr\/tag\/textile\" target=\"_blank\" rel=\"noopener\">mode<\/a> et lifestyle, outdoor, <a href=\"https:\/\/actu.fr\/tag\/voyage\" target=\"_blank\" rel=\"noopener\">voyage<\/a>, <a href=\"https:\/\/actu.fr\/tag\/camping\" target=\"_blank\" rel=\"noopener\">camping<\/a>, <a href=\"https:\/\/actu.fr\/tag\/ski\" target=\"_blank\" rel=\"noopener\">sports d\u2019hiver<\/a>,\u2026) ainsi qu\u2019une s\u00e9lection de <b>marques premium de qualit\u00e9<\/b>, adapt\u00e9es au march\u00e9 fran\u00e7ais (<b>The North Face, Ayacucho, Patagonia, Columbia, Fjallraven, K-Way, Only, Vero Moda, Levis, Caba\u00efa<\/b>,\u2026)\u00a0\u00bb, indique l\u2019enseigne.\u00a0<\/p>\n<p class=\" wall-content\"><a href=\"https:\/\/www.instagram.com\/p\/DLE5oomumkZ\/embed\" title=\"Ouvrir le lien sur Instagram\" target=\"_blank\" rel=\"noopener\">Visualiser le contenu sur Instagram<\/a><\/p>\n<p class=\" wall-content\">Situ\u00e9 rue de B\u00e9thune, ce <b>nouveau point de vente de 1500 m\u00b2<\/b> promet\u00a0de rester \u00ab\u00a0fid\u00e8le \u00e0 la formule qui fait son succ\u00e8s depuis 30 ans en Belgique et au Luxembourg : une <b>exp\u00e9rience en magasin unique<\/b>, port\u00e9e par des collaborateurs form\u00e9s et passionn\u00e9s qui, en tant que v\u00e9ritables sp\u00e9cialistes des produits, accompagnent chaque client dans le choix de l\u2019\u00e9quipement le plus adapt\u00e9, qu\u2019il s\u2019agisse d\u2019une <b>journ\u00e9e en ville<\/b>, d\u2019une <b>promenade en pleine nature<\/b> ou d\u2019un <b>voyage lointain<\/b>.\u00a0\u00bb<\/p>\n<p>Location et entretien des \u00e9quipements : des services en plus pour faire la diff\u00e9rence<\/p>\n<p class=\" wall-content\">Au-del\u00e0 de son expertise et de son offre, A.S.Adventure met aussi en avant sa d\u00e9marche et ses \u00ab\u00a0services circulaires\u00a0\u00bb. \u00ab\u00a0Concr\u00e8tement, cela signifie que les clients ne viennent pas chez A.S.Adventure uniquement pour acheter des produits, mais peuvent aussi y <b>louer du mat\u00e9riel pour leurs vacances d\u2019hiver et d\u2019\u00e9t\u00e9<\/b>, comme du <b>mat\u00e9riel de camping, des \u00e9quipements de cyclisme et de randonn\u00e9e<\/b> ou encore des <b>v\u00eatements de sports d\u2019hiver<\/b>\u00ab\u00a0, explique le magasin<\/p>\n<p>    <img   decoding=\"async\" loading=\"lazy\" class=\"size-large\" src=\"https:\/\/www.europesays.com\/fr\/wp-content\/uploads\/2025\/09\/eee140e3a5b86d2f140e3a5b8b6f14v-960x640.jpg\" alt=\"AS adventure rue de b\u00e9thune lille\" width=\"960\" height=\"640\"\/><br \/>\n    L\u2019inauguration est pr\u00e9vue pour ce mardi 2 septembre 2025. \u00a9Hervine Mahaud<\/p>\n<p class=\" wall-content\">Avec ses services \u00ab\u00a0Care &amp; Repair\u00a0\u00bb, le d\u00e9taillant propose \u00e9galement son propre <b>service d\u2019entretien, de lavage et de r\u00e9paration de v\u00eatements, chaussures et \u00e9quipements outdoor<\/b>. De quoi prolonger la dur\u00e9e de vie des produits, et leur offrir une seconde vie. Enfin, le magasin propose aussi de reprendre des v\u00eatements et \u00e9quipements que vous n\u2019utilisez plus, <b>en \u00e9change un bon d\u2019achat<\/b>. Une d\u00e9marche gagnante pour tout le monde.<\/p>\n<p class=\" wall-content\">Personnalisez votre actualit\u00e9 en ajoutant vos villes et m\u00e9dias en favori avec <a href=\"https:\/\/moncompte.actu.fr\" title=\"D\u00e9couvez Mon Actu\" rel=\"nofollow noopener\" data-trk=\"{&quot;cta&quot;:{&quot;action&quot;:&quot;https:\\\/\\\/moncompte.actu.fr&quot;,&quot;category&quot;:&quot;mon compte&quot;,&quot;from&quot;:&quot;article footer&quot;,&quot;name&quot;:&quot;Mon actu&quot;,&quot;type&quot;:&quot;cta&quot;}}\" target=\"_blank\">Mon Actu<\/a>.<\/p>\n<p>                    <script async src=\"\/\/www.instagram.com\/embed.js\"><\/script><\/p>\n","protected":false},"excerpt":{"rendered":"Par Hervine Mahaud Publi\u00e9 le 2 sept. 2025 \u00e0 6h12 Vous l\u2019avez sans doute vu en passant par&hellip;\n","protected":false},"author":2,"featured_media":359998,"comment_status":"","ping_status":"","sticky":false,"template":"","format":"standard","meta":{"footnotes":""},"categories":[2815],"tags":[1111,11,33,1777,674,1011,27,811,1307,12,3147,25],"class_list":{"0":"post-359997","1":"post","2":"type-post","3":"status-publish","4":"format-standard","5":"has-post-thumbnail","7":"category-lille","8":"tag-actu","9":"tag-actualites","10":"tag-economie","11":"tag-eu","12":"tag-europe","13":"tag-fr","14":"tag-france","15":"tag-hauts-de-france","16":"tag-lille","17":"tag-news","18":"tag-nouveaux-commerces","19":"tag-republique-francaise"},"share_on_mastodon":{"url":"https:\/\/pubeurope.com\/@fr\/115132996556897047","error":""},"_links":{"self":[{"href":"https:\/\/www.europesays.com\/fr\/wp-json\/wp\/v2\/posts\/359997","targetHints":{"allow":["GET"]}}],"collection":[{"href":"https:\/\/www.europesays.com\/fr\/wp-json\/wp\/v2\/posts"}],"about":[{"href":"https:\/\/www.europesays.com\/fr\/wp-json\/wp\/v2\/types\/post"}],"author":[{"embeddable":true,"href":"https:\/\/www.europesays.com\/fr\/wp-json\/wp\/v2\/users\/2"}],"replies":[{"embeddable":true,"href":"https:\/\/www.europesays.com\/fr\/wp-json\/wp\/v2\/comments?post=359997"}],"version-history":[{"count":0,"href":"https:\/\/www.europesays.com\/fr\/wp-json\/wp\/v2\/posts\/359997\/revisions"}],"wp:featuredmedia":[{"embeddable":true,"href":"https:\/\/www.europesays.com\/fr\/wp-json\/wp\/v2\/media\/359998"}],"wp:attachment":[{"href":"https:\/\/www.europesays.com\/fr\/wp-json\/wp\/v2\/media?parent=359997"}],"wp:term":[{"taxonomy":"category","embeddable":true,"href":"https:\/\/www.europesays.com\/fr\/wp-json\/wp\/v2\/categories?post=359997"},{"taxonomy":"post_tag","embeddable":true,"href":"https:\/\/www.europesays.com\/fr\/wp-json\/wp\/v2\/tags?post=359997"}],"curies":[{"name":"wp","href":"https:\/\/api.w.org\/{rel}","templated":true}]}}