{"id":360006,"date":"2025-09-02T05:18:13","date_gmt":"2025-09-02T05:18:13","guid":{"rendered":"https:\/\/www.europesays.com\/fr\/360006\/"},"modified":"2025-09-02T05:18:13","modified_gmt":"2025-09-02T05:18:13","slug":"la-biennale-de-la-danse-a-lyon-le-passe-de-julien-gosselin-et-affaires-familiales-demilie-rousset-liberation","status":"publish","type":"post","link":"https:\/\/www.europesays.com\/fr\/360006\/","title":{"rendered":"la biennale de la danse \u00e0 Lyon, \u00able Pass\u00e9\u00bb de Julien Gosselin et \u00abAffaires familiales\u00bb d\u2019Emilie Rousset\u2026 \u2013 Lib\u00e9ration"},"content":{"rendered":"<p class=\"sc-ksZaOG ehjQrN text-element\">De l\u2019adaptation de <a href=\"https:\/\/www.liberation.fr\/idees-et-debats\/ovidie-on-nous-eduque-a-devenir-des-mal-baisees-20230312_JK2JRJKIAJGYJGYMGR7DPJEPQY\/\" target=\"_blank\" rel=\"nofollow noopener\" title=\"https:\/\/www.liberation.fr\/idees-et-debats\/ovidie-on-nous-eduque-a-devenir-des-mal-baisees-20230312_JK2JRJKIAJGYJGYMGR7DPJEPQY\/\">La chair est triste h\u00e9las d\u2019<b>Ovidie<\/b><\/a>, avec Anna Mouglalis, au Th\u00e9\u00e2tre de l\u2019Atelier, au troisi\u00e8me volet de la<a href=\"https:\/\/www.liberation.fr\/culture\/scenes\/nos-paysages-mineurs-de-marc-laine-le-train-train-qui-deraille-20211207_VOYYSCK6LNCCBB646QJ3TFWWO4\/\" target=\"_blank\" rel=\"nofollow noopener\" title=\"https:\/\/www.liberation.fr\/culture\/scenes\/nos-paysages-mineurs-de-marc-laine-le-train-train-qui-deraille-20211207_VOYYSCK6LNCCBB646QJ3TFWWO4\/\"> trilogie de Liliane et Paul<\/a> de <b>Marc Lain\u00e9<\/b> au Th\u00e9\u00e2tre des C\u00e9lestins de Lyon, en passant par un grand temps fort consacr\u00e9 \u00e0 <a href=\"https:\/\/www.liberation.fr\/culture\/scenes\/dans-les-trefonds-du-louvre-francois-chaignaud-les-petites-joueuses-et-le-grand-souffle-20241103_ITAE6HSLYJBK5NIS4NZS24XDKA\/\" target=\"_blank\" rel=\"nofollow noopener\" title=\"https:\/\/www.liberation.fr\/culture\/scenes\/dans-les-trefonds-du-louvre-francois-chaignaud-les-petites-joueuses-et-le-grand-souffle-20241103_ITAE6HSLYJBK5NIS4NZS24XDKA\/\"><b>Fran\u00e7ois Chaignaud<\/b><\/a> au festival d\u2019Automne et <a href=\"https:\/\/www.liberation.fr\/culture\/livres\/prix-nobel-de-litterature-jon-fosse-du-sombre-a-la-lumiere-20231005_AZ53NKB7WVCUNEAQU7WXJITR7Y\/\" target=\"_blank\" rel=\"nofollow noopener\" title=\"https:\/\/www.liberation.fr\/culture\/livres\/prix-nobel-de-litterature-jon-fosse-du-sombre-a-la-lumiere-20231005_AZ53NKB7WVCUNEAQU7WXJITR7Y\/\">deux <b>Jon Fosse<\/b><\/a>, \u00e0 la Com\u00e9die-Fran\u00e7aise et au T2G de Gennevilliers, il y en aura pour tous les genres et les go\u00fbts en cette rentr\u00e9e. Nous reviendrons vite et en d\u00e9tail sur les pi\u00e8ces attendues qui s\u2019appr\u00eatent \u00e0 donner leur premi\u00e8re repr\u00e9sentation (Voir clair avec Monique Wittig d\u2019<a href=\"https:\/\/www.liberation.fr\/culture\/cinema\/adele-haenel-la-force-de-lexil-20230509_ZF2WPHYT65FJ5B6O4B5ZUDZ2RI\/\" target=\"_blank\" rel=\"nofollow noopener\" title=\"https:\/\/www.liberation.fr\/culture\/cinema\/adele-haenel-la-force-de-lexil-20230509_ZF2WPHYT65FJ5B6O4B5ZUDZ2RI\/\"><b>Ad\u00e8le Haenel<\/b><\/a> aux Bouffes du Nord, Portrait de Rita de <a href=\"https:\/\/www.liberation.fr\/culture\/scenes\/la-visibilite-des-personnes-trans-au-coeur-du-debat-apres-la-deprogrammation-dune-piece-au-theatre-13-20221213_RFLM76LI7JBNZE4SH76C62HTII\/\" target=\"_blank\" rel=\"nofollow noopener\" title=\"https:\/\/www.liberation.fr\/culture\/scenes\/la-visibilite-des-personnes-trans-au-coeur-du-debat-apres-la-deprogrammation-dune-piece-au-theatre-13-20221213_RFLM76LI7JBNZE4SH76C62HTII\/\"><b>Laure\u0300ne Marx<\/b><\/a> \u00e0 Th\u00e9\u00e2tre ouvert\u2026). En attendant notre (gros) tour de chauffe, Lib\u00e9 vous livre sa s\u00e9lection de festivals \u00e0 venir dans les prochaines semaines et de pi\u00e8ces d\u00e9j\u00e0 aim\u00e9es et chroniqu\u00e9es dans nos pages.<\/p>\n<p class=\"sc-ksZaOG ehjQrN text-element\">La 21e \u00e9dition de la Biennale de la danse \u00e0 Lyon se tient du 6 au 28 septembre avec quarante spectacles dont vingt-quatre cr\u00e9ations. Parmi elles, celles de Lia Rodrigues, Fran\u00e7ois Chaignaud, Marco Da Silva Ferreira, Doroth\u00e9e Munyaneza ou Christian Rizzo. A retrouver aussi des spectacles cultes, comme Crowd de Gis\u00e8le Vienne (les 11, 12 et 13 septembre aux Grandes Locos en partenariat avec le Centre Pompidou), et cette ann\u00e9e un nouvel espace de d\u00e9bats et de performance, Forum, o\u00f9 cinq curateurs extra-europ\u00e9ens aborderont des th\u00e9matiques soci\u00e9tales et \u00e9cologiques. Rens : <a href=\"https:\/\/www.labiennaledelyon.com\/\" target=\"_blank\" rel=\"noreferrer nofollow noopener\" title=\"https:\/\/www.labiennaledelyon.com\/\">labiennaledelyon.com<\/a><\/p>\n<p class=\"sc-ksZaOG ehjQrN text-element\">Pendant plus de quatre heures, le spectacle accumule les artefacts anciens \u2013 costumes d\u2019\u00e9poques, rampe de bougies, portes qui claquent, auxquelles se superposent les techniques de Gosselin : la vid\u00e9o en direct, la musique live. Le spectacle le d\u00e9ploie autour d\u2019une \u0153uvre m\u00e9connue, celle de L\u00e9onid Andre\u00efev, \u00e9crivain russe mort en 1919 apr\u00e8s maintes tentatives de suicide. <a href=\"https:\/\/www.liberation.fr\/culture\/du-passe-faisons-table-rase-20211205_YDVNXNEJZBD7TJBXFMVME6XXXU\/\" target=\"_blank\" rel=\"nofollow noopener\" title=\"https:\/\/www.liberation.fr\/culture\/du-passe-faisons-table-rase-20211205_YDVNXNEJZBD7TJBXFMVME6XXXU\/\">Notre critique<\/a>.<\/p>\n<p class=\"sc-ksZaOG ehjQrN text-element\">La journaliste Elodie Emery \u00e9voque les scandales sexuel et financier au sommet de la doctrine tib\u00e9taine, qu\u2019elle a d\u00e9couverts et d\u00e9voil\u00e9s dans le cadre d\u2019enqu\u00eates journalistiques retentissantes. <a href=\"https:\/\/www.liberation.fr\/culture\/scenes\/ceci-nest-pas-une-religion-un-seul-en-scene-dans-la-part-cachee-du-bouddhisme-20250331_SYKEXOTLIFB4JEHULH2YNWAGM4\/?redirected=1\" target=\"_blank\" rel=\"nofollow noopener\" title=\"https:\/\/www.liberation.fr\/culture\/scenes\/ceci-nest-pas-une-religion-un-seul-en-scene-dans-la-part-cachee-du-bouddhisme-20250331_SYKEXOTLIFB4JEHULH2YNWAGM4\/?redirected=1\">Notre critique<\/a>.<\/p>\n<p class=\"sc-ksZaOG ehjQrN text-element\">Dans une nouvelle pi\u00e8ce poignante, la directrice du TNS tisse un conte autour du lien entre une m\u00e8re malade et sa fille qui lui sert d\u2019interpr\u00e8te, incarn\u00e9es par deux formidables actrices amatrices. <a href=\"https:\/\/www.liberation.fr\/culture\/valentina-de-caroline-guiela-nguyen-langage-damour-20250604_5YQ67MOOQBGMDNGJTJLELRCAXQ\/\" target=\"_blank\" rel=\"nofollow noopener\" title=\"https:\/\/www.liberation.fr\/culture\/valentina-de-caroline-guiela-nguyen-langage-damour-20250604_5YQ67MOOQBGMDNGJTJLELRCAXQ\/\">Notre critique.<\/a><\/p>\n<p class=\"sc-ksZaOG ehjQrN text-element\">Elsa Granat explose le classique fataliste d\u2019Anton Tchekhov, y injectant justesse et compassion dans une mise en sc\u00e8ne puissante. <a href=\"https:\/\/www.liberation.fr\/culture\/adaptation-de-tchekhov-la-comedie-francaise-nen-perd-pas-une-mouette-20250428_MD6Q6WVBINDUBE6H4MHRPHYAT4\/\" target=\"_blank\" rel=\"nofollow noopener\" title=\"https:\/\/www.liberation.fr\/culture\/adaptation-de-tchekhov-la-comedie-francaise-nen-perd-pas-une-mouette-20250428_MD6Q6WVBINDUBE6H4MHRPHYAT4\/\">Notre critique<\/a>.<\/p>\n<p class=\"sc-ksZaOG ehjQrN text-element\">Divorce, GPA, violences familiales\u2026 Dans un savant dispositif jouant du d\u00e9calage entre les t\u00e9moignages r\u00e9colt\u00e9s aupr\u00e8s d\u2019avocates ou de justiciables et leur repr\u00e9sentation sur le plateau, la metteuse en sc\u00e8ne s\u2019interroge sur l\u2019impact du droit sur nos vies intimes. <a href=\"https:\/\/www.liberation.fr\/culture\/festival-davignon-affaires-familiales-demilie-rousset-ballet-de-justice-20250710_GPYYLJTY6NADHEFOLZZ67Q2D24\/\" target=\"_blank\" rel=\"nofollow noopener\" title=\"https:\/\/www.liberation.fr\/culture\/festival-davignon-affaires-familiales-demilie-rousset-ballet-de-justice-20250710_GPYYLJTY6NADHEFOLZZ67Q2D24\/\">Notre critique lors du festival d\u2019Avignon<\/a>.<\/p>\n<p class=\"sc-ksZaOG ehjQrN text-element\">Jouant avec les archives, la metteuse en sc\u00e8ne et ses jeunes com\u00e9diens s\u2019emparent de l\u2019histoire du Festival d\u2019Avignon dans une dr\u00f4le de pi\u00e8ce, truff\u00e9e de r\u00e9f\u00e9rences artistiques, jamais excluante. <a href=\"https:\/\/www.liberation.fr\/culture\/avignon-une-ecole-histoire-vive-du-theatre-20240711_QWF2HXRJXJCTLBJOCXB6OGA7GY\/\" target=\"_blank\" rel=\"nofollow noopener\" title=\"https:\/\/www.liberation.fr\/culture\/avignon-une-ecole-histoire-vive-du-theatre-20240711_QWF2HXRJXJCTLBJOCXB6OGA7GY\/\">Notre critique<\/a>, lors du festival d\u2019Avignon 2024.<\/p>\n<p class=\"sc-ksZaOG ehjQrN text-element\">Pour sa premi\u00e8re cr\u00e9ation au Festival, la compagnie franco-catalane fait r\u00e9sonner rires fous, \u00e9nergie politique et beaut\u00e9 formelle, avec parfois un air de d\u00e9j\u00e0-vu. <a href=\"https:\/\/www.liberation.fr\/culture\/festival-davignon-qui-som-de-la-compagnie-baro-devel-un-peu-barre-20240704_QIBHLO4EGJBOFDCOLV3SZE46OA\/\" target=\"_blank\" rel=\"nofollow noopener\" title=\"https:\/\/www.liberation.fr\/culture\/festival-davignon-qui-som-de-la-compagnie-baro-devel-un-peu-barre-20240704_QIBHLO4EGJBOFDCOLV3SZE46OA\/\">Notre critique<\/a>.<\/p>\n<p class=\"sc-ksZaOG ehjQrN text-element\">Les viols, les combats, puis l\u2019invisibilisation dans l\u2019histoire officielle\u2026 Les engag\u00e9es volontaires sovi\u00e9tiques de la Seconde Guerre mondiale sortent de l\u2019ombre au Printemps des com\u00e9diens \u00e0 Montpellier, o\u00f9 les non-dits deviennent criants. <a href=\"https:\/\/www.liberation.fr\/culture\/la-guerre-na-pas-un-visage-de-femme-larmes-rouges-20250601_XNDUTVER2RHMJIZAG4TJPTJWJY\/\" target=\"_blank\" rel=\"nofollow noopener\" title=\"https:\/\/www.liberation.fr\/culture\/la-guerre-na-pas-un-visage-de-femme-larmes-rouges-20250601_XNDUTVER2RHMJIZAG4TJPTJWJY\/\">Un spectacle vibrant qui r\u00e9sonne avec l\u2019actualit\u00e9 ukrainienne<\/a>.<\/p>\n<p class=\"sc-ksZaOG ehjQrN text-element\">Pour sa premi\u00e8re mise en sc\u00e8ne, l\u2019autrice met en abyme le processus d\u2019\u00e9criture \u00e0 quatre, avec ses difficult\u00e9s, \u00e0 l\u2019origine de cette cr\u00e9ation. Une ode \u00e0 la force des vuln\u00e9rabilit\u00e9s coalis\u00e9es. <a href=\"https:\/\/www.liberation.fr\/culture\/scenes\/woke-le-chemin-de-joie-de-virginie-despentes-20240310_5LXAIDV7CVCOLA3JYHZSYAM3NU\/\" target=\"_blank\" rel=\"nofollow noopener\" title=\"https:\/\/www.liberation.fr\/culture\/scenes\/woke-le-chemin-de-joie-de-virginie-despentes-20240310_5LXAIDV7CVCOLA3JYHZSYAM3NU\/\">Notre reportage lors des r\u00e9p\u00e9titions<\/a>.<\/p>\n<p class=\"sc-ksZaOG ehjQrN text-element\">Simon tombe par hasard sur un vieil appareil photo jetable dont le propri\u00e9taire vivait en RDA\u2026 Quelles photos peut-il bien contenir ? Quelle vie se cache dans cette bo\u00eete noire en carton ? Quatre amis vont tenter de retracer la vie de ceux qui \u00e9taient devant et derri\u00e8re l\u2019objectif, et se faire un film. Cette pi\u00e8ce de Blanche Adilon-Lonardoni avait \u00e9t\u00e9 rep\u00e9r\u00e9e au printemps au festival WET du CDN de Tours consacr\u00e9 \u00e0 la toute jeune cr\u00e9ation. Elle sera cette fois montr\u00e9e \u00e0 Paris dans le cadre du festival Spot du th\u00e9\u00e2tre Paris Villette. On pourra aussi y voir G\u00e9n\u00e9ration Mitterrand <a href=\"https:\/\/www.liberation.fr\/culture\/scenes\/leo-cohen-paperman-la-representation-des-presidents-est-une-formidable-base-pour-inventer-un-theatre-politique-et-populaire-20240620_4VLPPTFGVNEA3JNRPMI7NFP5EI\/\" target=\"_blank\" rel=\"nofollow noopener\" title=\"https:\/\/www.liberation.fr\/culture\/scenes\/leo-cohen-paperman-la-representation-des-presidents-est-une-formidable-base-pour-inventer-un-theatre-politique-et-populaire-20240620_4VLPPTFGVNEA3JNRPMI7NFP5EI\/\">de la s\u00e9rie de L\u00e9o Cohen-Paperman Huit rois (nos pr\u00e9sidents)<\/a>.<\/p>\n<p class=\"sc-ksZaOG ehjQrN text-element\"><b>C\u2018est ici pour<\/b> <a href=\"https:\/\/www.liberation.fr\/selections-culture\/\" rel=\"nofollow noopener\" title=\"https:\/\/www.liberation.fr\/selections-culture\/\" target=\"_blank\">retrouver l\u2019ensemble de nos s\u00e9lections<\/a><b> expositions, cin\u00e9 le mercredi, musique et s\u00e9ries. Ainsi que le Top 10 de la semaine le samedi. Tout ce qui nous a plu (et parfois d\u00e9plu) dans l\u2019actualit\u00e9 de la culture.<\/b><\/p>\n","protected":false},"excerpt":{"rendered":"De l\u2019adaptation de La chair est triste h\u00e9las d\u2019Ovidie, avec Anna Mouglalis, au Th\u00e9\u00e2tre de l\u2019Atelier, au troisi\u00e8me&hellip;\n","protected":false},"author":2,"featured_media":360007,"comment_status":"","ping_status":"","sticky":false,"template":"","format":"standard","meta":{"footnotes":""},"categories":[1889],"tags":[1111,11,2430,1777,674,1011,27,2428,12,25,49552],"class_list":{"0":"post-360006","1":"post","2":"type-post","3":"status-publish","4":"format-standard","5":"has-post-thumbnail","7":"category-lyon","8":"tag-actu","9":"tag-actualites","10":"tag-auvergne-rhone-alpes","11":"tag-eu","12":"tag-europe","13":"tag-fr","14":"tag-france","15":"tag-lyon","16":"tag-news","17":"tag-republique-francaise","18":"tag-sorties-theatre-danse"},"share_on_mastodon":{"url":"https:\/\/pubeurope.com\/@fr\/115133016014021128","error":""},"_links":{"self":[{"href":"https:\/\/www.europesays.com\/fr\/wp-json\/wp\/v2\/posts\/360006","targetHints":{"allow":["GET"]}}],"collection":[{"href":"https:\/\/www.europesays.com\/fr\/wp-json\/wp\/v2\/posts"}],"about":[{"href":"https:\/\/www.europesays.com\/fr\/wp-json\/wp\/v2\/types\/post"}],"author":[{"embeddable":true,"href":"https:\/\/www.europesays.com\/fr\/wp-json\/wp\/v2\/users\/2"}],"replies":[{"embeddable":true,"href":"https:\/\/www.europesays.com\/fr\/wp-json\/wp\/v2\/comments?post=360006"}],"version-history":[{"count":0,"href":"https:\/\/www.europesays.com\/fr\/wp-json\/wp\/v2\/posts\/360006\/revisions"}],"wp:featuredmedia":[{"embeddable":true,"href":"https:\/\/www.europesays.com\/fr\/wp-json\/wp\/v2\/media\/360007"}],"wp:attachment":[{"href":"https:\/\/www.europesays.com\/fr\/wp-json\/wp\/v2\/media?parent=360006"}],"wp:term":[{"taxonomy":"category","embeddable":true,"href":"https:\/\/www.europesays.com\/fr\/wp-json\/wp\/v2\/categories?post=360006"},{"taxonomy":"post_tag","embeddable":true,"href":"https:\/\/www.europesays.com\/fr\/wp-json\/wp\/v2\/tags?post=360006"}],"curies":[{"name":"wp","href":"https:\/\/api.w.org\/{rel}","templated":true}]}}