{"id":360008,"date":"2025-09-02T05:19:17","date_gmt":"2025-09-02T05:19:17","guid":{"rendered":"https:\/\/www.europesays.com\/fr\/360008\/"},"modified":"2025-09-02T05:19:17","modified_gmt":"2025-09-02T05:19:17","slug":"fortes-pluies-inondations-paris-et-lile-de-france-sont-ils-concernes","status":"publish","type":"post","link":"https:\/\/www.europesays.com\/fr\/360008\/","title":{"rendered":"fortes pluies, inondations&#8230; Paris et l&rsquo;\u00cele-de-France sont-ils concern\u00e9s\u00a0?"},"content":{"rendered":"<p>            Par<br \/>\n        <strong><br \/>\n            <a href=\"https:\/\/actu.fr\/auteur\/redaction-paris\" title=\"Consulter tous les articles de R\u00e9daction Paris\" target=\"_blank\" rel=\"noopener\">R\u00e9daction Paris<\/a><br \/>\n        <\/strong><\/p>\n<p>        Publi\u00e9 le<\/p>\n<p>            23 janv. 2025 \u00e0 18h27        <\/p>\n<p>La temp\u00eate approche les c\u00f4tes fran\u00e7aises apr\u00e8s avoir touch\u00e9 celles du Royaume-Uni. La journ\u00e9e de vendredi 24\u00a0janvier 2025 s\u2019annonce aussi pluvieuse que venteuse. Et pour cause, <a href=\"https:\/\/actu.fr\/meteo\/tempete-eowyn-une-quinzaine-de-departements-en-vigilance-pour-vents-violents-ce-vendredi-les-previsions_62157850.html\" target=\"_blank\" rel=\"noopener\">la temp\u00eate \u00c9owyn<\/a> arrive droit sur l\u2019Hexagone avec <strong>ses rafales allant jusqu\u2019\u00e0 200\u00a0km\/h.<\/strong><\/p>\n<p class=\" wall-content\">\u00ab\u2009Des pluies mod\u00e9r\u00e9es mais durables sont attendues entre vendredi matin et samedi matin sur le Nord-Ouest du territoire\u2009\u00bb, indique le dernier bulletin de <a href=\"https:\/\/vigilance.meteofrance.fr\/fr\/demain\" target=\"_blank\" rel=\"noopener\">M\u00e9t\u00e9o-France<\/a>, publi\u00e9 ce jeudi 23\u00a0janvier 2025 en fin de journ\u00e9e. \u00ab\u2009Les plus forts cumuls de pr\u00e9cipitations seront atteints durant la nuit de vendredi \u00e0 samedi, leur localisation restent \u00e0 affiner d\u2019o\u00f9 un maintien en <strong>vigilance jaune<\/strong> \u2018pluie-inondation\u2019.\u2009\u00bb<\/p>\n<p>Plus de 30 d\u00e9partements en vigilance<\/p>\n<p class=\" wall-content\">En milieu d\u2019apr\u00e8s-midi, M\u00e9t\u00e9o France avait plac\u00e9 29 d\u00e9partements en vigilance jaune pour diff\u00e9rents risques\u2009: crues, avalanches, pluie-inondation et vent. Vers 18h ce jeudi, pas moins de<strong> 32 d\u00e9partements \u00e9taient concern\u00e9s.<\/strong><\/p>\n<p class=\" wall-content\">L\u2019agence m\u00e9t\u00e9orologique a marqu\u00e9 tout le quart Nord-Ouest de jaune ainsi qu\u2019une partie du Sud est et la Corse ainsi que le Haut-Rhin et les Pyr\u00e9n\u00e9es-Atlantiques.<\/p>\n<p class=\" wall-content\">En r\u00e9gion parisienne, les Yvelines et le Val-d\u2019Oise font partie des territoires plac\u00e9s sous la vigilance jaune de M\u00e9t\u00e9o-France pour des risques de <strong>pluie-inondation<\/strong>. Pour l\u2019instant, Paris, les Hauts-de-Seine, la Seine-Saint-Denis et le Val-de-Marne semblent encore \u00e9pargn\u00e9s par la temp\u00eate. Le mauvais temps ne sera en revanche pas \u00e9vit\u00e9.<\/p>\n<p class=\" wall-content\">Personnalisez votre actualit\u00e9 en ajoutant vos villes et m\u00e9dias en favori avec <a href=\"https:\/\/moncompte.actu.fr\" title=\"D\u00e9couvez Mon Actu\" rel=\"nofollow noopener\" data-trk=\"{&quot;cta&quot;:{&quot;action&quot;:&quot;https:\\\/\\\/moncompte.actu.fr&quot;,&quot;category&quot;:&quot;mon compte&quot;,&quot;from&quot;:&quot;article footer&quot;,&quot;name&quot;:&quot;Mon actu&quot;,&quot;type&quot;:&quot;cta&quot;}}\" target=\"_blank\">Mon Actu<\/a>.<\/p>\n","protected":false},"excerpt":{"rendered":"Par R\u00e9daction Paris Publi\u00e9 le 23 janv. 2025 \u00e0 18h27 La temp\u00eate approche les c\u00f4tes fran\u00e7aises apr\u00e8s avoir&hellip;\n","protected":false},"author":2,"featured_media":360009,"comment_status":"","ping_status":"","sticky":false,"template":"","format":"standard","meta":{"footnotes":""},"categories":[1592],"tags":[1111,11,1777,674,1011,27,662,3059,2357,12,626,25,104],"class_list":{"0":"post-360008","1":"post","2":"type-post","3":"status-publish","4":"format-standard","5":"has-post-thumbnail","7":"category-ile-de-france","8":"tag-actu","9":"tag-actualites","10":"tag-eu","11":"tag-europe","12":"tag-fr","13":"tag-france","14":"tag-ile-de-france","15":"tag-intemperies","16":"tag-meteo-france","17":"tag-news","18":"tag-paris","19":"tag-republique-francaise","20":"tag-societe"},"share_on_mastodon":{"url":"https:\/\/pubeurope.com\/@fr\/115133019927776819","error":""},"_links":{"self":[{"href":"https:\/\/www.europesays.com\/fr\/wp-json\/wp\/v2\/posts\/360008","targetHints":{"allow":["GET"]}}],"collection":[{"href":"https:\/\/www.europesays.com\/fr\/wp-json\/wp\/v2\/posts"}],"about":[{"href":"https:\/\/www.europesays.com\/fr\/wp-json\/wp\/v2\/types\/post"}],"author":[{"embeddable":true,"href":"https:\/\/www.europesays.com\/fr\/wp-json\/wp\/v2\/users\/2"}],"replies":[{"embeddable":true,"href":"https:\/\/www.europesays.com\/fr\/wp-json\/wp\/v2\/comments?post=360008"}],"version-history":[{"count":0,"href":"https:\/\/www.europesays.com\/fr\/wp-json\/wp\/v2\/posts\/360008\/revisions"}],"wp:featuredmedia":[{"embeddable":true,"href":"https:\/\/www.europesays.com\/fr\/wp-json\/wp\/v2\/media\/360009"}],"wp:attachment":[{"href":"https:\/\/www.europesays.com\/fr\/wp-json\/wp\/v2\/media?parent=360008"}],"wp:term":[{"taxonomy":"category","embeddable":true,"href":"https:\/\/www.europesays.com\/fr\/wp-json\/wp\/v2\/categories?post=360008"},{"taxonomy":"post_tag","embeddable":true,"href":"https:\/\/www.europesays.com\/fr\/wp-json\/wp\/v2\/tags?post=360008"}],"curies":[{"name":"wp","href":"https:\/\/api.w.org\/{rel}","templated":true}]}}