{"id":360011,"date":"2025-09-02T05:21:10","date_gmt":"2025-09-02T05:21:10","guid":{"rendered":"https:\/\/www.europesays.com\/fr\/360011\/"},"modified":"2025-09-02T05:21:10","modified_gmt":"2025-09-02T05:21:10","slug":"a-paris-des-logements-sociaux-dans-le-triangle-dor-les-travaux-vont-enfin-commencer","status":"publish","type":"post","link":"https:\/\/www.europesays.com\/fr\/360011\/","title":{"rendered":"\u00c0 Paris, des logements sociaux dans le Triangle d\u2019Or\u00a0: les travaux vont (enfin) commencer"},"content":{"rendered":"<p class=\"paragraph text_align_left lp-f-body-02\">Des agents de s\u00e9curit\u00e9 sont post\u00e9s aux entr\u00e9es de boutiques de luxe. Il y a le pr\u00eat-\u00e0-porter italien Zegna et la marque chinoise haut de gamme Icicle. Le long de l\u2019avenue George-V (<a href=\"https:\/\/www.leparisien.fr\/paris-75\/paris-75008\/\" target=\"_self\" rel=\"nofollow noopener\">VIIIe<\/a>) se succ\u00e8dent les taxis aux vitres teint\u00e9es. Dans les art\u00e8res adjacentes, se trouvent un studio de yoga, une \u00e9cole de luxe, mode et beaut\u00e9 ou encore l\u2019h\u00f4tel Fran\u00e7ois Ier (4 \u00e9toiles). C\u2019est dans ce quartier, qu\u2019un immeuble haussmannien entame sa r\u00e9habilitation afin d\u2019y accueillir, en partie, des logements sociaux.<\/p>\n<p class=\"paragraph text_align_left lp-f-body-02\">Le <a href=\"https:\/\/www.leparisien.fr\/paris-75\/paris-23-logements-sociaux-grand-genre-a-deux-pas-des-champs-elysees-05-10-2023-RMIYJZ3HNNF5LH5REZM7MJNJWM.php\" target=\"_blank\" rel=\"noreferrer nofollow noopener\">37, avenue George-V<\/a>, situ\u00e9 \u00e0 l\u2019angle de la rue Quentin-Bauchart dans <a href=\"https:\/\/www.leparisien.fr\/paris-75\/paris-qui-est-le-fantome-du-triangle-dor-dont-un-des-immeubles-est-mis-aux-encheres-a-43-millions-deuros-06-02-2025-DS452KRDBZCRLPP7NWRPUSDQRY.php\" target=\"_self\" rel=\"nofollow noopener\">le Triangle d\u2019or<\/a>, est barricad\u00e9 de palissades. Voisin direct du <a href=\"https:\/\/www.leparisien.fr\/paris-75\/paris-le-prince-de-galle-souffle-ses-90-bougies-avec-une-suite-a-18-000-euros-la-nuit-25-11-2019-8201577.php\" target=\"_blank\" rel=\"noreferrer nofollow noopener\">Prince de Galles (5 \u00e9toiles)<\/a>, le b\u00e2timent \u00e9difi\u00e9 \u00e0 la fin du XIXe fait l\u2019objet de sondages g\u00e9otechniques. Sa pr\u00e9c\u00e9dente r\u00e9novation pour en faire des nouveaux bureaux ayant \u00e9t\u00e9 interrompue, il est inoccup\u00e9 depuis une vingtaine d\u2019ann\u00e9es.<\/p>\n","protected":false},"excerpt":{"rendered":"Des agents de s\u00e9curit\u00e9 sont post\u00e9s aux entr\u00e9es de boutiques de luxe. Il y a le pr\u00eat-\u00e0-porter italien&hellip;\n","protected":false},"author":2,"featured_media":360012,"comment_status":"","ping_status":"","sticky":false,"template":"","format":"standard","meta":{"footnotes":""},"categories":[1888],"tags":[1111,1928,11,1927,1777,674,1011,27,1116,1944,12,1926,626,1925,25],"class_list":{"0":"post-360011","1":"post","2":"type-post","3":"status-publish","4":"format-standard","5":"has-post-thumbnail","7":"category-paris","8":"tag-actu","9":"tag-actu-paris","10":"tag-actualites","11":"tag-actualites-paris","12":"tag-eu","13":"tag-europe","14":"tag-fr","15":"tag-france","16":"tag-immobilier","17":"tag-ma-ville","18":"tag-news","19":"tag-news-paris","20":"tag-paris","21":"tag-paris-news","22":"tag-republique-francaise"},"share_on_mastodon":{"url":"https:\/\/pubeurope.com\/@fr\/115133027692164768","error":""},"_links":{"self":[{"href":"https:\/\/www.europesays.com\/fr\/wp-json\/wp\/v2\/posts\/360011","targetHints":{"allow":["GET"]}}],"collection":[{"href":"https:\/\/www.europesays.com\/fr\/wp-json\/wp\/v2\/posts"}],"about":[{"href":"https:\/\/www.europesays.com\/fr\/wp-json\/wp\/v2\/types\/post"}],"author":[{"embeddable":true,"href":"https:\/\/www.europesays.com\/fr\/wp-json\/wp\/v2\/users\/2"}],"replies":[{"embeddable":true,"href":"https:\/\/www.europesays.com\/fr\/wp-json\/wp\/v2\/comments?post=360011"}],"version-history":[{"count":0,"href":"https:\/\/www.europesays.com\/fr\/wp-json\/wp\/v2\/posts\/360011\/revisions"}],"wp:featuredmedia":[{"embeddable":true,"href":"https:\/\/www.europesays.com\/fr\/wp-json\/wp\/v2\/media\/360012"}],"wp:attachment":[{"href":"https:\/\/www.europesays.com\/fr\/wp-json\/wp\/v2\/media?parent=360011"}],"wp:term":[{"taxonomy":"category","embeddable":true,"href":"https:\/\/www.europesays.com\/fr\/wp-json\/wp\/v2\/categories?post=360011"},{"taxonomy":"post_tag","embeddable":true,"href":"https:\/\/www.europesays.com\/fr\/wp-json\/wp\/v2\/tags?post=360011"}],"curies":[{"name":"wp","href":"https:\/\/api.w.org\/{rel}","templated":true}]}}