{"id":360013,"date":"2025-09-02T05:22:13","date_gmt":"2025-09-02T05:22:13","guid":{"rendered":"https:\/\/www.europesays.com\/fr\/360013\/"},"modified":"2025-09-02T05:22:13","modified_gmt":"2025-09-02T05:22:13","slug":"a-ce-moment-je-perds-completement-les-pedales-la-derive-sanglante-dun-policier-jaloux-et-impulsif-aux-assises","status":"publish","type":"post","link":"https:\/\/www.europesays.com\/fr\/360013\/","title":{"rendered":"\u00ab A ce moment, je perds compl\u00e8tement les p\u00e9dales \u00bb\u2026 La d\u00e9rive sanglante d\u2019un policier jaloux et impulsif aux assises"},"content":{"rendered":"<p class=\"mb-4 text-lg md:leading-8 break-words\"><strong>proces &#8211; La cour d\u2019assises de Paris juge \u00e0 partir de ce mardi l\u2019ex-policier Arnaud Bonnefoy, arr\u00eat\u00e9 d\u00e9but 2022 apr\u00e8s trois semaines de cavale, pour le meurtre de sa compagne Amanda Glain dans le nord-est de la capitale<\/strong><\/p>\n<p class=\"mb-4 text-lg md:leading-8 break-words\">Sur la photo, post\u00e9e par sa m\u00e8re sur Facebook, elle pose souriante devant le <a href=\"https:\/\/www.20minutes.fr\/dossier\/chateau_de_versailles?at_medium=RSS%20feed&amp;at_campaign=ynews&amp;utm_source=yahoo&amp;utm_medium=rss&amp;utm_campaign=news_feed&amp;utm_content=in_article_link\" rel=\"nofollow noopener\" target=\"_blank\" data-ylk=\"slk:ch\u00e2teau de Versailles;elm:context_link;itc:0;sec:content-canvas\" class=\"link \">ch\u00e2teau de Versailles<\/a>. De longs cheveux blonds, des yeux bleus, un manteau noir, une \u00e9charpe blanche nou\u00e9e autour du cou. La jeune femme s\u2019amuse en pointant du doigt l\u2019objectif de l\u2019appareil photo. Originaire des Clayes-sous-Bois, dans les <a href=\"https:\/\/www.20minutes.fr\/societe\/yvelines\/?at_medium=RSS%20feed&amp;at_campaign=ynews&amp;utm_source=yahoo&amp;utm_medium=rss&amp;utm_campaign=news_feed&amp;utm_content=in_article_link\" rel=\"nofollow noopener\" target=\"_blank\" data-ylk=\"slk:Yvelines;elm:context_link;itc:0;sec:content-canvas\" class=\"link \">Yvelines<\/a>, Amanda, 28 ans, \u00e9tait \u00ab une personne exceptionnelle, une jeune femme libre, empathique, bienveillante, ind\u00e9pendante et artiste de talent \u00bb, a soulign\u00e9 sa famille dans un communiqu\u00e9 publi\u00e9 en f\u00e9vrier 2022, quelques jours apr\u00e8s sa mort. Le principal suspect, <a href=\"https:\/\/www.20minutes.fr\/faits_divers\/3228995-20220203-feminicide-paris-pourquoi-photo-policier-recherche-diffusee?at_medium=RSS%20feed&amp;at_campaign=ynews&amp;utm_source=yahoo&amp;utm_medium=rss&amp;utm_campaign=news_feed&amp;utm_content=in_article_link\" rel=\"nofollow noopener\" target=\"_blank\" data-ylk=\"slk:Arnaud Bonnefoy, est policier;elm:context_link;itc:0;sec:content-canvas\" class=\"link \">Arnaud Bonnefoy, est policier<\/a>. Et il n\u2019est autre que son compagnon. \u00c2g\u00e9 aujourd\u2019hui de 33 ans, il compara\u00eet <a href=\"https:\/\/www.20minutes.fr\/justice\/4115690-20241015-paris-ex-policier-cavale-arnaud-bonnefoy-juge-assises-meurtre-compagne?at_medium=RSS%20feed&amp;at_campaign=ynews&amp;utm_source=yahoo&amp;utm_medium=rss&amp;utm_campaign=news_feed&amp;utm_content=in_article_link\" rel=\"nofollow noopener\" target=\"_blank\" data-ylk=\"slk:\u00e0 partir de ce mardi devant la cour d\u2019assises de Paris;elm:context_link;itc:0;sec:content-canvas\" class=\"link \">\u00e0 partir de ce mardi devant la cour d\u2019assises de Paris<\/a>. Il encourt la r\u00e9clusion criminelle \u00e0 perp\u00e9tuit\u00e9.<\/p>\n<p class=\"mb-4 text-lg md:leading-8 break-words\">Les faits remontent au 28 janvier 2022. Ce jour-l\u00e0, le gardien de la paix, qui travaille au Blanc-Mesnil (Seine-Saint-Denis), appelle son service pour pr\u00e9venir de son absence. Imm\u00e9diatement, ses coll\u00e8gues s\u2019inqui\u00e8tent. Il faut dire que le jeune homme, originaire de Marseille, est connu pour \u00eatre fragile psychologiquement. Sa hi\u00e9rarchie, craignant qu\u2019il tente de se faire du mal, alerte les fonctionnaires du 19e arrondissement de Paris pour qu\u2019ils se rendent chez lui, rue David d\u2019Angers. Arriv\u00e9s sur place vers 20h20, les agents p\u00e9n\u00e8trent dans l\u2019appartement situ\u00e9 au troisi\u00e8me \u00e9tage avec l\u2019aide de la gardienne de l\u2019immeuble. Ils d\u00e9couvrent dans la salle de bains le corps sans vie d\u2019Amanda Glain. La(&#8230;)<\/p>\n<p class=\"mb-4 text-lg md:leading-8 break-words\"><a href=\"https:\/\/www.20minutes.fr\/justice\/4170586-20250902-paris-moment-perds-completement-pedales-derive-sanglante-policier-jaloux-impulsif-assises?at_medium=RSS%20feed&amp;at_campaign=ynews&amp;utm_source=yahoo&amp;utm_medium=rss&amp;utm_campaign=news_feed&amp;utm_content=read_more_link&quot;\" rel=\"nofollow noopener\" target=\"_blank\" data-ylk=\"slk:Lire la suite sur 20minutes;elm:context_link;itc:0;sec:content-canvas\" class=\"link \">Lire la suite sur 20minutes<\/a><\/p>\n<p>\u00c0 lire aussi :<br \/><a href=\"https:\/\/www.20minutes.fr\/justice\/4115690-20241015-paris-ex-policier-cavale-arnaud-bonnefoy-juge-assises-meurtre-compagne?at_medium=RSS%20feed&amp;at_campaign=ynews&amp;utm_source=yahoo&amp;utm_medium=rss&amp;utm_campaign=news_feed&amp;utm_content=related_content_link\" rel=\"nofollow noopener\" target=\"_blank\" data-ylk=\"slk:Paris : L\u2019ex-policier en cavale Arnaud Bonnefoy sera jug\u00e9 aux assises pour le meurtre de sa compagne;elm:context_link;itc:0;sec:content-canvas\" class=\"link \">Paris : L\u2019ex-policier en cavale Arnaud Bonnefoy sera jug\u00e9 aux assises pour le meurtre de sa compagne<\/a><br \/><a href=\"https:\/\/www.20minutes.fr\/justice\/3241971-20220224-feminicide-paris-policier-soupconne-avoir-tue-compagne-ecroue-mis-examen?at_medium=RSS%20feed&amp;at_campaign=ynews&amp;utm_source=yahoo&amp;utm_medium=rss&amp;utm_campaign=news_feed&amp;utm_content=related_content_link\" rel=\"nofollow noopener\" target=\"_blank\" data-ylk=\"slk:F\u00e9minicide \u00e0 Paris : Le policier soup\u00e7onn\u00e9 d&#039;avoir tu\u00e9 sa compagne a \u00e9t\u00e9 \u00e9crou\u00e9 et mis en examen;elm:context_link;itc:0;sec:content-canvas\" class=\"link \">F\u00e9minicide \u00e0 Paris : Le policier soup\u00e7onn\u00e9 d&rsquo;avoir tu\u00e9 sa compagne a \u00e9t\u00e9 \u00e9crou\u00e9 et mis en examen<\/a><\/p>\n","protected":false},"excerpt":{"rendered":"proces &#8211; La cour d\u2019assises de Paris juge \u00e0 partir de ce mardi l\u2019ex-policier Arnaud Bonnefoy, arr\u00eat\u00e9 d\u00e9but&hellip;\n","protected":false},"author":2,"featured_media":360014,"comment_status":"","ping_status":"","sticky":false,"template":"","format":"standard","meta":{"footnotes":""},"categories":[1888],"tags":[8337,1111,1928,11,1927,49554,49553,22154,1777,674,1011,27,12,1926,626,1925,25],"class_list":{"0":"post-360013","1":"post","2":"type-post","3":"status-publish","4":"format-standard","5":"has-post-thumbnail","7":"category-paris","8":"tag-19e-arrondissement-de-paris","9":"tag-actu","10":"tag-actu-paris","11":"tag-actualites","12":"tag-actualites-paris","13":"tag-amanda-glain","14":"tag-arnaud-bonnefoy","15":"tag-chateau-de-versailles","16":"tag-eu","17":"tag-europe","18":"tag-fr","19":"tag-france","20":"tag-news","21":"tag-news-paris","22":"tag-paris","23":"tag-paris-news","24":"tag-republique-francaise"},"share_on_mastodon":{"url":"https:\/\/pubeurope.com\/@fr\/115133031734734990","error":""},"_links":{"self":[{"href":"https:\/\/www.europesays.com\/fr\/wp-json\/wp\/v2\/posts\/360013","targetHints":{"allow":["GET"]}}],"collection":[{"href":"https:\/\/www.europesays.com\/fr\/wp-json\/wp\/v2\/posts"}],"about":[{"href":"https:\/\/www.europesays.com\/fr\/wp-json\/wp\/v2\/types\/post"}],"author":[{"embeddable":true,"href":"https:\/\/www.europesays.com\/fr\/wp-json\/wp\/v2\/users\/2"}],"replies":[{"embeddable":true,"href":"https:\/\/www.europesays.com\/fr\/wp-json\/wp\/v2\/comments?post=360013"}],"version-history":[{"count":0,"href":"https:\/\/www.europesays.com\/fr\/wp-json\/wp\/v2\/posts\/360013\/revisions"}],"wp:featuredmedia":[{"embeddable":true,"href":"https:\/\/www.europesays.com\/fr\/wp-json\/wp\/v2\/media\/360014"}],"wp:attachment":[{"href":"https:\/\/www.europesays.com\/fr\/wp-json\/wp\/v2\/media?parent=360013"}],"wp:term":[{"taxonomy":"category","embeddable":true,"href":"https:\/\/www.europesays.com\/fr\/wp-json\/wp\/v2\/categories?post=360013"},{"taxonomy":"post_tag","embeddable":true,"href":"https:\/\/www.europesays.com\/fr\/wp-json\/wp\/v2\/tags?post=360013"}],"curies":[{"name":"wp","href":"https:\/\/api.w.org\/{rel}","templated":true}]}}