{"id":360019,"date":"2025-09-02T05:25:22","date_gmt":"2025-09-02T05:25:22","guid":{"rendered":"https:\/\/www.europesays.com\/fr\/360019\/"},"modified":"2025-09-02T05:25:22","modified_gmt":"2025-09-02T05:25:22","slug":"le-petrole-grimpe-alors-que-les-tensions-russie-ukraine-ravivent-les-craintes-sur-loffre-zonebourse","status":"publish","type":"post","link":"https:\/\/www.europesays.com\/fr\/360019\/","title":{"rendered":"Le p\u00e9trole grimpe alors que les tensions Russie-Ukraine ravivent les craintes sur l&#039;offre &#8211; Zonebourse"},"content":{"rendered":"<ol>\n<li><a href=\"https:\/\/news.google.com\/rss\/articles\/CBMi5AFBVV95cUxNY2l4Yy1iMGs3dWVKUjNJbVJEV2hyZDFiVnJONUw0ZGY2QzZTbUtGZVEtZlVyTlJDWm1ic2hPVHY4bGpydlMzQVppa2RERFpYLU9UXzRnaWRHQi1qWWQ4dHlmYzQ2M2dzREdWVy16NXZtWTkzWDBTZUJfZ2FwTXJsVUZzc1k1Z3I4eXpSSWwyRW9MQ2NwaUljZWhvQ3FqNHUzYUF3NWEzbTdpb3ZlSWRSQWtSUkdlY0NiVk5vcHo3NHdnajYwLWpKbktLWTBGV0U5aVFVMU9rbEplOU9KMVhyWk1ObmI?oc=5\" target=\"_blank\" rel=\"nofollow noopener\">Le p\u00e9trole grimpe alors que les tensions Russie-Ukraine ravivent les craintes sur l&rsquo;offre<\/a>&nbsp;&nbsp;Zonebourse<\/li>\n<li><a href=\"https:\/\/news.google.com\/rss\/articles\/CBMi5AFBVV95cUxQanFTXzEwakd3eE9VcENxNENLcWlDS1lwMDR6el9uaUpYSVhOeWR3dklXYTNpYTlxa2JIY2lNbFFoYkFWaDlrN0wxV0VyVEJuMjA3ekFBenE0ZTFMSVZtaGdfSjJXZUlZbzQzRm9DZ0RKZFdnMEFBRkMwTHFFdHlsOWUxcGRzRkVPM1UyWnBBOVg2M09URzJaU2Nmbl93WmNyUDdhaG5MamktRjNYWER2bDYyOURYdi16dmJFYzB4U3JaM1ZnRFZhaHFmTXlwVWEzSTF6VklyNGx2Uy1YSVhtSG44TVY?oc=5\" target=\"_blank\" rel=\"nofollow noopener\">Le p\u00e9trole cl\u00f4ture en hausse, soutenu par la faiblesse du dollar et les perturbations de l&rsquo;offre russe<\/a>&nbsp;&nbsp;Zonebourse Suisse<\/li>\n<li><a href=\"https:\/\/news.google.com\/rss\/articles\/CBMizgFBVV95cUxOeVdrRTI4WWxEWFdBYUY5Y3YycHBTQ2VkbUo0WGZDLWdKcWE3WkhoMWlRaEVHS2xvSWpRamM3SEx3MXBpVUpWSUtWOTZYWkNQbU5xdGJxQkhmQzRVa1EtdVV3dlVZRl9oS1l2c1QzaEdWRDNJbTRWckFoNm9Yc3lwNkNUb0VrRzI3VERzN1ZFMDFtZ1paalptaDF5TFk3dVVhc3p6Y2VPSjVWZHB1WEhKU090NTd1MGpuVlhaM0JwbHlpcG1IbXp4Ym9ONHlDdw?oc=5\" target=\"_blank\" rel=\"nofollow noopener\">P\u00e9trole : le bras de fer entre Trump et l&rsquo;Inde d\u00e9soriente les march\u00e9s<\/a>&nbsp;&nbsp;Les Echos<\/li>\n<li><a href=\"https:\/\/news.google.com\/rss\/articles\/CBMirgFBVV95cUxORi1lTE91M0Njby16d2lJZnRPV0d2WXpqYnNJUEFoZHhRRnhhOTZnYlVqZi1zZVBpYXRVbC1RX2JpaURWVkxoN21tQURITGhxWEZmZ090UTVFeTRUQ0tnT2JjbnFJaEplYkc2Z1ZBamhTYkkzdzNITjIycTU4TVFBTnpfV01WNTcyeHhXTTU3V2RPX25YY2lzMGdMQWtiVk9SaGhGY2p2Q1dpVEt4QlE?oc=5\" target=\"_blank\" rel=\"nofollow noopener\">Le cours du p\u00e9trole chute \u00e0 l\u2019ouverture europ\u00e9enne : le WTI passe sous les 64 $<\/a>&nbsp;&nbsp;BDOR<\/li>\n<li><a href=\"https:\/\/news.google.com\/rss\/articles\/CBMifEFVX3lxTE9yempPSV9kb1ByektVRk9wQ0RZc0FYWjVkYTJiR2VSWm15T3pQTHpkWWJWRmRiT04xU0o4bXFRUDF2UW5rQUVMZnpYYmhJMDNtaGNGSC1lQmU5REhxT0sxZ1RrVnp6a2xtNG9SVTQwVm9uZXQxVC0yRXJqUmI?oc=5\" target=\"_blank\" rel=\"nofollow noopener\">Prix \u00e0 la pompe : le litre en dessous d\u20191,40 \u20ac d\u00e8s 2027 ?<\/a>&nbsp;&nbsp;L&rsquo;Automobiliste<\/li>\n<\/ol>\n","protected":false},"excerpt":{"rendered":"Le p\u00e9trole grimpe alors que les tensions Russie-Ukraine ravivent les craintes sur l&rsquo;offre&nbsp;&nbsp;Zonebourse Le p\u00e9trole cl\u00f4ture en hausse,&hellip;\n","protected":false},"author":2,"featured_media":2490,"comment_status":"","ping_status":"","sticky":false,"template":"","format":"standard","meta":{"footnotes":""},"categories":[1591],"tags":[11,340,1887,12,1885,1886,132],"class_list":{"0":"post-360019","1":"post","2":"type-post","3":"status-publish","4":"format-standard","5":"has-post-thumbnail","7":"category-russie","8":"tag-actualites","9":"tag-bourse","10":"tag-federation-de-russie","11":"tag-news","12":"tag-russia","13":"tag-russian-federation","14":"tag-russie"},"share_on_mastodon":{"url":"https:\/\/pubeurope.com\/@fr\/115133043496548979","error":""},"_links":{"self":[{"href":"https:\/\/www.europesays.com\/fr\/wp-json\/wp\/v2\/posts\/360019","targetHints":{"allow":["GET"]}}],"collection":[{"href":"https:\/\/www.europesays.com\/fr\/wp-json\/wp\/v2\/posts"}],"about":[{"href":"https:\/\/www.europesays.com\/fr\/wp-json\/wp\/v2\/types\/post"}],"author":[{"embeddable":true,"href":"https:\/\/www.europesays.com\/fr\/wp-json\/wp\/v2\/users\/2"}],"replies":[{"embeddable":true,"href":"https:\/\/www.europesays.com\/fr\/wp-json\/wp\/v2\/comments?post=360019"}],"version-history":[{"count":0,"href":"https:\/\/www.europesays.com\/fr\/wp-json\/wp\/v2\/posts\/360019\/revisions"}],"wp:featuredmedia":[{"embeddable":true,"href":"https:\/\/www.europesays.com\/fr\/wp-json\/wp\/v2\/media\/2490"}],"wp:attachment":[{"href":"https:\/\/www.europesays.com\/fr\/wp-json\/wp\/v2\/media?parent=360019"}],"wp:term":[{"taxonomy":"category","embeddable":true,"href":"https:\/\/www.europesays.com\/fr\/wp-json\/wp\/v2\/categories?post=360019"},{"taxonomy":"post_tag","embeddable":true,"href":"https:\/\/www.europesays.com\/fr\/wp-json\/wp\/v2\/tags?post=360019"}],"curies":[{"name":"wp","href":"https:\/\/api.w.org\/{rel}","templated":true}]}}