{"id":360024,"date":"2025-09-02T05:28:10","date_gmt":"2025-09-02T05:28:10","guid":{"rendered":"https:\/\/www.europesays.com\/fr\/360024\/"},"modified":"2025-09-02T05:28:10","modified_gmt":"2025-09-02T05:28:10","slug":"eli-lilly-releve-fortement-le-prix-de-mounjaro","status":"publish","type":"post","link":"https:\/\/www.europesays.com\/fr\/360024\/","title":{"rendered":"Eli Lilly rel\u00e8ve fortement le prix de Mounjaro"},"content":{"rendered":"<p><strong>Le g\u00e9ant pharmaceutique am\u00e9ricain Eli Lilly a relev\u00e9 le prix de son m\u00e9dicament contre la perte de poids et le diab\u00e8te de type 2, Mounjaro, au Royaume-Uni. Il l\u2019augmente de 170%, le faisant passer de 122 livres \u00e0 330 livres (164,81 dollars \u00e0 445,80 dollars). Cette d\u00e9cision survient apr\u00e8s que le pr\u00e9sident Donald Trump a intensifi\u00e9 la pression sur les fabricants de m\u00e9dicaments US pour qu\u2019ils r\u00e9duisent les prix aux \u00c9tats-Unis et les rehaussent \u00e0 l\u2019\u00e9tranger. <\/strong><\/p>\n<p>Le groupe pharmaceutique am\u00e9ricain Eli Lilly a augment\u00e9 le prix catalogue de son m\u00e9dicament Mounjaro au Royaume-Uni, de jusqu\u2019\u00e0 170 %, le 1er septembre. Ainsi, le tarif d\u2019un mois d\u2019approvisionnement de la dose la plus \u00e9lev\u00e9e passe de 122 livres \u00e0 330 livres (164,81 dollars \u00e0 445,80 dollars).<\/p>\n<p><strong>Eli Lilly a garanti l\u2019approvisionnement et l\u2019acc\u00e8s de Mounjaro avant le 1er septembre <\/strong><\/p>\n<p>Lanc\u00e9 en f\u00e9vrier 2024 au Royaume-Uni, Mounjaro est un traitement contre la perte de poids et le diab\u00e8te de type 2. Il a rapidement connu un succ\u00e8s sur le march\u00e9 des pharmacies en ligne dans le pays, au point de d\u00e9passer les ventes de Wegovy, produit concurrent de Novo Nordisk. Eli Lilly explique avoir initialement accept\u00e9 un prix nettement inf\u00e9rieur pour faciliter l\u2019acc\u00e8s du m\u00e9dicament aux patients, via le National Health Service (NHS). Le groupe a \u00e9galement trouv\u00e9 un accord avec le gouvernement britannique pour garantir la continuit\u00e9 de l\u2019approvisionnement et de l\u2019acc\u00e8s, sans impact pour les personnes \u00e9ligibles.<\/p>\n<p><strong>Les livraisons de Mounjaro au Royaume-Uni suspendues dans la perspective de la hausse des prix <\/strong><\/p>\n<p>Dans la perspective de cette hausse en septembre, Eli Lilly avait suspendu temporairement les livraisons de Mounjaro au Royaume-Uni. Mais le laboratoire pharmaceutique a continu\u00e9 de garantir des allocations sp\u00e9cifiques \u00e0 certaines pharmacies et certains fournisseurs afin de g\u00e9rer les stocks et d\u2019assurer l\u2019acc\u00e8s des patients au traitement. Il a finalement repris les commandes de Mounjaro le 1er septembre, le jour de l\u2019augmentation des tarifs.<\/p>\n<p><strong>Eli Lilly se conforme au v\u0153u de Donald Trump <\/strong><\/p>\n<p>Eli Lilly a d\u00e9cid\u00e9 de revaloriser les prix de son m\u00e9dicament suite aux pressions exerc\u00e9es par la Maison Blanche pour que les fabricants de m\u00e9dicaments am\u00e9ricains augmentent les prix de leurs traitements en Europe afin de permettre des r\u00e9ductions aux \u00c9tats-Unis. En juillet, Donald Trump a \u00e9crit \u00e0 17 des plus grands groupes pharmaceutiques du monde, y compris Eli Lilly, Novo Nordisk et Pfizer, pour les inviter \u00e0 baisser leurs tarifs, dans le cadre de sa politique de \u00ab nation la plus favoris\u00e9e \u00bb.<\/p>\n<p><strong>Eli Lilly compte relever le prix de son m\u00e9dicament dans d\u2019autres \u00c9tats europ\u00e9ens <\/strong><\/p>\n<p>Le pr\u00e9sident am\u00e9ricain s\u2019est adress\u00e9 en particulier aux entreprises de son pays pour qu\u2019elles fassent tout leur possible pour \u00ab prot\u00e9ger les familles am\u00e9ricaines contre la poursuite des pratiques abusives de tarification des m\u00e9dicaments \u00bb. Selon lui, si elles ne se conformaient pas \u00e0 sa demande, d\u2019autres pays d\u00e9velopp\u00e9s continueront de profiter \u00ab gratuitement de l\u2019innovation am\u00e9ricaine \u00bb. Apr\u00e8s le Royaume-Uni, Eli Lilly compte relever le prix de son m\u00e9dicament dans d\u2019autres \u00c9tats europ\u00e9ens. Malgr\u00e9 ces efforts, le groupe doit se pr\u00e9parer \u00e0 encaisser les droits de douane sur les m\u00e9dicaments import\u00e9s aux \u00c9tats-Unis. Il pr\u00e9vient que cette d\u00e9cision pourrait provoquer une hausse des co\u00fbts et limiter l\u2019acc\u00e8s aux m\u00e9dicaments.<\/p>\n","protected":false},"excerpt":{"rendered":"Le g\u00e9ant pharmaceutique am\u00e9ricain Eli Lilly a relev\u00e9 le prix de son m\u00e9dicament contre la perte de poids&hellip;\n","protected":false},"author":2,"featured_media":360025,"comment_status":"","ping_status":"","sticky":false,"template":"","format":"standard","meta":{"footnotes":""},"categories":[1588],"tags":[11,234,1777,674,225,45987,12,233,473,1853,1851,1850,1852],"class_list":{"0":"post-360024","1":"post","2":"type-post","3":"status-publish","4":"format-standard","5":"has-post-thumbnail","7":"category-royaume-uni","8":"tag-actualites","9":"tag-diabete","10":"tag-eu","11":"tag-europe","12":"tag-medicament","13":"tag-mounjaro","14":"tag-news","15":"tag-obesite","16":"tag-royaume-uni","17":"tag-royaume-uni-de-grande-bretagne-et-dirlande-du-nord","18":"tag-uk","19":"tag-united-kingdom","20":"tag-united-kingdom-of-great-britain-and-northern-ireland"},"share_on_mastodon":{"url":"https:\/\/pubeurope.com\/@fr\/115133055232361473","error":""},"_links":{"self":[{"href":"https:\/\/www.europesays.com\/fr\/wp-json\/wp\/v2\/posts\/360024","targetHints":{"allow":["GET"]}}],"collection":[{"href":"https:\/\/www.europesays.com\/fr\/wp-json\/wp\/v2\/posts"}],"about":[{"href":"https:\/\/www.europesays.com\/fr\/wp-json\/wp\/v2\/types\/post"}],"author":[{"embeddable":true,"href":"https:\/\/www.europesays.com\/fr\/wp-json\/wp\/v2\/users\/2"}],"replies":[{"embeddable":true,"href":"https:\/\/www.europesays.com\/fr\/wp-json\/wp\/v2\/comments?post=360024"}],"version-history":[{"count":0,"href":"https:\/\/www.europesays.com\/fr\/wp-json\/wp\/v2\/posts\/360024\/revisions"}],"wp:featuredmedia":[{"embeddable":true,"href":"https:\/\/www.europesays.com\/fr\/wp-json\/wp\/v2\/media\/360025"}],"wp:attachment":[{"href":"https:\/\/www.europesays.com\/fr\/wp-json\/wp\/v2\/media?parent=360024"}],"wp:term":[{"taxonomy":"category","embeddable":true,"href":"https:\/\/www.europesays.com\/fr\/wp-json\/wp\/v2\/categories?post=360024"},{"taxonomy":"post_tag","embeddable":true,"href":"https:\/\/www.europesays.com\/fr\/wp-json\/wp\/v2\/tags?post=360024"}],"curies":[{"name":"wp","href":"https:\/\/api.w.org\/{rel}","templated":true}]}}