{"id":360027,"date":"2025-09-02T05:30:16","date_gmt":"2025-09-02T05:30:16","guid":{"rendered":"https:\/\/www.europesays.com\/fr\/360027\/"},"modified":"2025-09-02T05:30:16","modified_gmt":"2025-09-02T05:30:16","slug":"simplifier-le-mot-dordre-dursula-von-der-leyen","status":"publish","type":"post","link":"https:\/\/www.europesays.com\/fr\/360027\/","title":{"rendered":"\u00ab\u00a0simplifier\u00a0\u00bb, le mot d\u2019ordre d\u2019Ursula von der Leyen"},"content":{"rendered":"<p>\u00c0 Bruxelles et \u00e0 Strasbourg, dans la perspective du discours sur l\u2019\u00e9tat de l\u2019Union que la pr\u00e9sidente de la Commission europ\u00e9enne Ursula von der Leyen tiendra mercredi 10\u00a0septembre devant le Parlement europ\u00e9en, les grilles de \u00ab\u00a0bingo\u00a0\u00bb sont pr\u00eates. C\u2019est le jeu pr\u00e9f\u00e9r\u00e9 de ceux qui suivent cet exercice annuel, une mani\u00e8re de rendre l\u2019instant moins solennel. Il y a un mot par case, et si le mot est prononc\u00e9, la case est coch\u00e9e. Or cette ann\u00e9e, un terme y fait son apparition\u00a0: la \u00ab\u00a0simplification\u00a0\u00bb.<\/p>\n<p>Cet article est r\u00e9serv\u00e9 aux abonn\u00e9s<\/p>\n<p>\n                    Vous souhaitez lire la suite\u00a0? Abonnez-vous sans engagement \u00e0 notre offre num\u00e9rique\n                <\/p>\n<p>                <a href=\"https:\/\/www.la-croix.com\/abonnement\" class=\"default-paywall__subscribe-button\" data-tracking=\"cta_click\" data-tracking-action=\"voir la page abonnement\" data-tracking-category=\"abonnement\" rel=\"nofollow noopener\" target=\"_blank\">Je m&rsquo;abonne<\/a><\/p>\n","protected":false},"excerpt":{"rendered":"\u00c0 Bruxelles et \u00e0 Strasbourg, dans la perspective du discours sur l\u2019\u00e9tat de l\u2019Union que la pr\u00e9sidente de&hellip;\n","protected":false},"author":2,"featured_media":360028,"comment_status":"","ping_status":"","sticky":false,"template":"","format":"standard","meta":{"footnotes":""},"categories":[1586],"tags":[11,1777,674,1011,27,12,25],"class_list":{"0":"post-360027","1":"post","2":"type-post","3":"status-publish","4":"format-standard","5":"has-post-thumbnail","7":"category-europe","8":"tag-actualites","9":"tag-eu","10":"tag-europe","11":"tag-fr","12":"tag-france","13":"tag-news","14":"tag-republique-francaise"},"share_on_mastodon":{"url":"https:\/\/pubeurope.com\/@fr\/115133063144044493","error":""},"_links":{"self":[{"href":"https:\/\/www.europesays.com\/fr\/wp-json\/wp\/v2\/posts\/360027","targetHints":{"allow":["GET"]}}],"collection":[{"href":"https:\/\/www.europesays.com\/fr\/wp-json\/wp\/v2\/posts"}],"about":[{"href":"https:\/\/www.europesays.com\/fr\/wp-json\/wp\/v2\/types\/post"}],"author":[{"embeddable":true,"href":"https:\/\/www.europesays.com\/fr\/wp-json\/wp\/v2\/users\/2"}],"replies":[{"embeddable":true,"href":"https:\/\/www.europesays.com\/fr\/wp-json\/wp\/v2\/comments?post=360027"}],"version-history":[{"count":0,"href":"https:\/\/www.europesays.com\/fr\/wp-json\/wp\/v2\/posts\/360027\/revisions"}],"wp:featuredmedia":[{"embeddable":true,"href":"https:\/\/www.europesays.com\/fr\/wp-json\/wp\/v2\/media\/360028"}],"wp:attachment":[{"href":"https:\/\/www.europesays.com\/fr\/wp-json\/wp\/v2\/media?parent=360027"}],"wp:term":[{"taxonomy":"category","embeddable":true,"href":"https:\/\/www.europesays.com\/fr\/wp-json\/wp\/v2\/categories?post=360027"},{"taxonomy":"post_tag","embeddable":true,"href":"https:\/\/www.europesays.com\/fr\/wp-json\/wp\/v2\/tags?post=360027"}],"curies":[{"name":"wp","href":"https:\/\/api.w.org\/{rel}","templated":true}]}}